{"id":132660,"date":"2013-05-21T00:10:20","date_gmt":"2013-05-21T05:10:20","guid":{"rendered":"http:\/\/www.diarioimagen.net\/?p=132660"},"modified":"2013-05-21T02:49:55","modified_gmt":"2013-05-21T07:49:55","slug":"legislatura-mexiquense-espacio-abierto-a-la-cultura","status":"publish","type":"post","link":"https:\/\/www.diarioimagen.net\/?p=132660","title":{"rendered":"Legislatura mexiquense, espacio abierto a la cultura"},"content":{"rendered":"<ul>\n<li><em><b>Inauguran exposici\u00f3n pict\u00f3rica<\/b><\/em><\/li>\n<\/ul>\n<p>&nbsp;<\/p>\n<div id=\"attachment_132663\" style=\"width: 250px\" class=\"wp-caption alignleft\"><a href=\"http:\/\/www.diarioimagen.net\/wp-content\/uploads\/2013\/05\/LEGISLATURA-2102.jpg\"><img loading=\"lazy\" decoding=\"async\" aria-describedby=\"caption-attachment-132663\" class=\"size-medium wp-image-132663\" alt=\"Los diputados de la actual legislatura inauguraron una exposici\u00f3n de pinturas y acuarelas curada por el \u201cClub Amigos del Museo de la Acuarela\u201d.\" src=\"http:\/\/www.diarioimagen.net\/wp-content\/uploads\/2013\/05\/LEGISLATURA-2102-240x135.jpg\" width=\"240\" height=\"135\" srcset=\"https:\/\/www.diarioimagen.net\/wp-content\/uploads\/2013\/05\/LEGISLATURA-2102-240x135.jpg 240w, https:\/\/www.diarioimagen.net\/wp-content\/uploads\/2013\/05\/LEGISLATURA-2102-420x236.jpg 420w, https:\/\/www.diarioimagen.net\/wp-content\/uploads\/2013\/05\/LEGISLATURA-2102-235x132.jpg 235w, https:\/\/www.diarioimagen.net\/wp-content\/uploads\/2013\/05\/LEGISLATURA-2102-202x114.jpg 202w, https:\/\/www.diarioimagen.net\/wp-content\/uploads\/2013\/05\/LEGISLATURA-2102-350x196.jpg 350w, https:\/\/www.diarioimagen.net\/wp-content\/uploads\/2013\/05\/LEGISLATURA-2102-220x123.jpg 220w, https:\/\/www.diarioimagen.net\/wp-content\/uploads\/2013\/05\/LEGISLATURA-2102-237x132.jpg 237w, https:\/\/www.diarioimagen.net\/wp-content\/uploads\/2013\/05\/LEGISLATURA-2102.jpg 480w\" sizes=\"auto, (max-width: 240px) 100vw, 240px\" \/><\/a><p id=\"caption-attachment-132663\" class=\"wp-caption-text\">Los diputados de la actual legislatura inauguraron una exposici\u00f3n de pinturas y acuarelas curada por el \u201cClub Amigos del Museo de la Acuarela\u201d.<\/p><\/div>\n<p>Expresi\u00f3n de sentimientos, emociones y anhelos, se encuentran integrados en la muestra pict\u00f3rica de la asociaci\u00f3n civil \u201cAmigos del Museo de la Acuarela\u201d, inaugurada por el diputado Fernando Garc\u00eda Enr\u00edquez, del grupo parlamentario Verde Ecologista en la LVIII Legislatura mexiquense, en el vest\u00edbulo del Palacio Legislativo.<\/p>\n<p>Previo al corte del list\u00f3n inaugural, Fernando Garc\u00eda felicit\u00f3 a los pintores que muestran a trav\u00e9s de sus obras, talento y creatividad, al tiempo que agradeci\u00f3 el apoyo del diputado Aar\u00f3n Urbina Bedolla, presidente de la Junta de Coordinaci\u00f3n Pol\u00edtica del Congreso estatal, para llevar a cabo esta exposici\u00f3n que consta de 27 obras de acuarela, de igual n\u00famero de artistas.<\/p>\n<p>Ram\u00f3n Larrauri Torroella, presidente de \u201cAmigos del Museo de la Acuarela\u201d, agradeci\u00f3 el apoyo otorgado por el legislador, y reconoci\u00f3 que el vest\u00edbulo de la Legislatura local es un espacio abierto a las expresiones art\u00edsticas.<\/p>\n<p>Adem\u00e1s, anunci\u00f3 que en reconocimiento por su trabajo como promotor de la cultura y las artes, nombrar\u00e1n a Fernando Garc\u00eda, miembro honorario de la asociaci\u00f3n.<\/p>\n<p>Por su parte, el director del Museo de la Acuarela del Estado de M\u00e9xico, Benito Nogueira Ruiz, se sum\u00f3 al reconocimiento a la Legislatura y felicit\u00f3 a los artistas que plasman interpretaciones de paisajes y figuras, as\u00ed como de naturaleza muerta. Se\u00f1al\u00f3 que la t\u00e9cnica de acuarela es complicada y de dif\u00edcil manejo; sin embargo, en esta muestra se aprecia el talento de los alumnos.<\/p>\n<p>La exposici\u00f3n se integra por obras de Gertrudis Corvera, Malena Moreno, Sonia Cort\u00e9s, Martha Gayt\u00e1n, Carmen de Garay, Cristina Cimbr\u00f3n, Leilan Torres, Carmen Silva, Mar\u00eda del Carmen Miranda, Laura V\u00e1zquez, Nora D\u00edaz, Salvador Orozco, Federico C\u00f3rdova, Ram\u00f3n Larrauri, Tina Le\u00f3n, Noem\u00ed Vargas, Anais Galazza, Teresa G\u00f3mez, Mar\u00eda Luisa Montemayor, Victoria Casta\u00f1eda, Yolanda Galv\u00e1n, Ricardo Baraza, Carlos Guti\u00e9rrez, Joaqu\u00edn Enr\u00edquez, Gabriela Michaus, Vicente Mac\u00edas y Rosario Morales, quienes encuentran en la acuarela y su versatilidad, la f\u00f3rmula para sus creaciones.<\/p>\n<p>&nbsp;<\/p>\n","protected":false},"excerpt":{"rendered":"<p>Expresi\u00f3n de sentimientos, emociones y anhelos, se encuentran integrados en la muestra pict\u00f3rica de la asociaci\u00f3n civil \u201cAmigos del Museo de la Acuarela\u201d, inaugurada por el diputado Fernando Garc\u00eda Enr\u00edquez, del grupo parlamentario Verde Ecologista en la LVIII Legislatura mexiquense, en el vest\u00edbulo del Palacio Legislativo.<\/p>\n","protected":false},"author":1,"featured_media":132663,"comment_status":"open","ping_status":"open","sticky":false,"template":"","format":"standard","meta":{"_monsterinsights_skip_tracking":false,"_monsterinsights_sitenote_active":false,"_monsterinsights_sitenote_note":"","_monsterinsights_sitenote_category":0,"footnotes":""},"categories":[5],"tags":[43675,6022],"class_list":["post-132660","post","type-post","status-publish","format-standard","has-post-thumbnail","hentry","category-estado-de-mexico","tag-estado-de-mexico","tag-legislatura-mexiquense"],"_links":{"self":[{"href":"https:\/\/www.diarioimagen.net\/index.php?rest_route=\/wp\/v2\/posts\/132660","targetHints":{"allow":["GET"]}}],"collection":[{"href":"https:\/\/www.diarioimagen.net\/index.php?rest_route=\/wp\/v2\/posts"}],"about":[{"href":"https:\/\/www.diarioimagen.net\/index.php?rest_route=\/wp\/v2\/types\/post"}],"author":[{"embeddable":true,"href":"https:\/\/www.diarioimagen.net\/index.php?rest_route=\/wp\/v2\/users\/1"}],"replies":[{"embeddable":true,"href":"https:\/\/www.diarioimagen.net\/index.php?rest_route=%2Fwp%2Fv2%2Fcomments&post=132660"}],"version-history":[{"count":0,"href":"https:\/\/www.diarioimagen.net\/index.php?rest_route=\/wp\/v2\/posts\/132660\/revisions"}],"wp:featuredmedia":[{"embeddable":true,"href":"https:\/\/www.diarioimagen.net\/index.php?rest_route=\/wp\/v2\/media\/132663"}],"wp:attachment":[{"href":"https:\/\/www.diarioimagen.net\/index.php?rest_route=%2Fwp%2Fv2%2Fmedia&parent=132660"}],"wp:term":[{"taxonomy":"category","embeddable":true,"href":"https:\/\/www.diarioimagen.net\/index.php?rest_route=%2Fwp%2Fv2%2Fcategories&post=132660"},{"taxonomy":"post_tag","embeddable":true,"href":"https:\/\/www.diarioimagen.net\/index.php?rest_route=%2Fwp%2Fv2%2Ftags&post=132660"}],"curies":[{"name":"wp","href":"https:\/\/api.w.org\/{rel}","templated":true}]}}