{"id":132680,"date":"2013-05-21T00:09:37","date_gmt":"2013-05-21T05:09:37","guid":{"rendered":"http:\/\/www.diarioimagen.net\/?p=132680"},"modified":"2013-05-21T03:02:17","modified_gmt":"2013-05-21T08:02:17","slug":"sspdf-mejorara-su-servicio-con-166-millones-de-pesos","status":"publish","type":"post","link":"https:\/\/www.diarioimagen.net\/?p=132680","title":{"rendered":"SSPDF mejorar\u00e1 su servicio con 166 millones de pesos"},"content":{"rendered":"<ul>\n<li><em><strong>Los recursos provendr\u00e1n del convenio de adhesi\u00f3n para el fortalecimiento de las instituciones de seguridad p\u00fablica<\/strong><\/em><\/li>\n<\/ul>\n<p>&nbsp;<\/p>\n<div id=\"attachment_132682\" style=\"width: 250px\" class=\"wp-caption alignleft\"><a href=\"http:\/\/www.diarioimagen.net\/wp-content\/uploads\/2013\/05\/seguridad-2102.jpg\"><img loading=\"lazy\" decoding=\"async\" aria-describedby=\"caption-attachment-132682\" class=\"size-medium wp-image-132682\" alt=\"La Secretar\u00eda de Seguridad P\u00fablica del Distrito Federal renovar\u00e1 su parque vehicula,r merced a un convenio con el Subsemun.\" src=\"http:\/\/www.diarioimagen.net\/wp-content\/uploads\/2013\/05\/seguridad-2102-240x135.jpg\" width=\"240\" height=\"135\" srcset=\"https:\/\/www.diarioimagen.net\/wp-content\/uploads\/2013\/05\/seguridad-2102-240x135.jpg 240w, https:\/\/www.diarioimagen.net\/wp-content\/uploads\/2013\/05\/seguridad-2102-420x236.jpg 420w, https:\/\/www.diarioimagen.net\/wp-content\/uploads\/2013\/05\/seguridad-2102-235x132.jpg 235w, https:\/\/www.diarioimagen.net\/wp-content\/uploads\/2013\/05\/seguridad-2102-202x114.jpg 202w, https:\/\/www.diarioimagen.net\/wp-content\/uploads\/2013\/05\/seguridad-2102-350x196.jpg 350w, https:\/\/www.diarioimagen.net\/wp-content\/uploads\/2013\/05\/seguridad-2102-220x123.jpg 220w, https:\/\/www.diarioimagen.net\/wp-content\/uploads\/2013\/05\/seguridad-2102-237x132.jpg 237w, https:\/\/www.diarioimagen.net\/wp-content\/uploads\/2013\/05\/seguridad-2102.jpg 480w\" sizes=\"auto, (max-width: 240px) 100vw, 240px\" \/><\/a><p id=\"caption-attachment-132682\" class=\"wp-caption-text\">La Secretar\u00eda de Seguridad P\u00fablica del Distrito Federal renovar\u00e1 su parque vehicula,r merced a un convenio con el Subsemun.<\/p><\/div>\n<p>La Secretar\u00eda de Seguridad P\u00fablica del Distrito Federal (SSPDF) recibir\u00e1 166 millones 845 mil 844 pesos, a trav\u00e9s de la Secretar\u00eda de Finanzas, para mejorar la calidad de su servicio en beneficio de la poblaci\u00f3n.<\/p>\n<p>La dependencia capitalina inform\u00f3 en un comunicado que dichos recursos se obtendr\u00e1n en el marco del \u201cConvenio espec\u00edfico de adhesi\u00f3n para el otorgamiento del subsidio a las entidades federativas para el fortalecimiento de sus instituciones de seguridad p\u00fablica\u201d.<\/p>\n<p>Dicho apoyo se destinar\u00e1 al fortalecimiento de las capacidades de evaluaci\u00f3n en control de confianza, la Red Nacional de Telecomunicaciones y el Sistema Nacional de Informaci\u00f3n, entre otros rubros, en el contexto de los Programas con Prioridad Nacional.<\/p>\n<p>La SSPDF abund\u00f3 que el acuerdo concede de manera \u00e1gil y directa, recursos presupuestarios federales del Subsidio para el Fortalecimiento de las Instituciones de Seguridad P\u00fablica, en materia de mando policial a la administraci\u00f3n capitalina.<\/p>\n<p>Lo anterior, destac\u00f3 la SSPDF, es resultado de las acciones de los Programas de Prioridad Nacional para incentivar la consolidaci\u00f3n de las instituciones policiales, en t\u00e9rminos de la Ley General del Sistema Nacional de Seguridad P\u00fablica, con la creaci\u00f3n de m\u00f3dulos o unidades adicionales de Polic\u00eda Estatal Acreditable.<\/p>\n<p>Precis\u00f3 que los recursos monetarios se destinar\u00e1n exclusivamente para la profesionalizaci\u00f3n de las instituciones de seguridad p\u00fablica de manera integral.<\/p>\n<p>La inversi\u00f3n de dichos recursos, puntualiz\u00f3, repercutir\u00e1 en la calidad de los servicios que brinda la SSPDF a la ciudadan\u00eda que habita o transita por la ciudad de M\u00e9xico y en la mejora de equipos necesarios para la realizaci\u00f3n del trabajo policial.<\/p>\n","protected":false},"excerpt":{"rendered":"<p>La Secretar\u00eda de Seguridad P\u00fablica del Distrito Federal (SSPDF) recibir\u00e1 166 millones 845 mil 844 pesos, a trav\u00e9s de la Secretar\u00eda de Finanzas, para mejorar la calidad de su servicio en beneficio de la poblaci\u00f3n.<\/p>\n","protected":false},"author":1,"featured_media":132682,"comment_status":"open","ping_status":"open","sticky":false,"template":"","format":"standard","meta":{"_monsterinsights_skip_tracking":false,"_monsterinsights_sitenote_active":false,"_monsterinsights_sitenote_note":"","_monsterinsights_sitenote_category":0,"footnotes":""},"categories":[6],"tags":[204,1425],"class_list":["post-132680","post","type-post","status-publish","format-standard","has-post-thumbnail","hentry","category-cd-de-mexico","tag-ciudad-de-mexico","tag-sspdf"],"_links":{"self":[{"href":"https:\/\/www.diarioimagen.net\/index.php?rest_route=\/wp\/v2\/posts\/132680","targetHints":{"allow":["GET"]}}],"collection":[{"href":"https:\/\/www.diarioimagen.net\/index.php?rest_route=\/wp\/v2\/posts"}],"about":[{"href":"https:\/\/www.diarioimagen.net\/index.php?rest_route=\/wp\/v2\/types\/post"}],"author":[{"embeddable":true,"href":"https:\/\/www.diarioimagen.net\/index.php?rest_route=\/wp\/v2\/users\/1"}],"replies":[{"embeddable":true,"href":"https:\/\/www.diarioimagen.net\/index.php?rest_route=%2Fwp%2Fv2%2Fcomments&post=132680"}],"version-history":[{"count":0,"href":"https:\/\/www.diarioimagen.net\/index.php?rest_route=\/wp\/v2\/posts\/132680\/revisions"}],"wp:featuredmedia":[{"embeddable":true,"href":"https:\/\/www.diarioimagen.net\/index.php?rest_route=\/wp\/v2\/media\/132682"}],"wp:attachment":[{"href":"https:\/\/www.diarioimagen.net\/index.php?rest_route=%2Fwp%2Fv2%2Fmedia&parent=132680"}],"wp:term":[{"taxonomy":"category","embeddable":true,"href":"https:\/\/www.diarioimagen.net\/index.php?rest_route=%2Fwp%2Fv2%2Fcategories&post=132680"},{"taxonomy":"post_tag","embeddable":true,"href":"https:\/\/www.diarioimagen.net\/index.php?rest_route=%2Fwp%2Fv2%2Ftags&post=132680"}],"curies":[{"name":"wp","href":"https:\/\/api.w.org\/{rel}","templated":true}]}}