{"id":132684,"date":"2013-05-21T00:07:23","date_gmt":"2013-05-21T05:07:23","guid":{"rendered":"http:\/\/www.diarioimagen.net\/?p=132684"},"modified":"2013-05-21T03:04:42","modified_gmt":"2013-05-21T08:04:42","slug":"cfe-no-cortara-suministro-a-quejosos-por-cobros-excesivos","status":"publish","type":"post","link":"https:\/\/www.diarioimagen.net\/?p=132684","title":{"rendered":"CFE no cortar\u00e1 suministro a quejosos por cobros excesivos"},"content":{"rendered":"<p><a href=\"http:\/\/www.diarioimagen.net\/wp-content\/uploads\/2011\/01\/cfe-1519.jpg\"><img loading=\"lazy\" decoding=\"async\" class=\"alignleft size-medium wp-image-40597\" style=\"margin-right: 9px; margin-bottom: 9px;\" alt=\"cfe-1519\" src=\"http:\/\/www.diarioimagen.net\/wp-content\/uploads\/2011\/01\/cfe-1519-300x209.jpg\" width=\"240\" height=\"167\" \/><\/a>No habr\u00e1 corte de energ\u00eda el\u00e9ctrica, hasta que no se esclarezca y se revisen los cobros excesivos que aquejan a miles de usuarios, asegur\u00f3 el diputado Alejandro Ojeda, quien dijo que as\u00ed se establece en el convenio de colaboraci\u00f3n que firmar\u00e1n la\u00a0 ALDF y la Comisi\u00f3n Federal de Electricidad (CFE).<\/p>\n<p>El presidente de la Comisi\u00f3n Especial Sobre el Suministro y Cobro de Energ\u00eda El\u00e9ctrica en el Distrito Federal adelant\u00f3 que propondr\u00e1n tambi\u00e9n a CFE la tarifa social para la Ciudad de M\u00e9xico, con el fin de establecer tarifas que reconozcan zonas de alta marginaci\u00f3n y media marginaci\u00f3n.<\/p>\n<p>En entrevista luego de realizarse la segunda mesa de trabajo entre representantes de la ALDF, la CFE y el Gobierno del Distrito Federal (GDF), el legislador del PRD declar\u00f3 que hay disposici\u00f3n para avanzar y atender las miles de quejas que se desprenden por cobros que van de 3 mil, 4 mil y hasta 20 mil pesos sin que haya una explicaci\u00f3n sobre estos supuestos ajustes.<\/p>\n<p>Explic\u00f3 que en el convenio se deja claro el compromiso de la CFE de no cortar el suministro de energ\u00eda el\u00e9ctrica a quienes se acercaron a la ALDF para gestionar su queja, ya que ni en la CFE ni en la Procuradur\u00eda Federal del Consumidor (Profeco) atendieron de manera satisfactoria su solicitud de aclarar una facturaci\u00f3n exorbitante.<\/p>\n<p>&nbsp;<\/p>\n","protected":false},"excerpt":{"rendered":"<p>No habr\u00e1 corte de energ\u00eda el\u00e9ctrica, hasta que no se esclarezca y se revisen los cobros excesivos que aquejan a miles de usuarios, asegur\u00f3 el diputado Alejandro Ojeda, quien dijo que as\u00ed se establece en el convenio de colaboraci\u00f3n que firmar\u00e1n la  ALDF y la Comisi\u00f3n Federal de Electricidad (CFE).<\/p>\n","protected":false},"author":1,"featured_media":0,"comment_status":"open","ping_status":"open","sticky":false,"template":"","format":"standard","meta":{"_monsterinsights_skip_tracking":false,"_monsterinsights_sitenote_active":false,"_monsterinsights_sitenote_note":"","_monsterinsights_sitenote_category":0,"footnotes":""},"categories":[6],"tags":[139,204,27069],"class_list":["post-132684","post","type-post","status-publish","format-standard","hentry","category-cd-de-mexico","tag-cfe","tag-ciudad-de-mexico","tag-quejas"],"_links":{"self":[{"href":"https:\/\/www.diarioimagen.net\/index.php?rest_route=\/wp\/v2\/posts\/132684","targetHints":{"allow":["GET"]}}],"collection":[{"href":"https:\/\/www.diarioimagen.net\/index.php?rest_route=\/wp\/v2\/posts"}],"about":[{"href":"https:\/\/www.diarioimagen.net\/index.php?rest_route=\/wp\/v2\/types\/post"}],"author":[{"embeddable":true,"href":"https:\/\/www.diarioimagen.net\/index.php?rest_route=\/wp\/v2\/users\/1"}],"replies":[{"embeddable":true,"href":"https:\/\/www.diarioimagen.net\/index.php?rest_route=%2Fwp%2Fv2%2Fcomments&post=132684"}],"version-history":[{"count":0,"href":"https:\/\/www.diarioimagen.net\/index.php?rest_route=\/wp\/v2\/posts\/132684\/revisions"}],"wp:attachment":[{"href":"https:\/\/www.diarioimagen.net\/index.php?rest_route=%2Fwp%2Fv2%2Fmedia&parent=132684"}],"wp:term":[{"taxonomy":"category","embeddable":true,"href":"https:\/\/www.diarioimagen.net\/index.php?rest_route=%2Fwp%2Fv2%2Fcategories&post=132684"},{"taxonomy":"post_tag","embeddable":true,"href":"https:\/\/www.diarioimagen.net\/index.php?rest_route=%2Fwp%2Fv2%2Ftags&post=132684"}],"curies":[{"name":"wp","href":"https:\/\/api.w.org\/{rel}","templated":true}]}}