{"id":132701,"date":"2013-05-21T00:01:22","date_gmt":"2013-05-21T05:01:22","guid":{"rendered":"http:\/\/www.diarioimagen.net\/?p=132701"},"modified":"2013-05-22T02:35:08","modified_gmt":"2013-05-22T07:35:08","slug":"firmaron-convenio-para-el-rescate-del-acapulco-tradicional","status":"publish","type":"post","link":"https:\/\/www.diarioimagen.net\/?p=132701","title":{"rendered":"Firmaron convenio para el rescate del Acapulco Tradicional"},"content":{"rendered":"<h2>De cinco estrellas<\/h2>\n<h5>Victoria Gonz\u00e1lez Prado<\/h5>\n<p>&nbsp;<\/p>\n<ul>\n<li><em><strong>Claudia Ruiz Massieu inaugur\u00f3 el pabell\u00f3n de M\u00e9xico en la Feria Internacional IMEX 2013<\/strong><\/em><\/li>\n<li><em><strong>Tesoro Manzanillo recibi\u00f3 el distintivo M, por su programa de calidad Moderniza<\/strong><\/em><\/li>\n<li><em><strong>RCI present\u00f3 la iniciativa \u201cOne Heart, One Voice, One Mexico\u201d, en conjunto con la Universidad Panamericana<\/strong><\/em><\/li>\n<\/ul>\n<p>La Secretar\u00eda de Fomento Tur\u00edstico del gobierno de Guerrero (Sefotur) inform\u00f3 que la campa\u00f1a gestionada por el gobernador <b>\u00c1ngel Aguirre Rivero<\/b> ante la titular de la Secretar\u00eda de Turismo Federal (Sectur), <b>Claudia Ruiz Massieu<\/b>, abarcar\u00e1 los tres destinos del Tri\u00e1ngulo del Sol: Acapulco, Taxco e Ixtapa-Zihuatanejo, con el fin de mostrar al mundo que siguen intactos sus variados productos tur\u00edsticos, a pesar de los acontecimientos externos al turismo en Guerrero. El secretario de Fomento Tur\u00edstico, <b>Javier Aluni Montes<\/b>, detall\u00f3 que en la reciente gira de la representante federal para incrementar las acciones de promoci\u00f3n y la asignaci\u00f3n de recursos destinados al desarrollo de la actividad tur\u00edstica en Guerrero, se logr\u00f3 un convenio de 130 millones de pesos, m\u00e1s 100 millones de pesos adicionales para el rescate del Acapulco Tradicional, cifras que representan la mejor aportaci\u00f3n de la Sectur para la entidad en los \u00faltimos a\u00f1os. \u201cPudimos concretar acuerdos con el director general del Consejo de Promoci\u00f3n Tur\u00edstica de M\u00e9xico (CPTM), <b>Rodolfo L\u00f3pez Negrete<\/b>, para que la campa\u00f1a de promoci\u00f3n que se va a lanzar en medios masivos del pa\u00eds e internacionales abarque a los tres destinos del Tri\u00e1ngulo del Sol\u201d, explic\u00f3 <b>Aluni Montes<\/b>, y agreg\u00f3 que en coordinaci\u00f3n con el director ejecutivo de Operaci\u00f3n Comercial del CPTM, <b>Eligio Serna N\u00e1jera<\/b>, se trabajar\u00e1 en el dise\u00f1o de la campa\u00f1a promocional para asegurar impactos positivos en el turismo potencial, que se capitalicen en el incremento de la afluencia de visitantes hacia los destinos del Tri\u00e1ngulo del Sol.\u00a0 Precis\u00f3 que trabaja tambi\u00e9n con el director adjunto del CPTM, <b>Jorge Mezher Rage<\/b>, para la formaci\u00f3n del Comit\u00e9 Pro Tianguis 2015. <b>Javier Aluni<\/b>\u00a0 enfatiz\u00f3 que: \u201cUna de las tareas fundamentales del gobierno estatal es impulsar el turismo como palanca de desarrollo de la entidad, generar empleos e ingresos para las familias que trabajan en la industria, y ampliar la oferta tur\u00edstica del estado, lo que est\u00e1 en marcha con el apoyo a 24 destinos con vocaci\u00f3n tur\u00edstica en Guerrero\u201d. Al mismo tiempo hizo un llamado a coordinar esfuerzos en la preparaci\u00f3n del Tianguis Tur\u00edstico 2015, representativo para Guerrero, por tratarse de un evento promocional que surgi\u00f3 hace 38 a\u00f1os en esta entidad, y que festejar\u00e1 su 40 aniversario en su sede original: Acapulco.<\/p>\n<div id=\"attachment_132702\" style=\"width: 250px\" class=\"wp-caption alignleft\"><a href=\"http:\/\/www.diarioimagen.net\/wp-content\/uploads\/2013\/05\/turismo-2102.jpg\"><img loading=\"lazy\" decoding=\"async\" aria-describedby=\"caption-attachment-132702\" class=\"size-medium wp-image-132702\" alt=\"M\u00e9xico participa en IMEX 2013, en Frankfurt.\" src=\"http:\/\/www.diarioimagen.net\/wp-content\/uploads\/2013\/05\/turismo-2102-240x135.jpg\" width=\"240\" height=\"135\" srcset=\"https:\/\/www.diarioimagen.net\/wp-content\/uploads\/2013\/05\/turismo-2102-240x135.jpg 240w, https:\/\/www.diarioimagen.net\/wp-content\/uploads\/2013\/05\/turismo-2102-420x236.jpg 420w, https:\/\/www.diarioimagen.net\/wp-content\/uploads\/2013\/05\/turismo-2102-235x132.jpg 235w, https:\/\/www.diarioimagen.net\/wp-content\/uploads\/2013\/05\/turismo-2102-202x114.jpg 202w, https:\/\/www.diarioimagen.net\/wp-content\/uploads\/2013\/05\/turismo-2102-350x196.jpg 350w, https:\/\/www.diarioimagen.net\/wp-content\/uploads\/2013\/05\/turismo-2102-220x123.jpg 220w, https:\/\/www.diarioimagen.net\/wp-content\/uploads\/2013\/05\/turismo-2102-237x132.jpg 237w, https:\/\/www.diarioimagen.net\/wp-content\/uploads\/2013\/05\/turismo-2102.jpg 480w\" sizes=\"auto, (max-width: 240px) 100vw, 240px\" \/><\/a><p id=\"caption-attachment-132702\" class=\"wp-caption-text\">M\u00e9xico participa en IMEX 2013, en Frankfurt.<\/p><\/div>\n<p>\u2730\u2730\u2730\u2730\u2730\u00a0Como les comentamos ayer, la titular de la Secretar\u00eda de Turismo, <b>Claudia Ruiz Massieu<\/b>, est\u00e1 en Frankfurt e inaugur\u00f3 el pabell\u00f3n de M\u00e9xico en la Feria Internacional IMEX 2013, considerada la m\u00e1s importante del mundo en el segmento de turismo de congresos, convenciones y exposiciones. El pabell\u00f3n de M\u00e9xico cuenta con una superficie de 203 m\u00b2, y la participaci\u00f3n de 31 expositores, con destinos como Canc\u00fan, ciudad de M\u00e9xico, Guadalajara y\u00a0 Quer\u00e9taro, entre otros.\u00a0 <b>Ruiz Massieu<\/b> destac\u00f3 que el reto es posicionar a M\u00e9xico como un destino competitivo a nivel mundial para el turismo de reuniones y se\u00f1al\u00f3 que la presencia de nuestro pa\u00eds en este evento forma parte de la estrategia del gobierno de la Rep\u00fablica para fomentar la promoci\u00f3n y participaci\u00f3n en ferias especializadas. La titular de la Sectur resalt\u00f3 las ventajas comparativas que tiene M\u00e9xico para atraer a este segmento tur\u00edstico, entre las que destaca una econom\u00eda estable, infraestructura de vanguardia, conectividad a\u00e9rea, prestadores de servicios especializados, precios\u00a0 competitivos, gesti\u00f3n gubernamental e incentivos fiscales. Asimismo, se\u00f1al\u00f3 que el pa\u00eds cuenta con una amplia variedad de destinos como Canc\u00fan, ciudad de M\u00e9xico, Campeche, Guadalajara, Los Cabos, Mazatl\u00e1n, Puebla y Veracruz, entre otros, que le permite ofrecer servicios de calidad, de acuerdo a las necesidades de infraestructura y apoyos de los organizadores de congresos y eventos internacionales. IMEX Frankfurt es la feria l\u00edder de la industria de reuniones <i>\u201cWorldwide Exhibition for Incentive Travel, Meetings &amp; Events\u201d.<\/i> Evento que culminar\u00e1 el jueves pr\u00f3ximo y se realiza en el Centro de Exposiciones <i>Messe Frankfurt<\/i>, el cual cuenta con m\u00e1s de 500 mil m\u00b2,\u00a0 diez salas de exposici\u00f3n y un centro de convenciones adjunto, el tercero m\u00e1s grande de todo el mundo. Cada a\u00f1o la IMEX Frankfurt atrae a m\u00e1s de 9 mil visitantes de la industria tur\u00edstica, entre ellos 4 mil compradores participantes de 60 mercados internacionales, 80%\u00a0 de los compradores provienen de Europa. Durante tres d\u00edas, m\u00e1s de 3 mil 500 expositores de 157 pa\u00edses, ofrecen sus productos y servicios enfocados a la industria de reuniones.<\/p>\n<p>\u2730\u2730\u2730\u2730\u2730\u00a0Como parte de sus acciones de Responsabilidad y Control de Calidad, el hotel Tesoro Manzanillo particip\u00f3 y fue calificado por el \u00a0Sistema de Gesti\u00f3n Moderniza, el cual \u00a0despu\u00e9s de la presentaci\u00f3n de evidencias documentales, recorrido por las instalaciones, entrevistas y cuestionamientos a colaboradores por parte de los consultores, otorg\u00f3\u00a0 92.5 puntos de los 100 requeridos, obteniendo con ello la calificaci\u00f3n necesaria para recibir el Distintivo M que es el reconocimiento que la Secretar\u00eda de Turismo federal otorga a las empresas tur\u00edsticas que han logrado implementar exitosamente el Programa de Calidad Moderniza y que avala la adopci\u00f3n de las mejores pr\u00e1cticas y una distinci\u00f3n de empresa tur\u00edstica modelo. <b>Claudia Roc\u00edo Zepeda<\/b>, gerente de Desarrollo Humano de Tesoro Manzanillo, dijo: \u201cEn nombre de la Familia Tesoro agradezco profundamente a todos por su compromiso en este importante proyecto. Sin duda, nos falta mucho por hacer pero hoy hemos dejado firmemente sembrada la semilla de un Sistema de Gesti\u00f3n de Calidad que nos permita consolidar un equipo de trabajo efectivo y organizado, 100% enfocado a la satisfacci\u00f3n de nuestros hu\u00e9spedes.\u201d<\/p>\n<p>\u2730\u2730\u2730\u2730\u2730\u00a0RCI present\u00f3 la iniciativa \u201c<i>One Heart, One Voice, One Mexico\u201d,<\/i> proyecto realizado en alianza con la Universidad Panamericana, la intenci\u00f3n es incentivar el turismo en M\u00e9xico e impulsar a las nuevas generaciones, y alrededor de 97 alumnos de s\u00e9ptimo semestre de la carrera de administraci\u00f3n y mercadotecnia, a trav\u00e9s de un concurso desarrollaron diferentes estrategias en redes sociales que permitieran impulsar y promocionar a M\u00e9xico como destino tur\u00edstico en el mercado norteamericano. A lo largo del proyecto, los alumnos recibieron asesor\u00eda por parte de RCI, con la finalidad de acercarlos a\u00fan m\u00e1s a las necesidades del mercado adem\u00e1s de contar con las indicaciones de sus profesores para la parte acad\u00e9mica. El proyecto estuvo dividido en diferentes fases las cuales contaron con presentaciones parciales que permitieron la selecci\u00f3n de tres equipos finalistas quienes acudieron a las instalaciones de RCI para presentar sus proyectos ante los principales directivos de la empresa. Durante esta \u00faltima, se seleccion\u00f3 un equipo ganador, cuyos integrantes viajaron a Nueva York para presentar dicha estrategia ante los directivos a nivel mundial de RCI y <i>Wyndham Worldwide<\/i> logrando que este proyecto rompa las barreras geogr\u00e1ficas. Este esfuerzo adquiere un significado mayor al compartirlo con la Universidad Panamericana, instituci\u00f3n de educaci\u00f3n superior con solidez acad\u00e9mica, rigor cient\u00edfico y la vivencia de principios y valores cristianos en busca de una mejor sociedad; es semillero de j\u00f3venes intelectualmente inquietos, quienes se preparan para hacer de su trabajo, un factor de mejora real a la sociedad a la que pertenecen. Se caracteriza por desarrollar alumnos con alto liderazgo, honestidad y excelente habilidad para trabajar en equipo. Adicional a esto, los alumnos de la carrera de administraci\u00f3n y mercadotecnia mostraron habilidades importantes de creatividad, capacidad anal\u00edtica y detecci\u00f3n de necesidades del mercado. <b>Mario Luis Cort\u00e9s Mencia<\/b>, director de Administraci\u00f3n y Mercadotecnia, agradeci\u00f3 el compromiso que mostr\u00f3 RCI a lo largo del semestre y su compromiso por impulsar tanto al sector tur\u00edstico de nuestro pa\u00eds as\u00ed como el apoyo a las nuevas generaciones. \u201cCompartir esta experiencia a lo largo del semestre y ser testigo del compromiso mostrado por los alumnos, nos impulsa por continuar realizando este tipo de proyectos que permiten que los alumnos puedan conocer y colaborar de manera real con importantes empresas\u201d. <b>Ricardo Montaudon<\/b>, presidente y director ejecutivo de RCI Latinoam\u00e9rica, agradeci\u00f3 a la Universidad la disposici\u00f3n y colaboraci\u00f3n; \u201cPara nosotros esta alianza estrat\u00e9gica nos permiti\u00f3 unirnos con los futuros l\u00edderes de M\u00e9xico, ampliando nuestra visi\u00f3n como empresa ya que tuvimos la oportunidad de adquirir nuevas perspectivas y enriquecer nuestro trabajo al compartir puntos de vista con los alumnos y la universidad\u201d.<\/p>\n<p><i><em><a href=\"mailto:victoriagprado@gmail.com\" target=\"_blank\">victoriagprado@gmail.com<\/a><\/em><\/i><\/p>\n","protected":false},"excerpt":{"rendered":"<p>La Secretar\u00eda de Fomento Tur\u00edstico del gobierno de Guerrero (Sefotur) inform\u00f3 que la campa\u00f1a gestionada por el gobernador \u00c1ngel Aguirre Rivero ante la titular de la Secretar\u00eda de Turismo Federal (Sectur), Claudia Ruiz Massieu, abarcar\u00e1 los tres destinos del Tri\u00e1ngulo del Sol<\/p>\n","protected":false},"author":1,"featured_media":132702,"comment_status":"open","ping_status":"open","sticky":false,"template":"","format":"standard","meta":{"_monsterinsights_skip_tracking":false,"_monsterinsights_sitenote_active":false,"_monsterinsights_sitenote_note":"","_monsterinsights_sitenote_category":0,"footnotes":""},"categories":[11],"tags":[107,43681,106],"class_list":["post-132701","post","type-post","status-publish","format-standard","has-post-thumbnail","hentry","category-turismo","tag-de-cinco-estrellas","tag-turismo","tag-victoria-gonzalez-prado"],"_links":{"self":[{"href":"https:\/\/www.diarioimagen.net\/index.php?rest_route=\/wp\/v2\/posts\/132701","targetHints":{"allow":["GET"]}}],"collection":[{"href":"https:\/\/www.diarioimagen.net\/index.php?rest_route=\/wp\/v2\/posts"}],"about":[{"href":"https:\/\/www.diarioimagen.net\/index.php?rest_route=\/wp\/v2\/types\/post"}],"author":[{"embeddable":true,"href":"https:\/\/www.diarioimagen.net\/index.php?rest_route=\/wp\/v2\/users\/1"}],"replies":[{"embeddable":true,"href":"https:\/\/www.diarioimagen.net\/index.php?rest_route=%2Fwp%2Fv2%2Fcomments&post=132701"}],"version-history":[{"count":0,"href":"https:\/\/www.diarioimagen.net\/index.php?rest_route=\/wp\/v2\/posts\/132701\/revisions"}],"wp:featuredmedia":[{"embeddable":true,"href":"https:\/\/www.diarioimagen.net\/index.php?rest_route=\/wp\/v2\/media\/132702"}],"wp:attachment":[{"href":"https:\/\/www.diarioimagen.net\/index.php?rest_route=%2Fwp%2Fv2%2Fmedia&parent=132701"}],"wp:term":[{"taxonomy":"category","embeddable":true,"href":"https:\/\/www.diarioimagen.net\/index.php?rest_route=%2Fwp%2Fv2%2Fcategories&post=132701"},{"taxonomy":"post_tag","embeddable":true,"href":"https:\/\/www.diarioimagen.net\/index.php?rest_route=%2Fwp%2Fv2%2Ftags&post=132701"}],"curies":[{"name":"wp","href":"https:\/\/api.w.org\/{rel}","templated":true}]}}