{"id":132724,"date":"2013-05-21T00:03:58","date_gmt":"2013-05-21T05:03:58","guid":{"rendered":"http:\/\/www.diarioimagen.net\/?p=132724"},"modified":"2013-05-22T03:04:55","modified_gmt":"2013-05-22T08:04:55","slug":"mario-silva-garcia-el-informador-montado","status":"publish","type":"post","link":"https:\/\/www.diarioimagen.net\/?p=132724","title":{"rendered":"Mario Silva Garc\u00eda, el informador montado"},"content":{"rendered":"<h2>Detr\u00e1s del Poder<\/h2>\n<h5>Jos\u00e9 Antonio L\u00f3pez Sosa<\/h5>\n<p><span><br \/>\nSevero el esc\u00e1ndalo que se desat\u00f3 en la Rep\u00fablica Bolivariana de Venezuela ante la conversaci\u00f3n grabada y hecha p\u00fablica entre Mario Silva Garc\u00eda, comunicador al servicio del Estado venezolano y un alto mando cubano.<\/span><\/p>\n<p>Mario Silva Garc\u00eda se presenta a s\u00ed mismo como periodista, tiene desde hace a\u00f1os un programa de televisi\u00f3n denominado \u201cLa Hojilla\u201d, transmitido por el canal estatal Venezolana de Televisi\u00f3n. En esta emisi\u00f3n Silva se encarga de insultar a quienes no comulgan con el ideario del chavismo, a ridiculizar y minimizar a opositores, ciudadanos, nacionales y extranjeros que cuestionen el socialismo bolivariano impuesto por el fallecido Hugo Ch\u00e1vez Fr\u00edas.<\/p>\n<p>Contrario a lo que el r\u00e9gimen venezolano ha defendido en materia de responsabilidad social en los medios de comunicaci\u00f3n, Silva Garc\u00eda insulta, discrimina, degrada y exhibe de forma grotesca en un canal de televisi\u00f3n que se supone, es de todos los venezolanos.<\/p>\n<p>Basta con conocer las bases del periodismo para comprender que este individuo jam\u00e1s ha hecho periodismo desde su espacio televisivo, m\u00e1s bien se trata de un programa propagandista al m\u00e1s puro estilo estaliniano de la vieja Uni\u00f3n Sovi\u00e9tica.<\/p>\n<p>Con este contexto, ayer en Venezuela se revelaron conversaciones en las que Mario Silva acusa de viva voz a Diosdado Cabello, presidente de la Asamblea Nacional de Venezuela, de actos de corrupci\u00f3n con el r\u00e9gimen de control cambiario de divisas, as\u00ed como de estar detr\u00e1s de la campa\u00f1a negra contra el propio Nicol\u00e1s Maduro.<\/p>\n<p>En largos minutos de conversaci\u00f3n acepta el propio Silva haber sido censurado en su emisi\u00f3n por los poderes del Estado venezolano. Entre otras cosas su opini\u00f3n desde el oficialismo es que las cosas est\u00e1n muy complicadas al interior, que el propio Cabello aspira a la direcci\u00f3n de Petr\u00f3leos de Venezuela y despu\u00e9s, a presidir la Rep\u00fablica, dejando fuera a Nicol\u00e1s Maduro.<\/p>\n<p>Ante ello, Silva Garc\u00eda en su cuenta de twitter asegur\u00f3 que se trat\u00f3 de un \u201cbodrio\u201d, un \u201cmontaje\u201d y un acto del \u201csino\u00edsmo\u201d en su contra. Al cierre de esta columna a\u00fan no se transmite su programa \u201cLa Hojilla\u201d, donde prometi\u00f3 dar respuesta a las grabaciones.<\/p>\n<p>Sin hacer ejercicio alguno de adivinaci\u00f3n y con la forma reaccionaria que el oficialismo en Venezuela act\u00faa, podemos pensar que seguramente acusar\u00e1 a montaje su propia voz, quiz\u00e1s para proteger su trabajo al frente de la vocer\u00eda televisiva, quiz\u00e1s porque le va su seguridad o la de sus hijos \u2013como \u00e9l mismo coment\u00f3 en esa conversaci\u00f3n\u2014, sin embargo, lo incre\u00edble es que una verdad a todas luces no se acepte y, se insista en la desgastada teor\u00eda del complot.<\/p>\n<p>Por m\u00e1s propagandista disfrazado de periodista que sea Mario Silva, \u00bfa qui\u00e9n le conviene mentir sobre su persona que no trasciende m\u00e1s all\u00e1 de los fan\u00e1ticos chavistas?<\/p>\n<p><em><a href=\"mailto:lopez.sosa@mexico.com\" target=\"_blank\">lopez.sosa@mexico.com<\/a><\/em><br \/>\n<em><a href=\"http:\/\/twitter.com\/#%21\/joseantonio1977\" target=\"_blank\">@joseantonio1977<br \/>\n<\/a><\/em><em><a href=\"http:\/\/www.formulaconfidencial.com.mx\/\" target=\"_blank\">www.formulaconfidencial.com.mx<\/a><\/em><\/p>\n","protected":false},"excerpt":{"rendered":"<p><span style=\"color: #005497;\"><strong>Jos\u00e9 Antonio L\u00f3pez Sosa<\/strong><\/span><\/p>\n","protected":false},"author":1,"featured_media":0,"comment_status":"open","ping_status":"open","sticky":false,"template":"","format":"standard","meta":{"_monsterinsights_skip_tracking":false,"_monsterinsights_sitenote_active":false,"_monsterinsights_sitenote_note":"","_monsterinsights_sitenote_category":0,"footnotes":""},"categories":[637],"tags":[638,43690,43674],"class_list":["post-132724","post","type-post","status-publish","format-standard","hentry","category-jose-antonio-lopez-sosa","tag-detras-del-poder","tag-jose-antonio-lopez-sosa","tag-opinion"],"_links":{"self":[{"href":"https:\/\/www.diarioimagen.net\/index.php?rest_route=\/wp\/v2\/posts\/132724","targetHints":{"allow":["GET"]}}],"collection":[{"href":"https:\/\/www.diarioimagen.net\/index.php?rest_route=\/wp\/v2\/posts"}],"about":[{"href":"https:\/\/www.diarioimagen.net\/index.php?rest_route=\/wp\/v2\/types\/post"}],"author":[{"embeddable":true,"href":"https:\/\/www.diarioimagen.net\/index.php?rest_route=\/wp\/v2\/users\/1"}],"replies":[{"embeddable":true,"href":"https:\/\/www.diarioimagen.net\/index.php?rest_route=%2Fwp%2Fv2%2Fcomments&post=132724"}],"version-history":[{"count":0,"href":"https:\/\/www.diarioimagen.net\/index.php?rest_route=\/wp\/v2\/posts\/132724\/revisions"}],"wp:attachment":[{"href":"https:\/\/www.diarioimagen.net\/index.php?rest_route=%2Fwp%2Fv2%2Fmedia&parent=132724"}],"wp:term":[{"taxonomy":"category","embeddable":true,"href":"https:\/\/www.diarioimagen.net\/index.php?rest_route=%2Fwp%2Fv2%2Fcategories&post=132724"},{"taxonomy":"post_tag","embeddable":true,"href":"https:\/\/www.diarioimagen.net\/index.php?rest_route=%2Fwp%2Fv2%2Ftags&post=132724"}],"curies":[{"name":"wp","href":"https:\/\/api.w.org\/{rel}","templated":true}]}}