{"id":132747,"date":"2013-05-22T00:05:24","date_gmt":"2013-05-22T05:05:24","guid":{"rendered":"http:\/\/www.diarioimagen.net\/?p=132747"},"modified":"2013-05-24T02:12:16","modified_gmt":"2013-05-24T07:12:16","slug":"ciencia-y-tecnologia-seran-impulsadas-pena-nieto","status":"publish","type":"post","link":"https:\/\/www.diarioimagen.net\/?p=132747","title":{"rendered":"Ciencia y tecnolog\u00eda ser\u00e1n impulsadas: Pe\u00f1a Nieto"},"content":{"rendered":"<ul>\n<li><strong><em>Al entregar la presea \u201cL\u00e1zaro C\u00e1rdenas 2013\u201d del IPN, el Presidente de la Rep\u00fablica adelanta cinco estrategias para lograr el objetivo<\/em><\/strong><\/li>\n<\/ul>\n<h6>Roberto Vizca\u00edno<\/h6>\n<div id=\"attachment_132799\" style=\"width: 250px\" class=\"wp-caption alignleft\"><a href=\"http:\/\/www.diarioimagen.net\/wp-content\/uploads\/2013\/05\/epn-2103.jpg\"><img loading=\"lazy\" decoding=\"async\" aria-describedby=\"caption-attachment-132799\" class=\"size-medium wp-image-132799\" alt=\"El presidente Enrique Pe\u00f1a Nieto entreg\u00f3 la presea \u201cL\u00e1zaro C\u00e1rdenas\u201d, conmemorativa del aniversario del Instituto Polit\u00e9cnico Nacional.\" src=\"http:\/\/www.diarioimagen.net\/wp-content\/uploads\/2013\/05\/epn-2103-240x135.jpg\" width=\"240\" height=\"135\" srcset=\"https:\/\/www.diarioimagen.net\/wp-content\/uploads\/2013\/05\/epn-2103-240x135.jpg 240w, https:\/\/www.diarioimagen.net\/wp-content\/uploads\/2013\/05\/epn-2103-420x236.jpg 420w, https:\/\/www.diarioimagen.net\/wp-content\/uploads\/2013\/05\/epn-2103-235x132.jpg 235w, https:\/\/www.diarioimagen.net\/wp-content\/uploads\/2013\/05\/epn-2103-202x114.jpg 202w, https:\/\/www.diarioimagen.net\/wp-content\/uploads\/2013\/05\/epn-2103-350x196.jpg 350w, https:\/\/www.diarioimagen.net\/wp-content\/uploads\/2013\/05\/epn-2103-220x123.jpg 220w, https:\/\/www.diarioimagen.net\/wp-content\/uploads\/2013\/05\/epn-2103-237x132.jpg 237w, https:\/\/www.diarioimagen.net\/wp-content\/uploads\/2013\/05\/epn-2103.jpg 480w\" sizes=\"auto, (max-width: 240px) 100vw, 240px\" \/><\/a><p id=\"caption-attachment-132799\" class=\"wp-caption-text\">El presidente Enrique Pe\u00f1a Nieto entreg\u00f3 la presea \u201cL\u00e1zaro C\u00e1rdenas\u201d, conmemorativa del aniversario del Instituto Polit\u00e9cnico Nacional.<\/p><\/div>\n<p>El presidente Enrique Pe\u00f1a Nieto ratific\u00f3 ayer en Los Pinos y ante un importante grupo de investigadores y docentes del Instituto Polit\u00e9cnico Nacional, su compromiso de garantizar el crecimiento de la \u201cciencia y la tecnolog\u00eda en M\u00e9xico, porque ello es condici\u00f3n que permitir\u00e1n al pa\u00eds consolidarse como una potencia emergente en los pr\u00f3ximos a\u00f1os\u201d.<\/p>\n<p>En el evento, en el que conmemor\u00f3 el D\u00eda del Polit\u00e9cnico e hizo entrega de la medalla \u201cL\u00e1zaro C\u00e1rdenas\u201d a 15 miembros destacados de la comunidad polit\u00e9cnica, el mandatario federal festej\u00f3 el 77 aniversario de la creaci\u00f3n del IPN.<\/p>\n<p>Acompa\u00f1ado por la directora del Instituto Polit\u00e9cnico, Yolox\u00f3chitl Bustamante D\u00edez, Pe\u00f1a Nieto destac\u00f3 que m\u00e1s ciencia y m\u00e1s tecnolog\u00eda son llaves para abrir las puertas de la productividad, y con ella lograr mejores ingresos para todos los mexicanos.<\/p>\n<p>\u201cSi somos capaces de hacer sinergia para elevar sustantivamente la inversi\u00f3n p\u00fablica y privada en investigaci\u00f3n y desarrollo, M\u00e9xico caminar\u00e1 con mayor certidumbre hacia la ruta de la prosperidad, que es una de las cinco grandes metas nacionales que esta administraci\u00f3n se ha trazado\u201d, afirm\u00f3.<\/p>\n<p>Por ello, dijo, es compromiso de su gobierno el impulsar a la ciencia, la tecnolog\u00eda y la innovaci\u00f3n, lo cual qued\u00f3 ya inscrito dentro del Plan Nacional de Desarrollo 2013-2018, presentado anteayer, se\u00f1al\u00f3.<\/p>\n<p>En ese documento que ser\u00e1 gu\u00eda de acci\u00f3n, precis\u00f3, se se\u00f1alan cinco estrategias para contribuir al fortalecimiento de la infraestructura cient\u00edfica y tecnol\u00f3gica del pa\u00eds:<\/p>\n<p>Primera.- Contribuir a que la inversi\u00f3n nacional en investigaci\u00f3n cient\u00edfica y desarrollo tecnol\u00f3gico crezca anualmente y alcance un nivel del uno por ciento del Producto Interno Bruto. \u201cLas familias de los ciudadanos pueden tener mejores ingresos a partir de convertirnos en un pa\u00eds m\u00e1s productivo y que pueda generar mayor riqueza, y para eso es fundamental el que dediquemos m\u00e1s esfuerzos a la innovaci\u00f3n, a la ciencia y a la tecnolog\u00eda\u201d, agreg\u00f3.<\/p>\n<p>Segunda estrategia.- Contribuir a la formaci\u00f3n y el fortalecimiento de capital humano de alto nivel.<\/p>\n<p>Tercera estrategia.- Impulsar el desarrollo de las vocaciones y capacidades cient\u00edficas, tecnol\u00f3gicas y de innovaci\u00f3n locales, para fortalecer el desarrollo regional sustentable e incluyente.<\/p>\n<p>\u201cNo se trata que s\u00f3lo seamos m\u00e1s productivos y tengamos mayor desarrollo en algunas partes del pa\u00eds. Se trata de detonar nuestro potencial a partir de reconocer las vocaciones y fortalezas regionales que tiene nuestro pa\u00eds, y que con pol\u00edticas focalizadas, espec\u00edficas, particulares, podamos darle cauce a cada una de estas fortalezas\u201d, precis\u00f3.<\/p>\n<p>Cuarta estrategia.- Contribuir a la transferencia y el aprovechamiento del conocimiento, vinculando las instituciones de educaci\u00f3n superior a los centros de investigaci\u00f3n, con los sectores p\u00fablico, social y privado.<\/p>\n<p>Quinta estrategia.- Contribuir al fortalecimiento de la infraestructura cient\u00edfica y tecnol\u00f3gica del pa\u00eds.<\/p>\n<p>Con estas estrategias, explic\u00f3, M\u00e9xico podr\u00e1 aprovechar el talento, la capacidad y la inventiva de sus cient\u00edficos y tecn\u00f3logos, vinculando sus tareas con \u00e1reas de oportunidad productiva.<\/p>\n<p>El presidente Pe\u00f1a Nieto agreg\u00f3 que \u201cconduciremos al Polit\u00e9cnico Nacional a una nueva etapa de desarrollo, donde la educaci\u00f3n tecnol\u00f3gica de alta calidad genere conocimiento, y con ello mayor valor agregado a los productos mexicanos\u201d.<\/p>\n<p>El IPN, insisti\u00f3, \u201ces el gran baluarte de nuestra capacidad de innovaci\u00f3n y de ponernos a la altura de otros pa\u00edses emergentes que han venido creciendo m\u00e1s que M\u00e9xico.<\/p>\n<p>Subray\u00f3 que el Poli, como la mayor\u00eda le llama al IPN, est\u00e1 presente en 20 entidades federativas, colabora en varios pa\u00edses y empresas como la NASA y Airbus, o en \u00e1reas estrat\u00e9gicas de infraestructura, energ\u00eda, rob\u00f3tica y salud.<\/p>\n<p align=\"center\"><b>UN SISTEMA NACIONAL<\/b><\/p>\n<p>Durante su intervenci\u00f3n, la directora general del IPN, Yolox\u00f3chitl Bustamante D\u00edez, precis\u00f3 que son tres los grandes desaf\u00edos que marcan el itinerario de la educaci\u00f3n superior en M\u00e9xico.<\/p>\n<p>En primer lugar, la vinculaci\u00f3n entre las propias instituciones educativas, las empresas y los organismos de sector productivo.<\/p>\n<p>\u201cEn el Polit\u00e9cnico, hist\u00f3ricamente se han dado pasos firmes en este sentido\u201d, indic\u00f3.<\/p>\n<p>Luego consider\u00f3 que el segundo desaf\u00edo est\u00e1 se\u00f1alado en la necesidad de ampliar la matr\u00edcula de educaci\u00f3n superior y media superior.<\/p>\n<p>El tercero, es el del financiamiento, \u201cya que, no obstante el incremento del presupuesto p\u00fablico para la educaci\u00f3n registrado de 2000 a 2012, no ha sido posible impulsar adecuadamente las actividades de operaci\u00f3n e inversi\u00f3n, porque el mayor porcentaje de esos recursos est\u00e1n destinados al pago de servicios, al pago de los salarios\u201d.<\/p>\n<p>La directora indic\u00f3 que la comunidad polit\u00e9cnica ve con benepl\u00e1cito el incremento de 70 mil millones de pesos que se destinar\u00e1n para la ciencia y tecnolog\u00eda durante 2013; es decir, 15 por ciento m\u00e1s que el a\u00f1o anterior, con lo que se pone al sector en la perspectiva de alcanzar el uno por ciento del PIB en 2018.<\/p>\n<p>Cuenta adem\u00e1s el prop\u00f3sito de concretar, con las secretar\u00edas de Educaci\u00f3n P\u00fablica y de Econom\u00eda, un verdadero sistema nacional de ciencia y tecnolog\u00eda, que permita generar mayor valor agregado en la producci\u00f3n nacional y\u00a0 fortalecer la vinculaci\u00f3n entre el gobierno, los sectores productivos y la academia.<\/p>\n<p>Por su parte, Mar\u00eda Teresa Ver\u00f3nica Mart\u00ednez Palacios, quien habl\u00f3 en representaci\u00f3n de los galardonados, coincidi\u00f3 con la directora del IPN, y asegur\u00f3 que en M\u00e9xico se tiene educaci\u00f3n profesional de alt\u00edsima calidad, aunque precis\u00f3 que habr\u00e1 que impulsarla a\u00fan m\u00e1s para alcanzar con mayor celeridad y certeza el objetivo de progreso social, cient\u00edfico y tecnol\u00f3gico de la naci\u00f3n.<\/p>\n<p>\u201cEs necesario aprovechar al m\u00e1ximo todos los esfuerzos y logros que el Instituto Polit\u00e9cnico Nacional ofrece a nuestra sociedad en general, por lo que se hace imperante y completamente esencial articular de mejor manera los sectores educativo, productivo, empresarial, cient\u00edfico y tecnol\u00f3gico del pa\u00eds\u201d, concluy\u00f3.<\/p>\n<p>&nbsp;<\/p>\n","protected":false},"excerpt":{"rendered":"<p><span style=\"color: #005497;\"><strong>Roberto Vizca\u00edno<\/strong><\/span><br \/>\n<br \/>\nEl presidente Enrique Pe\u00f1a Nieto ratific\u00f3 ayer en Los Pinos y ante un importante grupo de investigadores y docentes del Instituto Polit\u00e9cnico Nacional, su compromiso de garantizar el crecimiento de la \u201cciencia y la tecnolog\u00eda en M\u00e9xico, porque ello es condici\u00f3n que permitir\u00e1n al pa\u00eds consolidarse como una potencia emergente en los pr\u00f3ximos a\u00f1os\u201d.<\/p>\n","protected":false},"author":3,"featured_media":132799,"comment_status":"open","ping_status":"open","sticky":false,"template":"","format":"standard","meta":{"_monsterinsights_skip_tracking":false,"_monsterinsights_sitenote_active":false,"_monsterinsights_sitenote_note":"","_monsterinsights_sitenote_category":0,"footnotes":""},"categories":[17,3],"tags":[18,314,1546,93,13495],"class_list":["post-132747","post","type-post","status-publish","format-standard","has-post-thumbnail","hentry","category-especiales","category-nacional","tag-enrique-pena-nieto","tag-ipn","tag-los-pinos","tag-roberto-vizcaino","tag-yoloxochitl-bustamante-diez"],"_links":{"self":[{"href":"https:\/\/www.diarioimagen.net\/index.php?rest_route=\/wp\/v2\/posts\/132747","targetHints":{"allow":["GET"]}}],"collection":[{"href":"https:\/\/www.diarioimagen.net\/index.php?rest_route=\/wp\/v2\/posts"}],"about":[{"href":"https:\/\/www.diarioimagen.net\/index.php?rest_route=\/wp\/v2\/types\/post"}],"author":[{"embeddable":true,"href":"https:\/\/www.diarioimagen.net\/index.php?rest_route=\/wp\/v2\/users\/3"}],"replies":[{"embeddable":true,"href":"https:\/\/www.diarioimagen.net\/index.php?rest_route=%2Fwp%2Fv2%2Fcomments&post=132747"}],"version-history":[{"count":0,"href":"https:\/\/www.diarioimagen.net\/index.php?rest_route=\/wp\/v2\/posts\/132747\/revisions"}],"wp:featuredmedia":[{"embeddable":true,"href":"https:\/\/www.diarioimagen.net\/index.php?rest_route=\/wp\/v2\/media\/132799"}],"wp:attachment":[{"href":"https:\/\/www.diarioimagen.net\/index.php?rest_route=%2Fwp%2Fv2%2Fmedia&parent=132747"}],"wp:term":[{"taxonomy":"category","embeddable":true,"href":"https:\/\/www.diarioimagen.net\/index.php?rest_route=%2Fwp%2Fv2%2Fcategories&post=132747"},{"taxonomy":"post_tag","embeddable":true,"href":"https:\/\/www.diarioimagen.net\/index.php?rest_route=%2Fwp%2Fv2%2Ftags&post=132747"}],"curies":[{"name":"wp","href":"https:\/\/api.w.org\/{rel}","templated":true}]}}