{"id":132752,"date":"2013-05-22T00:04:24","date_gmt":"2013-05-22T05:04:24","guid":{"rendered":"http:\/\/www.diarioimagen.net\/?p=132752"},"modified":"2013-05-23T03:29:22","modified_gmt":"2013-05-23T08:29:22","slug":"permaneceran-fuerzas-federales-en-michoacan","status":"publish","type":"post","link":"https:\/\/www.diarioimagen.net\/?p=132752","title":{"rendered":"Permanecer\u00e1n fuerzas federales en Michoac\u00e1n"},"content":{"rendered":"<ul>\n<li><strong><em>El secretario de Gobernaci\u00f3n se\u00f1ala que en esa entidad no habr\u00e1 pacto ni tregua contra el crimen organizado<\/em><\/strong><\/li>\n<\/ul>\n<div id=\"attachment_132801\" style=\"width: 250px\" class=\"wp-caption alignleft\"><a href=\"http:\/\/www.diarioimagen.net\/wp-content\/uploads\/2013\/05\/osorio-2103.jpg\"><img loading=\"lazy\" decoding=\"async\" aria-describedby=\"caption-attachment-132801\" class=\"size-medium wp-image-132801\" alt=\"El secretario de Gobernaci\u00f3n, Miguel \u00c1ngel Osorio Chong, dio una explicaci\u00f3n sobre el esquema de seguridad que ser\u00e1 desplegado en Michoac\u00e1n.\" src=\"http:\/\/www.diarioimagen.net\/wp-content\/uploads\/2013\/05\/osorio-2103-240x135.jpg\" width=\"240\" height=\"135\" srcset=\"https:\/\/www.diarioimagen.net\/wp-content\/uploads\/2013\/05\/osorio-2103-240x135.jpg 240w, https:\/\/www.diarioimagen.net\/wp-content\/uploads\/2013\/05\/osorio-2103-420x236.jpg 420w, https:\/\/www.diarioimagen.net\/wp-content\/uploads\/2013\/05\/osorio-2103-235x132.jpg 235w, https:\/\/www.diarioimagen.net\/wp-content\/uploads\/2013\/05\/osorio-2103-202x114.jpg 202w, https:\/\/www.diarioimagen.net\/wp-content\/uploads\/2013\/05\/osorio-2103-350x196.jpg 350w, https:\/\/www.diarioimagen.net\/wp-content\/uploads\/2013\/05\/osorio-2103-220x123.jpg 220w, https:\/\/www.diarioimagen.net\/wp-content\/uploads\/2013\/05\/osorio-2103-237x132.jpg 237w, https:\/\/www.diarioimagen.net\/wp-content\/uploads\/2013\/05\/osorio-2103.jpg 480w\" sizes=\"auto, (max-width: 240px) 100vw, 240px\" \/><\/a><p id=\"caption-attachment-132801\" class=\"wp-caption-text\">El secretario de Gobernaci\u00f3n, Miguel \u00c1ngel Osorio Chong, dio una explicaci\u00f3n sobre el esquema de seguridad que ser\u00e1 desplegado en Michoac\u00e1n.<\/p><\/div>\n<p>Al poner en marcha la estrategia integral de seguridad para Michoac\u00e1n, el secretario de Gobernaci\u00f3n, Miguel \u00c1ngel Osorio Chong, afirm\u00f3 que en la entidad no habr\u00e1 pacto ni tregua con el crimen organizado.<\/p>\n<p>Luego de una reuni\u00f3n del Gabinete de Seguridad Nacional, que dur\u00f3 m\u00e1s de tres horas, el funcionario federal indic\u00f3 que la presencia federal en el estado se prolongar\u00e1 hasta que est\u00e9 garantizado el restablecimiento del orden en todas sus zonas.<\/p>\n<p>El titular de la Secretar\u00eda de Gobernaci\u00f3n (Segob) se\u00f1al\u00f3 que el objetivo es garantizar la seguridad para todos los michoacanos.<\/p>\n<p>Osorio Chong asegur\u00f3 que la presencia federal en la entidad se mantendr\u00e1 hasta que se tengan garantizadas las condiciones de seguridad y tranquilidad en todo el territorio.<\/p>\n<p>\u201cNo nos vamos a retirar hasta que hayan cambiado las condiciones\u201d, afirm\u00f3 en rueda de prensa. Descart\u00f3 que pudieran darse pactos o treguas con el crimen organizado, y se\u00f1al\u00f3 que el objetivo es aplicar la ley.<\/p>\n<p>Asimismo, destac\u00f3 que la estrategia de seguridad puesta en marcha de manera oficial hoy es diferente a la aplicada durante la administraci\u00f3n pasada.<\/p>\n<p>\u201cS\u00ed hay una gran diferencia de lo que dispuso y se va a hacer, pero lo que esperamos es que los resultados sean muy diferentes\u201d.<\/p>\n<p>Osorio Chong encabez\u00f3 la reuni\u00f3n del Consejo Nacional de Seguridad que tuvo lugar en esta ciudad.<\/p>\n<p>A puerta cerrada, durante m\u00e1s de tres horas, el titular de la Segob, junto con los titulares de la Secretar\u00eda de la Defensa, de la Marina Armada de M\u00e9xico, del Cisen, de la Polic\u00eda Federal y de la Procuradur\u00eda General de la Rep\u00fablica, entre otros, analizaron la situaci\u00f3n por la que atraviesa el estado.<\/p>\n<p>M\u00e1s tarde, en reuni\u00f3n con los medios de comunicaci\u00f3n, Osorio Chong detall\u00f3 que el presidente Enrique Pe\u00f1a Nieto ha dispuesto la realizaci\u00f3n de una estrategia integral.<\/p>\n<p>Mencion\u00f3 que el despliegue de la fuerza militar y policial que hoy se vive en el estado se realiz\u00f3 a petici\u00f3n del gobierno del estado.<\/p>\n<p>Dijo que el operativo se llevar\u00e1 a cabo de manera coordinada con el gobierno del estado y se realizar\u00e1 bajo la supervisi\u00f3n de un mando \u00fanico.<\/p>\n<p>\u201cVamos con el objetivo de devolver la paz a los michoacanos, pero tambi\u00e9n en el compromiso de respaldar las pol\u00edticas p\u00fablicas del estado\u201d, puntualiz\u00f3.<b><\/b><\/p>\n<p>&nbsp;<\/p>\n","protected":false},"excerpt":{"rendered":"<p>Al poner en marcha la estrategia integral de seguridad para Michoac\u00e1n, el secretario de Gobernaci\u00f3n, Miguel \u00c1ngel Osorio Chong, afirm\u00f3 que en la entidad no habr\u00e1 pacto ni tregua con el crimen organizado. Luego de una reuni\u00f3n del Gabinete de Seguridad Nacional, que dur\u00f3 m\u00e1s de tres horas, el funcionario federal indic\u00f3 que la presencia federal en el estado se prolongar\u00e1 hasta que est\u00e9 garantizado el restablecimiento del orden en todas sus zonas.<\/p>\n","protected":false},"author":3,"featured_media":132801,"comment_status":"open","ping_status":"open","sticky":false,"template":"","format":"standard","meta":{"_monsterinsights_skip_tracking":false,"_monsterinsights_sitenote_active":false,"_monsterinsights_sitenote_note":"","_monsterinsights_sitenote_category":0,"footnotes":""},"categories":[17,3],"tags":[803,3676,43673,442],"class_list":["post-132752","post","type-post","status-publish","format-standard","has-post-thumbnail","hentry","category-especiales","category-nacional","tag-michoacan","tag-miguel-angel-osorio-chong","tag-nacional","tag-secretaria-de-gobernacion"],"_links":{"self":[{"href":"https:\/\/www.diarioimagen.net\/index.php?rest_route=\/wp\/v2\/posts\/132752","targetHints":{"allow":["GET"]}}],"collection":[{"href":"https:\/\/www.diarioimagen.net\/index.php?rest_route=\/wp\/v2\/posts"}],"about":[{"href":"https:\/\/www.diarioimagen.net\/index.php?rest_route=\/wp\/v2\/types\/post"}],"author":[{"embeddable":true,"href":"https:\/\/www.diarioimagen.net\/index.php?rest_route=\/wp\/v2\/users\/3"}],"replies":[{"embeddable":true,"href":"https:\/\/www.diarioimagen.net\/index.php?rest_route=%2Fwp%2Fv2%2Fcomments&post=132752"}],"version-history":[{"count":0,"href":"https:\/\/www.diarioimagen.net\/index.php?rest_route=\/wp\/v2\/posts\/132752\/revisions"}],"wp:featuredmedia":[{"embeddable":true,"href":"https:\/\/www.diarioimagen.net\/index.php?rest_route=\/wp\/v2\/media\/132801"}],"wp:attachment":[{"href":"https:\/\/www.diarioimagen.net\/index.php?rest_route=%2Fwp%2Fv2%2Fmedia&parent=132752"}],"wp:term":[{"taxonomy":"category","embeddable":true,"href":"https:\/\/www.diarioimagen.net\/index.php?rest_route=%2Fwp%2Fv2%2Fcategories&post=132752"},{"taxonomy":"post_tag","embeddable":true,"href":"https:\/\/www.diarioimagen.net\/index.php?rest_route=%2Fwp%2Fv2%2Ftags&post=132752"}],"curies":[{"name":"wp","href":"https:\/\/api.w.org\/{rel}","templated":true}]}}