{"id":132756,"date":"2013-05-22T00:03:25","date_gmt":"2013-05-22T05:03:25","guid":{"rendered":"http:\/\/www.diarioimagen.net\/?p=132756"},"modified":"2013-05-23T03:29:16","modified_gmt":"2013-05-23T08:29:16","slug":"en-eu-aprueban-proyecto-de-la-reforma-migratoria","status":"publish","type":"post","link":"https:\/\/www.diarioimagen.net\/?p=132756","title":{"rendered":"En EU aprueban proyecto de la reforma migratoria"},"content":{"rendered":"<ul>\n<li><strong><em>La legislaci\u00f3n incluye una v\u00eda para legalizar la estancia en ese pa\u00eds de casi 11 millones de indocumentados<\/em><\/strong><\/li>\n<\/ul>\n<div id=\"attachment_132803\" style=\"width: 250px\" class=\"wp-caption alignleft\"><a href=\"http:\/\/www.diarioimagen.net\/wp-content\/uploads\/2013\/05\/reforma-2103.jpg\"><img loading=\"lazy\" decoding=\"async\" aria-describedby=\"caption-attachment-132803\" class=\"size-medium wp-image-132803\" alt=\"Nuestros paisanos residentes en Estados Unidos saludaron la medida con entusiasmo, pues se iniciar\u00e1 un proceso hist\u00f3rico.\" src=\"http:\/\/www.diarioimagen.net\/wp-content\/uploads\/2013\/05\/reforma-2103-240x135.jpg\" width=\"240\" height=\"135\" srcset=\"https:\/\/www.diarioimagen.net\/wp-content\/uploads\/2013\/05\/reforma-2103-240x135.jpg 240w, https:\/\/www.diarioimagen.net\/wp-content\/uploads\/2013\/05\/reforma-2103-420x236.jpg 420w, https:\/\/www.diarioimagen.net\/wp-content\/uploads\/2013\/05\/reforma-2103-235x132.jpg 235w, https:\/\/www.diarioimagen.net\/wp-content\/uploads\/2013\/05\/reforma-2103-202x114.jpg 202w, https:\/\/www.diarioimagen.net\/wp-content\/uploads\/2013\/05\/reforma-2103-350x196.jpg 350w, https:\/\/www.diarioimagen.net\/wp-content\/uploads\/2013\/05\/reforma-2103-220x123.jpg 220w, https:\/\/www.diarioimagen.net\/wp-content\/uploads\/2013\/05\/reforma-2103-237x132.jpg 237w, https:\/\/www.diarioimagen.net\/wp-content\/uploads\/2013\/05\/reforma-2103.jpg 480w\" sizes=\"auto, (max-width: 240px) 100vw, 240px\" \/><\/a><p id=\"caption-attachment-132803\" class=\"wp-caption-text\">Nuestros paisanos residentes en Estados Unidos saludaron la medida con entusiasmo, pues se iniciar\u00e1 un proceso hist\u00f3rico.<\/p><\/div>\n<p><strong>Washington, DC.<\/strong>&#8211; El Comit\u00e9 Judicial del Senado de Estados Unidos aprob\u00f3 ayer el proyecto de ley sobre la reforma migratoria que incluye una v\u00eda para la legalizaci\u00f3n de m\u00e1s de 11 millones de indocumentados.<\/p>\n<p>El proyecto fue aprobado por 13 votos a favor y 5 en contra, y ahora debe pasar a ser debatido por el pleno del Senado.<\/p>\n<p>La reforma \u201cpas\u00f3 su primer gran test\u201d, escribi\u00f3 en su Twitter el senador republicano John McCain, uno de los miembros del llamado \u201cGrupo de los Ocho\u201d que redactaron el proyecto aprobado hoy en el comit\u00e9.<\/p>\n<p>El voto fue posible en parte porque el presidente del comit\u00e9, el dem\u00f3crata Patrick Leahy, rechaz\u00f3 en el \u00faltimo momento ante el rechazo de los republicanos presentar una enmienda para permitir que ciudadanos estadounidenses patrocinen la residencia de sus parejas homosexuales.<\/p>\n<p>A lo largo del debate de hoy el comit\u00e9 derrot\u00f3 tres enmiendas del senador republicano Ted Cruz, dos de la cuales intentaban negar la ciudadan\u00eda a quienes lograran la legalizaci\u00f3n y privarlos de ayudas p\u00fablicas y acceso a la reforma sanitaria, y otra que hubiese incrementado las visas de residencia permanente.<\/p>\n<p>Mientras, los senadores Charles Schumer, dem\u00f3crata por Nueva York, y Orrin Hatch, republicano por Utah, lograron un acuerdo que modifica el programa de visas \u201cH-1B\u201d para extranjeros altamente cualificados en el sector tecnol\u00f3gico.<\/p>\n<p>El acuerdo entre Schumer y Hatch facilitar\u00eda la contrataci\u00f3n de extranjeros altamente cualificados en el sector tecnol\u00f3gico, agilizar\u00eda un aumento de hasta 180 000 en el n\u00famero de visas \u201cH-1B\u201d, e incluir\u00eda protecciones laborales para empleados estadounidenses.<\/p>\n<p>El presidente de EU, Barack Obama, y el vicepresidente Joseph Biden se reunieron hoy en el Despacho Oval con siete inmigrantes, entre ellos varios j\u00f3venes indocumentados, a quienes pidieron que contin\u00faen sus medidas de presi\u00f3n para que la reforma salga adelante.<\/p>\n<p>Obama reiter\u00f3 su compromiso con promulgar la reforma migratoria este a\u00f1o.<b><\/b><\/p>\n<p>&nbsp;<\/p>\n","protected":false},"excerpt":{"rendered":"<p>El Comit\u00e9 Judicial del Senado de Estados Unidos aprob\u00f3 ayer el proyecto de ley sobre la reforma migratoria que incluye una v\u00eda para la legalizaci\u00f3n de m\u00e1s de 11 millones de indocumentados. El proyecto fue aprobado por 13 votos a favor y 5 en contra, y ahora debe pasar a ser debatido por el pleno del Senado.<\/p>\n","protected":false},"author":3,"featured_media":132803,"comment_status":"open","ping_status":"open","sticky":false,"template":"","format":"standard","meta":{"_monsterinsights_skip_tracking":false,"_monsterinsights_sitenote_active":false,"_monsterinsights_sitenote_note":"","_monsterinsights_sitenote_category":0,"footnotes":""},"categories":[17,9],"tags":[177,43679,16579,13932],"class_list":["post-132756","post","type-post","status-publish","format-standard","has-post-thumbnail","hentry","category-especiales","category-mundo","tag-estados-unidos","tag-mundo","tag-reforma-migratoria","tag-republicanos"],"_links":{"self":[{"href":"https:\/\/www.diarioimagen.net\/index.php?rest_route=\/wp\/v2\/posts\/132756","targetHints":{"allow":["GET"]}}],"collection":[{"href":"https:\/\/www.diarioimagen.net\/index.php?rest_route=\/wp\/v2\/posts"}],"about":[{"href":"https:\/\/www.diarioimagen.net\/index.php?rest_route=\/wp\/v2\/types\/post"}],"author":[{"embeddable":true,"href":"https:\/\/www.diarioimagen.net\/index.php?rest_route=\/wp\/v2\/users\/3"}],"replies":[{"embeddable":true,"href":"https:\/\/www.diarioimagen.net\/index.php?rest_route=%2Fwp%2Fv2%2Fcomments&post=132756"}],"version-history":[{"count":0,"href":"https:\/\/www.diarioimagen.net\/index.php?rest_route=\/wp\/v2\/posts\/132756\/revisions"}],"wp:featuredmedia":[{"embeddable":true,"href":"https:\/\/www.diarioimagen.net\/index.php?rest_route=\/wp\/v2\/media\/132803"}],"wp:attachment":[{"href":"https:\/\/www.diarioimagen.net\/index.php?rest_route=%2Fwp%2Fv2%2Fmedia&parent=132756"}],"wp:term":[{"taxonomy":"category","embeddable":true,"href":"https:\/\/www.diarioimagen.net\/index.php?rest_route=%2Fwp%2Fv2%2Fcategories&post=132756"},{"taxonomy":"post_tag","embeddable":true,"href":"https:\/\/www.diarioimagen.net\/index.php?rest_route=%2Fwp%2Fv2%2Ftags&post=132756"}],"curies":[{"name":"wp","href":"https:\/\/api.w.org\/{rel}","templated":true}]}}