{"id":132758,"date":"2013-05-22T00:02:56","date_gmt":"2013-05-22T05:02:56","guid":{"rendered":"http:\/\/www.diarioimagen.net\/?p=132758"},"modified":"2013-05-23T03:29:10","modified_gmt":"2013-05-23T08:29:10","slug":"mancera-entrega-apoyos-del-plan-para-autoempleo","status":"publish","type":"post","link":"https:\/\/www.diarioimagen.net\/?p=132758","title":{"rendered":"Mancera entrega apoyos del plan para autoempleo"},"content":{"rendered":"<ul>\n<li><strong><em>El jefe del GDF se\u00f1ala que los interesados en abrir un negocio o peque\u00f1a empresa pueden pedir ayuda para adquirir el equipo que necesiten<\/em><\/strong><\/li>\n<\/ul>\n<div id=\"attachment_132808\" style=\"width: 250px\" class=\"wp-caption alignleft\"><a href=\"http:\/\/www.diarioimagen.net\/wp-content\/uploads\/2013\/05\/mancera-2103.jpg\"><img loading=\"lazy\" decoding=\"async\" aria-describedby=\"caption-attachment-132808\" class=\"size-medium wp-image-132808\" alt=\"El jefe de gobierno del Distrito Federal, Miguel \u00c1ngel Mancera, arranc\u00f3 ayer un programa para j\u00f3venes emprendedores.\" src=\"http:\/\/www.diarioimagen.net\/wp-content\/uploads\/2013\/05\/mancera-2103-240x135.jpg\" width=\"240\" height=\"135\" srcset=\"https:\/\/www.diarioimagen.net\/wp-content\/uploads\/2013\/05\/mancera-2103-240x135.jpg 240w, https:\/\/www.diarioimagen.net\/wp-content\/uploads\/2013\/05\/mancera-2103-420x236.jpg 420w, https:\/\/www.diarioimagen.net\/wp-content\/uploads\/2013\/05\/mancera-2103-235x132.jpg 235w, https:\/\/www.diarioimagen.net\/wp-content\/uploads\/2013\/05\/mancera-2103-202x114.jpg 202w, https:\/\/www.diarioimagen.net\/wp-content\/uploads\/2013\/05\/mancera-2103-350x196.jpg 350w, https:\/\/www.diarioimagen.net\/wp-content\/uploads\/2013\/05\/mancera-2103-220x123.jpg 220w, https:\/\/www.diarioimagen.net\/wp-content\/uploads\/2013\/05\/mancera-2103-237x132.jpg 237w, https:\/\/www.diarioimagen.net\/wp-content\/uploads\/2013\/05\/mancera-2103.jpg 480w\" sizes=\"auto, (max-width: 240px) 100vw, 240px\" \/><\/a><p id=\"caption-attachment-132808\" class=\"wp-caption-text\">El jefe de gobierno del Distrito Federal, Miguel \u00c1ngel Mancera, arranc\u00f3 ayer un programa para j\u00f3venes emprendedores.<\/p><\/div>\n<p>El jefe de gobierno del Distrito Federal, Miguel \u00c1ngel Mancera Espinosa, encabez\u00f3 la entrega de facturas y apoyos a los ciudadanos que participaron con sus proyectos en el Programa de Fomento al Autoempleo.<\/p>\n<p>El mandatario local dijo que su administraci\u00f3n continuar\u00e1 trabajando para fomentar el empleo en sus diversas vertientes y entre varios sectores de la poblaci\u00f3n, en espec\u00edfico para los j\u00f3venes, madres de familia y adultos mayores.<\/p>\n<p>Durante la entrega de actas en propiedad y bienes en custodia a beneficiarios del Programa Fomento al Autoempleo, explic\u00f3 que los interesados que cuenten con u local para abrir un negocio o peque\u00f1a empresa pueden pedir apoyo al gobierno con el fin de adquirir los instrumentos que necesitan.<\/p>\n<p>Tras algunas visitas de supervisi\u00f3n de funcionarios de Secretar\u00eda del Trabajo capitalina, si en un a\u00f1o el negocio ha dado buenos resultados, esa dependencia entrega las facturas del equipo para que siga el proyecto.<\/p>\n<p>Durante el acto de entrega Mancera Espinosa felicit\u00f3 a los emprendedores que han logrado este paso e indic\u00f3 este d\u00eda se consolidaron 60 proyectos.<\/p>\n<p>El titular de la Secretar\u00eda del Trabajo y Fomento al Empleo, Carlos Navarrete, detall\u00f3 a su vez que para este a\u00f1o ese programa cuenta con 12 millones de pesos, recursos mixtos aportados por los gobiernos federal y capitalino.<\/p>\n<p>En entrevista precis\u00f3 que los interesados en participar en este programa deber\u00e1n presentar su proyecto en las oficinas ubicadas para ese fin en las 16 delegaciones, o en la propia dependencia local, donde ser\u00e1 analizado y en su caso, otorgar\u00e1n los recursos.<\/p>\n<p>Detall\u00f3 que los proyectos deber\u00e1n estar conformados por entre una y cinco personas, a quienes se le dar\u00eda la maquinaria necesaria para echar a andar su negocio con un presupuesto que puede ir desde 25 mil hasta 125 mil pesos por proyecto.<\/p>\n<p>Con ello, subray\u00f3, se puede conseguir el equipamiento necesario para negocios de diversa naturaleza como loncher\u00edas, talleres mec\u00e1nicos, est\u00e9ticas, entre otros segmentos de autoempleo.<\/p>\n<p>Navarrete Ruiz adelant\u00f3 que en junio pr\u00f3ximo se realizar\u00e1 un encuentro al que los jefes delegacionales llevar\u00e1n a diversas empresas de su demarcaci\u00f3n, para ponerlas en contacto con personas de entre 17 y 30 a\u00f1os.<\/p>\n<p>&nbsp;<\/p>\n","protected":false},"excerpt":{"rendered":"<p>El jefe de gobierno del Distrito Federal, Miguel \u00c1ngel Mancera Espinosa, encabez\u00f3 la entrega de facturas y apoyos a los ciudadanos que participaron con sus proyectos en el Programa de Fomento al Autoempleo. El mandatario local dijo que su administraci\u00f3n continuar\u00e1 trabajando para fomentar el empleo en sus diversas vertientes y entre varios sectores de la poblaci\u00f3n, en espec\u00edfico para los j\u00f3venes, madres de familia y adultos mayores.<\/p>\n","protected":false},"author":3,"featured_media":132808,"comment_status":"open","ping_status":"open","sticky":false,"template":"","format":"standard","meta":{"_monsterinsights_skip_tracking":false,"_monsterinsights_sitenote_active":false,"_monsterinsights_sitenote_note":"","_monsterinsights_sitenote_category":0,"footnotes":""},"categories":[17,6],"tags":[204,5314],"class_list":["post-132758","post","type-post","status-publish","format-standard","has-post-thumbnail","hentry","category-especiales","category-cd-de-mexico","tag-ciudad-de-mexico","tag-miguel-angel-mancera-espinosa"],"_links":{"self":[{"href":"https:\/\/www.diarioimagen.net\/index.php?rest_route=\/wp\/v2\/posts\/132758","targetHints":{"allow":["GET"]}}],"collection":[{"href":"https:\/\/www.diarioimagen.net\/index.php?rest_route=\/wp\/v2\/posts"}],"about":[{"href":"https:\/\/www.diarioimagen.net\/index.php?rest_route=\/wp\/v2\/types\/post"}],"author":[{"embeddable":true,"href":"https:\/\/www.diarioimagen.net\/index.php?rest_route=\/wp\/v2\/users\/3"}],"replies":[{"embeddable":true,"href":"https:\/\/www.diarioimagen.net\/index.php?rest_route=%2Fwp%2Fv2%2Fcomments&post=132758"}],"version-history":[{"count":0,"href":"https:\/\/www.diarioimagen.net\/index.php?rest_route=\/wp\/v2\/posts\/132758\/revisions"}],"wp:featuredmedia":[{"embeddable":true,"href":"https:\/\/www.diarioimagen.net\/index.php?rest_route=\/wp\/v2\/media\/132808"}],"wp:attachment":[{"href":"https:\/\/www.diarioimagen.net\/index.php?rest_route=%2Fwp%2Fv2%2Fmedia&parent=132758"}],"wp:term":[{"taxonomy":"category","embeddable":true,"href":"https:\/\/www.diarioimagen.net\/index.php?rest_route=%2Fwp%2Fv2%2Fcategories&post=132758"},{"taxonomy":"post_tag","embeddable":true,"href":"https:\/\/www.diarioimagen.net\/index.php?rest_route=%2Fwp%2Fv2%2Ftags&post=132758"}],"curies":[{"name":"wp","href":"https:\/\/api.w.org\/{rel}","templated":true}]}}