{"id":132762,"date":"2013-05-22T00:09:43","date_gmt":"2013-05-22T05:09:43","guid":{"rendered":"http:\/\/www.diarioimagen.net\/?p=132762"},"modified":"2013-05-22T02:57:34","modified_gmt":"2013-05-22T07:57:34","slug":"eruviel-avila-entrega-700-equipos-para-laboratorios-de-ciencias","status":"publish","type":"post","link":"https:\/\/www.diarioimagen.net\/?p=132762","title":{"rendered":"Eruviel \u00c1vila entrega 700 equipos para laboratorios de ciencias"},"content":{"rendered":"<ul>\n<li><strong><em>El gobernador realiz\u00f3 una gira de trabajo acompa\u00f1ado de todos los integrantes de su gabinete y otorg\u00f3 est\u00edmulos a estudiantes<\/em><\/strong><\/li>\n<\/ul>\n<div id=\"attachment_132826\" style=\"width: 250px\" class=\"wp-caption alignleft\"><a href=\"http:\/\/www.diarioimagen.net\/wp-content\/uploads\/2013\/05\/eruviel-2103.jpg\"><img loading=\"lazy\" decoding=\"async\" aria-describedby=\"caption-attachment-132826\" class=\"size-medium wp-image-132826\" alt=\"El gobernador Eruviel \u00c1vila Villegas entreg\u00f3 700 equipos de laboratorios de ciencias a la misma cantidad de escuelas secundarias de la zona oriente de la entidad, para la ense\u00f1anza de las energ\u00edas renovables y tecnolog\u00edas futuras, donde se invirtieron 100 millones de pesos.\" src=\"http:\/\/www.diarioimagen.net\/wp-content\/uploads\/2013\/05\/eruviel-2103-240x135.jpg\" width=\"240\" height=\"135\" srcset=\"https:\/\/www.diarioimagen.net\/wp-content\/uploads\/2013\/05\/eruviel-2103-240x135.jpg 240w, https:\/\/www.diarioimagen.net\/wp-content\/uploads\/2013\/05\/eruviel-2103-420x236.jpg 420w, https:\/\/www.diarioimagen.net\/wp-content\/uploads\/2013\/05\/eruviel-2103-235x132.jpg 235w, https:\/\/www.diarioimagen.net\/wp-content\/uploads\/2013\/05\/eruviel-2103-202x114.jpg 202w, https:\/\/www.diarioimagen.net\/wp-content\/uploads\/2013\/05\/eruviel-2103-350x196.jpg 350w, https:\/\/www.diarioimagen.net\/wp-content\/uploads\/2013\/05\/eruviel-2103-220x123.jpg 220w, https:\/\/www.diarioimagen.net\/wp-content\/uploads\/2013\/05\/eruviel-2103-237x132.jpg 237w, https:\/\/www.diarioimagen.net\/wp-content\/uploads\/2013\/05\/eruviel-2103.jpg 480w\" sizes=\"auto, (max-width: 240px) 100vw, 240px\" \/><\/a><p id=\"caption-attachment-132826\" class=\"wp-caption-text\">El gobernador Eruviel \u00c1vila Villegas entreg\u00f3 700 equipos de laboratorios de ciencias a la misma cantidad de escuelas secundarias de la zona oriente de la entidad, para la ense\u00f1anza de las energ\u00edas renovables y tecnolog\u00edas futuras, donde se invirtieron 100 millones de pesos.<\/p><\/div>\n<p><strong>La Paz, Estado de M\u00e9xico<\/strong>.- Al entregar 700 equipos de laboratorios de ciencias para escuelas de la zona oriente de la entidad, el gobernador Eruviel \u00c1vila Villegas afirm\u00f3 que su administraci\u00f3n seguir\u00e1 fomentando una sana competencia entre los estudiantes, mediante becas a alumnos sobresalientes, equipos de c\u00f3mputo, intercambios al extranjero, entre otros apoyos, para estimular y recompensar su esfuerzo, con el objetivo de que tengan las herramientas necesarias para una formaci\u00f3n de calidad, que les permita ser ciudadanos exitosos que colaboren en el desarrollo del Estado de M\u00e9xico.<\/p>\n<p>\u201cLlevo a cabo este tipo de programas porque quiero generar una sana competencia en los alumnos, para que desde ahorita se ense\u00f1en a ser los mejores en su sal\u00f3n, en su escuela, en su municipio, en su estado; para que se vayan forjando esa mentalidad de pensar en grande. Si desde ahorita se forjan esa mentalidad de ser los mejores, el d\u00eda de ma\u00f1ana tambi\u00e9n ser\u00e1n los mejores en su trabajo, en su empresa, en el gobierno, en un laboratorio, en una instituci\u00f3n acad\u00e9mica. Quiero que sean y van a ser los mejores\u201d, expres\u00f3.<\/p>\n<p>En gira regional de trabajo, junto con todos los secretarios de la entidad, entreg\u00f3 est\u00edmulos incluidos en las Acciones por la Educaci\u00f3n, entre ellos estos 700\u00a0 equipos de laboratorio de ciencias a misma cantidad de escuelas secundarias, con una inversi\u00f3n de 100 millones de pesos, para la ense\u00f1anza de las energ\u00edas renovables y tecnolog\u00edas futuras.<\/p>\n<p>Entre el equipamiento se encuentran distintos sensores y un sistema de audio multifuncional; estos kits ser\u00e1n la herramienta id\u00f3nea para que los j\u00f3venes conozcan y se adentren a los temas cient\u00edficos y cuenten con mayores elementos para insertarse en el sector laboral.<\/p>\n<p>Asimismo, el gobernador entreg\u00f3 becas a integrantes de escoltas, equipos deportivos, vales para el mejoramiento de desayunadores y\u00a0 sanitarios escolares; lentes y zapatos ortop\u00e9dicos; computadoras para estudiantes con discapacidad y material did\u00e1ctico, entre otros est\u00edmulos.<\/p>\n<p>Eruviel \u00c1vila resalt\u00f3 que su gobierno trabaja para tener mexiquenses mejor preparados, adentrarlos en el mundo de la tecnolog\u00eda desde sus primeros a\u00f1os de estudio, continuar con la profesionalizaci\u00f3n de docentes y abrir posibilidades para mantener la educaci\u00f3n de vanguardia que se ofrece en el Estado de M\u00e9xico y en todo el pa\u00eds, gracias al impulso que le ha impregnado el gobierno de la Rep\u00fablica, que encabeza el presidente Enrique Pe\u00f1a Nieto.<\/p>\n<p>Posterior a este acto, el gobernador se traslad\u00f3 al municipio de Chicoloapan, donde otorg\u00f3 est\u00edmulos econ\u00f3micos, cr\u00e9ditos a la palabra, recursos a personas que padecen alguna enfermedad terminal, entre otros apoyos para mujeres.<b><\/b><\/p>\n<p>&nbsp;<\/p>\n","protected":false},"excerpt":{"rendered":"<p>Al entregar 700 equipos de laboratorios de ciencias para escuelas de la zona oriente de la entidad, el gobernador Eruviel \u00c1vila Villegas afirm\u00f3 que su administraci\u00f3n seguir\u00e1 fomentando una sana competencia entre los estudiantes, mediante becas a alumnos sobresalientes, equipos de c\u00f3mputo, intercambios al extranjero, entre otros apoyos, para estimular y recompensar su esfuerzo, con el objetivo de que tengan las herramientas necesarias para una formaci\u00f3n de calidad, que les permita ser ciudadanos exitosos que colaboren en el desarrollo del Estado de M\u00e9xico.<\/p>\n","protected":false},"author":3,"featured_media":132826,"comment_status":"open","ping_status":"open","sticky":false,"template":"","format":"standard","meta":{"_monsterinsights_skip_tracking":false,"_monsterinsights_sitenote_active":false,"_monsterinsights_sitenote_note":"","_monsterinsights_sitenote_category":0,"footnotes":""},"categories":[5],"tags":[5828,43675,2324],"class_list":["post-132762","post","type-post","status-publish","format-standard","has-post-thumbnail","hentry","category-estado-de-mexico","tag-eruviel-avila-villegas","tag-estado-de-mexico","tag-la-paz"],"_links":{"self":[{"href":"https:\/\/www.diarioimagen.net\/index.php?rest_route=\/wp\/v2\/posts\/132762","targetHints":{"allow":["GET"]}}],"collection":[{"href":"https:\/\/www.diarioimagen.net\/index.php?rest_route=\/wp\/v2\/posts"}],"about":[{"href":"https:\/\/www.diarioimagen.net\/index.php?rest_route=\/wp\/v2\/types\/post"}],"author":[{"embeddable":true,"href":"https:\/\/www.diarioimagen.net\/index.php?rest_route=\/wp\/v2\/users\/3"}],"replies":[{"embeddable":true,"href":"https:\/\/www.diarioimagen.net\/index.php?rest_route=%2Fwp%2Fv2%2Fcomments&post=132762"}],"version-history":[{"count":0,"href":"https:\/\/www.diarioimagen.net\/index.php?rest_route=\/wp\/v2\/posts\/132762\/revisions"}],"wp:featuredmedia":[{"embeddable":true,"href":"https:\/\/www.diarioimagen.net\/index.php?rest_route=\/wp\/v2\/media\/132826"}],"wp:attachment":[{"href":"https:\/\/www.diarioimagen.net\/index.php?rest_route=%2Fwp%2Fv2%2Fmedia&parent=132762"}],"wp:term":[{"taxonomy":"category","embeddable":true,"href":"https:\/\/www.diarioimagen.net\/index.php?rest_route=%2Fwp%2Fv2%2Fcategories&post=132762"},{"taxonomy":"post_tag","embeddable":true,"href":"https:\/\/www.diarioimagen.net\/index.php?rest_route=%2Fwp%2Fv2%2Ftags&post=132762"}],"curies":[{"name":"wp","href":"https:\/\/api.w.org\/{rel}","templated":true}]}}