{"id":132764,"date":"2013-05-22T00:08:51","date_gmt":"2013-05-22T05:08:51","guid":{"rendered":"http:\/\/www.diarioimagen.net\/?p=132764"},"modified":"2013-05-22T02:58:25","modified_gmt":"2013-05-22T07:58:25","slug":"ecatepec-fortalece-su-sistema-de-salud","status":"publish","type":"post","link":"https:\/\/www.diarioimagen.net\/?p=132764","title":{"rendered":"Ecatepec fortalece su sistema de salud"},"content":{"rendered":"<ul>\n<li><strong><em>Integra los consejos municipales en la materia y el de Protecci\u00f3n Contra Riesgos Sanitarios<\/em><\/strong><\/li>\n<\/ul>\n<div id=\"attachment_132832\" style=\"width: 250px\" class=\"wp-caption alignleft\"><a href=\"http:\/\/www.diarioimagen.net\/wp-content\/uploads\/2013\/05\/ECATEPEC-2103.jpg\"><img loading=\"lazy\" decoding=\"async\" aria-describedby=\"caption-attachment-132832\" class=\"size-medium wp-image-132832\" alt=\"El alcalde de Ecatepec, Pablo Bedolla L\u00f3pez, encabez\u00f3 la instalaci\u00f3n del Consejo Municipal de Salud.\" src=\"http:\/\/www.diarioimagen.net\/wp-content\/uploads\/2013\/05\/ECATEPEC-2103-240x135.jpg\" width=\"240\" height=\"135\" srcset=\"https:\/\/www.diarioimagen.net\/wp-content\/uploads\/2013\/05\/ECATEPEC-2103-240x135.jpg 240w, https:\/\/www.diarioimagen.net\/wp-content\/uploads\/2013\/05\/ECATEPEC-2103-420x236.jpg 420w, https:\/\/www.diarioimagen.net\/wp-content\/uploads\/2013\/05\/ECATEPEC-2103-235x132.jpg 235w, https:\/\/www.diarioimagen.net\/wp-content\/uploads\/2013\/05\/ECATEPEC-2103-202x114.jpg 202w, https:\/\/www.diarioimagen.net\/wp-content\/uploads\/2013\/05\/ECATEPEC-2103-350x196.jpg 350w, https:\/\/www.diarioimagen.net\/wp-content\/uploads\/2013\/05\/ECATEPEC-2103-220x123.jpg 220w, https:\/\/www.diarioimagen.net\/wp-content\/uploads\/2013\/05\/ECATEPEC-2103-237x132.jpg 237w, https:\/\/www.diarioimagen.net\/wp-content\/uploads\/2013\/05\/ECATEPEC-2103.jpg 480w\" sizes=\"auto, (max-width: 240px) 100vw, 240px\" \/><\/a><p id=\"caption-attachment-132832\" class=\"wp-caption-text\">El alcalde de Ecatepec, Pablo Bedolla L\u00f3pez, encabez\u00f3 la instalaci\u00f3n del Consejo Municipal de Salud.<\/p><\/div>\n<p><strong>Ecatepec, Estado de M\u00e9xico<\/strong>.- En Ecatepec se integr\u00f3 el Consejo Municipal de Salud y el Comit\u00e9 para la Protecci\u00f3n Contra Riesgos Sanitarios, mismo que ser\u00e1 constituido por representantes de las instituciones de salud estatales y federales: ISSTE (3 cl\u00ednicas), PEMEX (1 cl\u00ednica), ISEM (17 centros m\u00e9dicos y 2 hospitales generales), \u00a0IMMS (3 hospitales generales de zona y 6 unidades m\u00e9dico familiar), ISSEMYM (1 hospital,1 cl\u00ednica de medicina general y 1 cl\u00ednica familiar), DIF (3 cl\u00ednicas y 2 centros de salud) y la Cruz Roja Mexicana; por lo que el Subdirector de Normatividad de la Coordinaci\u00f3n de Regulaci\u00f3n Sanitaria, Cesar Orona Castillo les tom\u00f3 protesta a los integrantes.<\/p>\n<p>Este consejo permitir\u00e1 consolidar un Sistema Municipal de Salud que brinde mejores servicios, estableciendo estrategias que permitan acercarlos a la poblaci\u00f3n, ampliando su cobertura y respondiendo de manera eficaz a las necesidades, adem\u00e1s de fomentar la cultura de la prevenci\u00f3n.<\/p>\n<p>Por su parte el presidente municipal Pablo Bedolla L\u00f3pez, expres\u00f3 que gracias a la instalaci\u00f3n del Consejo, se podr\u00e1 atender algunos rezagos en temas de salud y se pondr\u00e1 mayor atenci\u00f3n a los problemas que se presenten dentro del mismo.<\/p>\n<p>El Comit\u00e9 Contra Riesgos tiene el objetivo de proteger a la poblaci\u00f3n de peligros sanitarios como son alimentos mal lavados, consumidos en la v\u00eda p\u00fablica, entre otros, as\u00ed como regular y controlar algunas conductas que son comunes en la pobaci\u00f3n m\u00e1s joven y que representan un riesgo para la salud y la sociedad, como lo son el consumo de alcohol y tabaco.<b><\/b><\/p>\n<p>&nbsp;<\/p>\n","protected":false},"excerpt":{"rendered":"<p>En Ecatepec se integr\u00f3 el Consejo Municipal de Salud y el Comit\u00e9 para la Protecci\u00f3n Contra Riesgos Sanitarios, mismo que ser\u00e1 constituido por representantes de las instituciones de salud estatales y federales: ISSTE (3 cl\u00ednicas), PEMEX (1 cl\u00ednica), ISEM (17 centros m\u00e9dicos y 2 hospitales generales),  IMMS (3 hospitales generales de zona y 6 unidades m\u00e9dico familiar), ISSEMYM (1 hospital,1 cl\u00ednica de medicina general y 1 cl\u00ednica familiar), DIF (3 cl\u00ednicas y 2 centros de salud) y la Cruz Roja Mexicana; por lo que el Subdirector de Normatividad de la Coordinaci\u00f3n de Regulaci\u00f3n Sanitaria, Cesar Orona Castillo les tom\u00f3 protesta a los integrantes.<\/p>\n","protected":false},"author":3,"featured_media":132832,"comment_status":"open","ping_status":"open","sticky":false,"template":"","format":"standard","meta":{"_monsterinsights_skip_tracking":false,"_monsterinsights_sitenote_active":false,"_monsterinsights_sitenote_note":"","_monsterinsights_sitenote_category":0,"footnotes":""},"categories":[5],"tags":[454,43675,2193,43692],"class_list":["post-132764","post","type-post","status-publish","format-standard","has-post-thumbnail","hentry","category-estado-de-mexico","tag-ecatepec","tag-estado-de-mexico","tag-pablo-bedolla-lopez","tag-salud"],"_links":{"self":[{"href":"https:\/\/www.diarioimagen.net\/index.php?rest_route=\/wp\/v2\/posts\/132764","targetHints":{"allow":["GET"]}}],"collection":[{"href":"https:\/\/www.diarioimagen.net\/index.php?rest_route=\/wp\/v2\/posts"}],"about":[{"href":"https:\/\/www.diarioimagen.net\/index.php?rest_route=\/wp\/v2\/types\/post"}],"author":[{"embeddable":true,"href":"https:\/\/www.diarioimagen.net\/index.php?rest_route=\/wp\/v2\/users\/3"}],"replies":[{"embeddable":true,"href":"https:\/\/www.diarioimagen.net\/index.php?rest_route=%2Fwp%2Fv2%2Fcomments&post=132764"}],"version-history":[{"count":0,"href":"https:\/\/www.diarioimagen.net\/index.php?rest_route=\/wp\/v2\/posts\/132764\/revisions"}],"wp:featuredmedia":[{"embeddable":true,"href":"https:\/\/www.diarioimagen.net\/index.php?rest_route=\/wp\/v2\/media\/132832"}],"wp:attachment":[{"href":"https:\/\/www.diarioimagen.net\/index.php?rest_route=%2Fwp%2Fv2%2Fmedia&parent=132764"}],"wp:term":[{"taxonomy":"category","embeddable":true,"href":"https:\/\/www.diarioimagen.net\/index.php?rest_route=%2Fwp%2Fv2%2Fcategories&post=132764"},{"taxonomy":"post_tag","embeddable":true,"href":"https:\/\/www.diarioimagen.net\/index.php?rest_route=%2Fwp%2Fv2%2Ftags&post=132764"}],"curies":[{"name":"wp","href":"https:\/\/api.w.org\/{rel}","templated":true}]}}