{"id":132770,"date":"2013-05-22T00:09:43","date_gmt":"2013-05-22T05:09:43","guid":{"rendered":"http:\/\/www.diarioimagen.net\/?p=132770"},"modified":"2013-05-22T03:03:11","modified_gmt":"2013-05-22T08:03:11","slug":"por-segunda-vez-desalojan-a-precaristas-del-ajusco","status":"publish","type":"post","link":"https:\/\/www.diarioimagen.net\/?p=132770","title":{"rendered":"Por segunda vez desalojan a precaristas del Ajusco"},"content":{"rendered":"<ul>\n<li><strong><em>Alrededor de 2 mil elementos policiacos fueron desplegados para retirarlos de la zona ecol\u00f3gica<\/em><\/strong><\/li>\n<\/ul>\n<div id=\"attachment_132847\" style=\"width: 250px\" class=\"wp-caption alignleft\"><a href=\"http:\/\/www.diarioimagen.net\/wp-content\/uploads\/2013\/05\/desalojo-2103.jpg\"><img loading=\"lazy\" decoding=\"async\" aria-describedby=\"caption-attachment-132847\" class=\"size-medium wp-image-132847\" alt=\"Un segundo desalojo realiz\u00f3 ayer la Secretar\u00eda de Seguridad P\u00fablica del Distrito Federal en la zona ecol\u00f3gica del Ajusco, en el kil\u00f3metro 8.5.\" src=\"http:\/\/www.diarioimagen.net\/wp-content\/uploads\/2013\/05\/desalojo-2103-240x135.jpg\" width=\"240\" height=\"135\" srcset=\"https:\/\/www.diarioimagen.net\/wp-content\/uploads\/2013\/05\/desalojo-2103-240x135.jpg 240w, https:\/\/www.diarioimagen.net\/wp-content\/uploads\/2013\/05\/desalojo-2103-420x236.jpg 420w, https:\/\/www.diarioimagen.net\/wp-content\/uploads\/2013\/05\/desalojo-2103-235x132.jpg 235w, https:\/\/www.diarioimagen.net\/wp-content\/uploads\/2013\/05\/desalojo-2103-202x114.jpg 202w, https:\/\/www.diarioimagen.net\/wp-content\/uploads\/2013\/05\/desalojo-2103-350x196.jpg 350w, https:\/\/www.diarioimagen.net\/wp-content\/uploads\/2013\/05\/desalojo-2103-220x123.jpg 220w, https:\/\/www.diarioimagen.net\/wp-content\/uploads\/2013\/05\/desalojo-2103-237x132.jpg 237w, https:\/\/www.diarioimagen.net\/wp-content\/uploads\/2013\/05\/desalojo-2103.jpg 480w\" sizes=\"auto, (max-width: 240px) 100vw, 240px\" \/><\/a><p id=\"caption-attachment-132847\" class=\"wp-caption-text\">Un segundo desalojo realiz\u00f3 ayer la Secretar\u00eda de Seguridad P\u00fablica del Distrito Federal en la zona ecol\u00f3gica del Ajusco, en el kil\u00f3metro 8.5.<\/p><\/div>\n<p>Autoridades del Distrito Federal realizaron ayer un segundo desalojo de precaristas que invadieron la zona ecol\u00f3gica del cerro del Ajusco, quienes previamente ya hab\u00edan sido removidos de la zona y volvieron a apoderarse del predio.<\/p>\n<p>Alrededor de 2 mil elementos encabezados por autoridades de la Secretar\u00eda del Medio Ambiente llegaron al sitio ubicado en el kil\u00f3metro 8.5 de la carretera Panor\u00e1mica, en San Andr\u00e9s Totoltepec, delegaci\u00f3n Tlalpan, para retirar a los invasores.<\/p>\n<p>Los elementos lograron, de manera pac\u00edfica, desalojar a los habitantes m\u00e1s de 300 viviendas, sin que se registraran enfrentamientos. Alrededor de las 07:00 horas, m\u00e1s de mil 500 polic\u00edas y 500 elementos de otras corporaciones, arribaron al predio<\/p>\n<p>Aunque el pasado 14 de mayo, la SSP-DF y la Secretar\u00eda del Medio Ambiente realizaron un operativo de desalojo, las autoridades detectaron que algunos\u00a0 de los pobladores regresaron para habitar de nueva cuenta los asentamientos irregulares.<\/p>\n<p>Por lo anterior fue necesario que la fuerza p\u00fablica regresara al sitio para invitar a las familias a desalojar la zona.<\/p>\n<p>Los habitantes del sitio comenzaron a rescatar parte de sus pertenencias como tinacos, ladrillos, l\u00e1minas\u00a0 de diversos materiales as\u00ed como objetos personales. Al sitio acudi\u00f3 la Secretaria de Medio Ambiente, Tanya M\u00fcller, as\u00ed como funcionarios de la secretar\u00eda de Gobierno, de la Procuradur\u00eda Ambiental y de Ordenamiento Territorial (PAOT) as\u00ed como de la Comisi\u00f3n de Recursos Naturales (Corena).<\/p>\n<p>Igual que en el anterior operativo, las autoridades derribaron las casas que los sus habitantes construyeron en el \u00faltimo a\u00f1o y medio en la zona catalogada como \u00e1rea natural protegida. Tania M\u00fcller asever\u00f3 que durante el operativo no se hubo personas detenidas.<\/p>\n<p>Entre los inmuebles que fueron destruidos se encuentra el de Enedelia Hern\u00e1ndez, se\u00f1alada por los colonos como l\u00edder vecinal.<\/p>\n<p>La casa de Hern\u00e1ndez era de tres niveles y al interior contaba con escaleras de m\u00e1rmol, adem\u00e1s de ventanas con canceles de vidrio biselado, puertas de hierro y muebles de cedro.<\/p>\n<p>&nbsp;<\/p>\n","protected":false},"excerpt":{"rendered":"<p>Autoridades del Distrito Federal realizaron ayer un segundo desalojo de precaristas que invadieron la zona ecol\u00f3gica del cerro del Ajusco, quienes previamente ya hab\u00edan sido removidos de la zona y volvieron a apoderarse del predio.<\/p>\n","protected":false},"author":3,"featured_media":132847,"comment_status":"open","ping_status":"open","sticky":false,"template":"","format":"standard","meta":{"_monsterinsights_skip_tracking":false,"_monsterinsights_sitenote_active":false,"_monsterinsights_sitenote_note":"","_monsterinsights_sitenote_category":0,"footnotes":""},"categories":[6],"tags":[1080,204,27076,39],"class_list":["post-132770","post","type-post","status-publish","format-standard","has-post-thumbnail","hentry","category-cd-de-mexico","tag-ajusco","tag-ciudad-de-mexico","tag-desalojo","tag-distrito-federal"],"_links":{"self":[{"href":"https:\/\/www.diarioimagen.net\/index.php?rest_route=\/wp\/v2\/posts\/132770","targetHints":{"allow":["GET"]}}],"collection":[{"href":"https:\/\/www.diarioimagen.net\/index.php?rest_route=\/wp\/v2\/posts"}],"about":[{"href":"https:\/\/www.diarioimagen.net\/index.php?rest_route=\/wp\/v2\/types\/post"}],"author":[{"embeddable":true,"href":"https:\/\/www.diarioimagen.net\/index.php?rest_route=\/wp\/v2\/users\/3"}],"replies":[{"embeddable":true,"href":"https:\/\/www.diarioimagen.net\/index.php?rest_route=%2Fwp%2Fv2%2Fcomments&post=132770"}],"version-history":[{"count":0,"href":"https:\/\/www.diarioimagen.net\/index.php?rest_route=\/wp\/v2\/posts\/132770\/revisions"}],"wp:featuredmedia":[{"embeddable":true,"href":"https:\/\/www.diarioimagen.net\/index.php?rest_route=\/wp\/v2\/media\/132847"}],"wp:attachment":[{"href":"https:\/\/www.diarioimagen.net\/index.php?rest_route=%2Fwp%2Fv2%2Fmedia&parent=132770"}],"wp:term":[{"taxonomy":"category","embeddable":true,"href":"https:\/\/www.diarioimagen.net\/index.php?rest_route=%2Fwp%2Fv2%2Fcategories&post=132770"},{"taxonomy":"post_tag","embeddable":true,"href":"https:\/\/www.diarioimagen.net\/index.php?rest_route=%2Fwp%2Fv2%2Ftags&post=132770"}],"curies":[{"name":"wp","href":"https:\/\/api.w.org\/{rel}","templated":true}]}}