{"id":132772,"date":"2013-05-22T00:07:40","date_gmt":"2013-05-22T05:07:40","guid":{"rendered":"http:\/\/www.diarioimagen.net\/?p=132772"},"modified":"2013-05-22T03:20:38","modified_gmt":"2013-05-22T08:20:38","slug":"activan-en-valle-de-mexico-precontingencia-ambiental","status":"publish","type":"post","link":"https:\/\/www.diarioimagen.net\/?p=132772","title":{"rendered":"Activan en Valle de M\u00e9xico precontingencia ambiental"},"content":{"rendered":"<ul>\n<li><strong><em>El ozono registr\u00f3 151 puntos en el sureste<\/em><\/strong><\/li>\n<\/ul>\n<div id=\"attachment_132850\" style=\"width: 250px\" class=\"wp-caption alignleft\"><a href=\"http:\/\/www.diarioimagen.net\/wp-content\/uploads\/2013\/05\/contingencia-2103.jpg\"><img loading=\"lazy\" decoding=\"async\" aria-describedby=\"caption-attachment-132850\" class=\"size-medium wp-image-132850\" alt=\"La Comisi\u00f3n Ambiental Metropolitana declar\u00f3 ayer precontingencia, al detectar 151 puntos de ozono.\" src=\"http:\/\/www.diarioimagen.net\/wp-content\/uploads\/2013\/05\/contingencia-2103-240x135.jpg\" width=\"240\" height=\"135\" srcset=\"https:\/\/www.diarioimagen.net\/wp-content\/uploads\/2013\/05\/contingencia-2103-240x135.jpg 240w, https:\/\/www.diarioimagen.net\/wp-content\/uploads\/2013\/05\/contingencia-2103-420x236.jpg 420w, https:\/\/www.diarioimagen.net\/wp-content\/uploads\/2013\/05\/contingencia-2103-235x132.jpg 235w, https:\/\/www.diarioimagen.net\/wp-content\/uploads\/2013\/05\/contingencia-2103-202x114.jpg 202w, https:\/\/www.diarioimagen.net\/wp-content\/uploads\/2013\/05\/contingencia-2103-350x196.jpg 350w, https:\/\/www.diarioimagen.net\/wp-content\/uploads\/2013\/05\/contingencia-2103-220x123.jpg 220w, https:\/\/www.diarioimagen.net\/wp-content\/uploads\/2013\/05\/contingencia-2103-237x132.jpg 237w, https:\/\/www.diarioimagen.net\/wp-content\/uploads\/2013\/05\/contingencia-2103.jpg 480w\" sizes=\"auto, (max-width: 240px) 100vw, 240px\" \/><\/a><p id=\"caption-attachment-132850\" class=\"wp-caption-text\">La Comisi\u00f3n Ambiental Metropolitana declar\u00f3 ayer precontingencia, al detectar 151 puntos de ozono.<\/p><\/div>\n<p>La Comisi\u00f3n Ambiental Metropolitana (CAM) activ\u00f3 la Fase de Precontingencia Ambiental por ozono en el Valle de M\u00e9xico, luego que en la zona sureste se registraron 151 puntos en el \u00cdndice Metropolitano de la Calidad del Aire (Imeca).<\/p>\n<p>El organismo explic\u00f3 que la mala calidad del aire en esa zona fue ocasionada por la influencia de un sistema de alta presi\u00f3n, la falta de nubosidad, la intensa radiaci\u00f3n solar y una fuerte corriente de viento de la superficie.<\/p>\n<p>La comisi\u00f3n advirti\u00f3 que las altas concentraciones de ozono pueden aumentar el riesgo de da\u00f1os a la salud en personas con enfermedades cardiovasculares como cardiopat\u00eda coronaria, apoplej\u00eda e hipertensi\u00f3n.<\/p>\n<p>Asimismo, en el caso de personas con problemas respiratorios como asma, gripa, tos, dolor de pecho, sibilancia, sequedad y dolor en la garganta, hipertensi\u00f3n pulmonar, bronquitis, enfisema pulmonar, enfermedad pulmonar obstructiva cr\u00f3nica.<\/p>\n<p>Ante ello, recomend\u00f3 a la poblaci\u00f3n permanecer en interiores entre las 13:00 y las 19:00 horas, principalmente grupos sensibles como ni\u00f1os, adultos mayores y personas con problemas respiratorios y cardiovasculares.<\/p>\n<p>De igual manera, exhort\u00f3 a los habitantes de la capital del pa\u00eds a tomar medidas necesarias para contribuir con la reducci\u00f3n de los niveles de contaminaci\u00f3n, como el uso moderado del autom\u00f3vil.<\/p>\n<p>&nbsp;<\/p>\n","protected":false},"excerpt":{"rendered":"<p>La Comisi\u00f3n Ambiental Metropolitana (CAM) activ\u00f3 la Fase de Precontingencia Ambiental por ozono en el Valle de M\u00e9xico, luego que en la zona sureste se registraron 151 puntos en el \u00cdndice Metropolitano de la Calidad del Aire (Imeca).<\/p>\n","protected":false},"author":3,"featured_media":132850,"comment_status":"open","ping_status":"open","sticky":false,"template":"","format":"standard","meta":{"_monsterinsights_skip_tracking":false,"_monsterinsights_sitenote_active":false,"_monsterinsights_sitenote_note":"","_monsterinsights_sitenote_category":0,"footnotes":""},"categories":[6],"tags":[204,4869],"class_list":["post-132772","post","type-post","status-publish","format-standard","has-post-thumbnail","hentry","category-cd-de-mexico","tag-ciudad-de-mexico","tag-comision-ambiental-metropolitana"],"_links":{"self":[{"href":"https:\/\/www.diarioimagen.net\/index.php?rest_route=\/wp\/v2\/posts\/132772","targetHints":{"allow":["GET"]}}],"collection":[{"href":"https:\/\/www.diarioimagen.net\/index.php?rest_route=\/wp\/v2\/posts"}],"about":[{"href":"https:\/\/www.diarioimagen.net\/index.php?rest_route=\/wp\/v2\/types\/post"}],"author":[{"embeddable":true,"href":"https:\/\/www.diarioimagen.net\/index.php?rest_route=\/wp\/v2\/users\/3"}],"replies":[{"embeddable":true,"href":"https:\/\/www.diarioimagen.net\/index.php?rest_route=%2Fwp%2Fv2%2Fcomments&post=132772"}],"version-history":[{"count":0,"href":"https:\/\/www.diarioimagen.net\/index.php?rest_route=\/wp\/v2\/posts\/132772\/revisions"}],"wp:featuredmedia":[{"embeddable":true,"href":"https:\/\/www.diarioimagen.net\/index.php?rest_route=\/wp\/v2\/media\/132850"}],"wp:attachment":[{"href":"https:\/\/www.diarioimagen.net\/index.php?rest_route=%2Fwp%2Fv2%2Fmedia&parent=132772"}],"wp:term":[{"taxonomy":"category","embeddable":true,"href":"https:\/\/www.diarioimagen.net\/index.php?rest_route=%2Fwp%2Fv2%2Fcategories&post=132772"},{"taxonomy":"post_tag","embeddable":true,"href":"https:\/\/www.diarioimagen.net\/index.php?rest_route=%2Fwp%2Fv2%2Ftags&post=132772"}],"curies":[{"name":"wp","href":"https:\/\/api.w.org\/{rel}","templated":true}]}}