{"id":132907,"date":"2013-05-23T00:13:12","date_gmt":"2013-05-23T05:13:12","guid":{"rendered":"http:\/\/www.diarioimagen.net\/?p=132907"},"modified":"2013-05-23T03:25:00","modified_gmt":"2013-05-23T08:25:00","slug":"dar-rumbo-a-coordinacion-fiscal-eruviel-avila-villegas","status":"publish","type":"post","link":"https:\/\/www.diarioimagen.net\/?p=132907","title":{"rendered":"Dar rumbo a coordinaci\u00f3n fiscal: Eruviel \u00c1vila Villegas"},"content":{"rendered":"<h2>Arco Norte<\/h2>\n<h5>Jos\u00e9 Luis Monta\u00f1ez Aguilar<\/h5>\n<p><span>\u00a0<\/span><\/p>\n<div id=\"attachment_132951\" style=\"width: 250px\" class=\"wp-caption alignleft\"><a href=\"http:\/\/www.diarioimagen.net\/wp-content\/uploads\/2013\/05\/arco-2104.jpg\"><img loading=\"lazy\" decoding=\"async\" aria-describedby=\"caption-attachment-132951\" class=\"size-medium wp-image-132951\" alt=\"Eruviel \u00c1vila Villegas, gobernador del Estado de M\u00e9xico.\" src=\"http:\/\/www.diarioimagen.net\/wp-content\/uploads\/2013\/05\/arco-2104-240x135.jpg\" width=\"240\" height=\"135\" srcset=\"https:\/\/www.diarioimagen.net\/wp-content\/uploads\/2013\/05\/arco-2104-240x135.jpg 240w, https:\/\/www.diarioimagen.net\/wp-content\/uploads\/2013\/05\/arco-2104-420x236.jpg 420w, https:\/\/www.diarioimagen.net\/wp-content\/uploads\/2013\/05\/arco-2104-235x132.jpg 235w, https:\/\/www.diarioimagen.net\/wp-content\/uploads\/2013\/05\/arco-2104-202x114.jpg 202w, https:\/\/www.diarioimagen.net\/wp-content\/uploads\/2013\/05\/arco-2104-350x196.jpg 350w, https:\/\/www.diarioimagen.net\/wp-content\/uploads\/2013\/05\/arco-2104-220x123.jpg 220w, https:\/\/www.diarioimagen.net\/wp-content\/uploads\/2013\/05\/arco-2104-237x132.jpg 237w, https:\/\/www.diarioimagen.net\/wp-content\/uploads\/2013\/05\/arco-2104.jpg 480w\" sizes=\"auto, (max-width: 240px) 100vw, 240px\" \/><\/a><p id=\"caption-attachment-132951\" class=\"wp-caption-text\">Eruviel \u00c1vila Villegas, gobernador del Estado de M\u00e9xico.<\/p><\/div>\n<p><span>M\u00e9xico se encuentra ante una oportunidad \u00fanica para despegar en materia econ\u00f3mica y hay que aprovecharla, se\u00f1ala el gobernador del Estado de M\u00e9xico, Eruviel \u00c1vila Villegas, quien manifest\u00f3 que para ello se requiere de una reforma hacendaria que apunte hacia un nuevo rumbo en el sistema nacional de coordinaci\u00f3n fiscal, pues es importante atender cada uno de los factores clave para el crecimiento. \u201cEl pa\u00eds no puede esperar m\u00e1s por una reforma hacendaria, que marque un esquema de corresponsabilidad, cooperaci\u00f3n, solidaridad e interdependencia entre los distintos \u00f3rdenes de gobierno, que se traduzca en los mejores resultados para los ciudadanos, que se traduzca en m\u00e1s y mejores programas sociales, obras y servicios p\u00fablicos como lo demanda la poblaci\u00f3n. Requerimos una reforma que distribuya las cargas fiscales de manera justa, equitativa y que incida en una mayor y m\u00e1s eficiente coordinaci\u00f3n fiscal, que al mismo tiempo propicie de manera sostenida el crecimiento econ\u00f3mico que requiere nuestro pa\u00eds\u201d, expres\u00f3. Al darse a conocer la apertura de la delegaci\u00f3n de la Procuradur\u00eda de la Defensa del Contribuyente en el Estado de M\u00e9xico, el gobernador celebr\u00f3 que en el pa\u00eds exista este \u00f3rgano, descentralizado y aut\u00f3nomo, que se encarga de preservar, defender y promover los derechos de los contribuyentes, el cual se constituye como el primer ombudsman de quienes pagan impuestos que, al mismo tiempo promueve una cultura contributiva., basada en la transparencia y equidad.<\/span><\/p>\n<p><em><a href=\"mailto:montanezaguilar@gmail.com\" target=\"_blank\">montanezaguilar@gmail.com<\/a><\/em><\/p>\n","protected":false},"excerpt":{"rendered":"<p><span style=\"color: #005497;\"><strong>Jos\u00e9 Luis Monta\u00f1ez Aguilar<\/strong><\/span><br \/>\n<br \/>\nM\u00e9xico se encuentra ante una oportunidad \u00fanica para despegar en materia econ\u00f3mica y hay que aprovecharla, se\u00f1ala el gobernador del Estado de M\u00e9xico, Eruviel \u00c1vila Villegas, quien manifest\u00f3 que para ello se requiere de una reforma hacendaria que apunte hacia un nuevo rumbo en el sistema nacional de coordinaci\u00f3n fiscal, pues es importante atender cada uno de los factores clave para el crecimiento. <\/p>\n","protected":false},"author":3,"featured_media":132951,"comment_status":"open","ping_status":"open","sticky":false,"template":"","format":"standard","meta":{"_monsterinsights_skip_tracking":false,"_monsterinsights_sitenote_active":false,"_monsterinsights_sitenote_note":"","_monsterinsights_sitenote_category":0,"footnotes":""},"categories":[5],"tags":[13284,5828,43675,43704,43674],"class_list":["post-132907","post","type-post","status-publish","format-standard","has-post-thumbnail","hentry","category-estado-de-mexico","tag-arco-norte","tag-eruviel-avila-villegas","tag-estado-de-mexico","tag-jose-luis-montanez-aguilar","tag-opinion"],"_links":{"self":[{"href":"https:\/\/www.diarioimagen.net\/index.php?rest_route=\/wp\/v2\/posts\/132907","targetHints":{"allow":["GET"]}}],"collection":[{"href":"https:\/\/www.diarioimagen.net\/index.php?rest_route=\/wp\/v2\/posts"}],"about":[{"href":"https:\/\/www.diarioimagen.net\/index.php?rest_route=\/wp\/v2\/types\/post"}],"author":[{"embeddable":true,"href":"https:\/\/www.diarioimagen.net\/index.php?rest_route=\/wp\/v2\/users\/3"}],"replies":[{"embeddable":true,"href":"https:\/\/www.diarioimagen.net\/index.php?rest_route=%2Fwp%2Fv2%2Fcomments&post=132907"}],"version-history":[{"count":0,"href":"https:\/\/www.diarioimagen.net\/index.php?rest_route=\/wp\/v2\/posts\/132907\/revisions"}],"wp:featuredmedia":[{"embeddable":true,"href":"https:\/\/www.diarioimagen.net\/index.php?rest_route=\/wp\/v2\/media\/132951"}],"wp:attachment":[{"href":"https:\/\/www.diarioimagen.net\/index.php?rest_route=%2Fwp%2Fv2%2Fmedia&parent=132907"}],"wp:term":[{"taxonomy":"category","embeddable":true,"href":"https:\/\/www.diarioimagen.net\/index.php?rest_route=%2Fwp%2Fv2%2Fcategories&post=132907"},{"taxonomy":"post_tag","embeddable":true,"href":"https:\/\/www.diarioimagen.net\/index.php?rest_route=%2Fwp%2Fv2%2Ftags&post=132907"}],"curies":[{"name":"wp","href":"https:\/\/api.w.org\/{rel}","templated":true}]}}