{"id":132922,"date":"2013-05-23T00:08:39","date_gmt":"2013-05-23T05:08:39","guid":{"rendered":"http:\/\/www.diarioimagen.net\/?p=132922"},"modified":"2013-05-23T03:31:12","modified_gmt":"2013-05-23T08:31:12","slug":"buscan-reconocimiento-a-biblioteca-del-edomex","status":"publish","type":"post","link":"https:\/\/www.diarioimagen.net\/?p=132922","title":{"rendered":"Buscan reconocimiento a biblioteca del Edomex"},"content":{"rendered":"<ul>\n<li><strong><em>Quieren se declare \u201cPatrimonio Nacional\u201d<\/em><\/strong><\/li>\n<\/ul>\n<div id=\"attachment_132976\" style=\"width: 250px\" class=\"wp-caption alignleft\"><a href=\"http:\/\/www.diarioimagen.net\/wp-content\/uploads\/2013\/05\/biblioteca-2104.jpg\"><img loading=\"lazy\" decoding=\"async\" aria-describedby=\"caption-attachment-132976\" class=\"size-medium wp-image-132976\" alt=\"Personal de la Biblioteca \u201cJos\u00e9 Mar\u00eda Luis Mora\u201d dependiente del Poder Legislativo del Estado de M\u00e9xico, se capacita antes de que se haga la declaratoria de que su acervo es \u201cPatrimonio Nacional\u201d.\" src=\"http:\/\/www.diarioimagen.net\/wp-content\/uploads\/2013\/05\/biblioteca-2104-240x135.jpg\" width=\"240\" height=\"135\" srcset=\"https:\/\/www.diarioimagen.net\/wp-content\/uploads\/2013\/05\/biblioteca-2104-240x135.jpg 240w, https:\/\/www.diarioimagen.net\/wp-content\/uploads\/2013\/05\/biblioteca-2104-420x236.jpg 420w, https:\/\/www.diarioimagen.net\/wp-content\/uploads\/2013\/05\/biblioteca-2104-235x132.jpg 235w, https:\/\/www.diarioimagen.net\/wp-content\/uploads\/2013\/05\/biblioteca-2104-202x114.jpg 202w, https:\/\/www.diarioimagen.net\/wp-content\/uploads\/2013\/05\/biblioteca-2104-350x196.jpg 350w, https:\/\/www.diarioimagen.net\/wp-content\/uploads\/2013\/05\/biblioteca-2104-220x123.jpg 220w, https:\/\/www.diarioimagen.net\/wp-content\/uploads\/2013\/05\/biblioteca-2104-237x132.jpg 237w, https:\/\/www.diarioimagen.net\/wp-content\/uploads\/2013\/05\/biblioteca-2104.jpg 480w\" sizes=\"auto, (max-width: 240px) 100vw, 240px\" \/><\/a><p id=\"caption-attachment-132976\" class=\"wp-caption-text\">Personal de la Biblioteca \u201cJos\u00e9 Mar\u00eda Luis Mora\u201d dependiente del Poder Legislativo del Estado de M\u00e9xico, se capacita antes de que se haga la declaratoria de que su acervo es \u201cPatrimonio Nacional\u201d.<\/p><\/div>\n<p>Con el prop\u00f3sito de obtener la declaratoria de \u201cPatrimonio Nacional\u201d para el Archivo Hist\u00f3rico del Poder Legislativo, personal de la Biblioteca \u201cDr. Jos\u00e9 Mar\u00eda Luis Mora\u201d, que salvaguarda parte del acervo hist\u00f3rico de la entidad, asiste al curso de capacitaci\u00f3n sobre el contenido y manejo del Sistema \u00danico de Registro\u00a0 P\u00fablico de Monumentos y Zonas Arqueol\u00f3gicas e Hist\u00f3ricas, a cargo de las especialistas del Instituto Nacional de Antropolog\u00eda e Historia (INAH), Ileana Echauri P\u00e9rez y Wanda Hern\u00e1ndez Uribe.<\/p>\n<p>Ante Alfonso Macedo Aguilar, coordinador de la Biblioteca en cuyas instalaciones se resguarda dicho acervo, las especialistas destacaron que \u00e9sta podr\u00eda ser la primera instituci\u00f3n p\u00fablica en conseguir tal declaratoria en el Estado de M\u00e9xico. Durante el curso, explicaron que este hecho favorecer\u00eda la protecci\u00f3n, tanto institucional como jur\u00eddica de su patrimonio, pues al catalogarse en el referido registro p\u00fablico, se impide que los documentos sean ilegalmente enajenados o sustra\u00eddos.<\/p>\n<p>Este registro facilita, entre otras cosas, la identificaci\u00f3n de las piezas \u00fanicas por su valor cultural, detectar acervos que no han sido custodiados adecuadamente, contar con informaci\u00f3n confiable y estandarizada para ponerla m\u00e1s f\u00e1cilmente a disposici\u00f3n de la comunidad acad\u00e9mica.<\/p>\n<p>Macedo Aguilar explic\u00f3 tambi\u00e9n que la declaratoria es una figura asentada y normada en la Ley Federal sobre Monumentos y Zonas Arqueol\u00f3gicos, Art\u00edsticos e Hist\u00f3ricos, misma que precisa en el procedimiento para obtenerla, una primera etapa de vaciado de los datos en la correspondiente ficha de inscripci\u00f3n y gesti\u00f3n; una segunda de validaci\u00f3n de los mismos y la tercera y \u00faltima que consiste en la entrega de un \u201cFolio Real\u201d que la da por conseguida.<b><\/b><\/p>\n<p>&nbsp;<\/p>\n","protected":false},"excerpt":{"rendered":"<p>Con el prop\u00f3sito de obtener la declaratoria de \u201cPatrimonio Nacional\u201d para el Archivo Hist\u00f3rico del Poder Legislativo, personal de la Biblioteca \u201cDr. Jos\u00e9 Mar\u00eda Luis Mora\u201d, que salvaguarda parte del acervo hist\u00f3rico de la entidad, asiste al curso de capacitaci\u00f3n sobre el contenido y manejo del Sistema \u00danico de Registro  P\u00fablico de Monumentos y Zonas Arqueol\u00f3gicas e Hist\u00f3ricas, a cargo de las especialistas del Instituto Nacional de Antropolog\u00eda e Historia (INAH), Ileana Echauri P\u00e9rez y Wanda Hern\u00e1ndez Uribe.<\/p>\n","protected":false},"author":3,"featured_media":132976,"comment_status":"open","ping_status":"open","sticky":false,"template":"","format":"standard","meta":{"_monsterinsights_skip_tracking":false,"_monsterinsights_sitenote_active":false,"_monsterinsights_sitenote_note":"","_monsterinsights_sitenote_category":0,"footnotes":""},"categories":[5],"tags":[43675],"class_list":["post-132922","post","type-post","status-publish","format-standard","has-post-thumbnail","hentry","category-estado-de-mexico","tag-estado-de-mexico"],"_links":{"self":[{"href":"https:\/\/www.diarioimagen.net\/index.php?rest_route=\/wp\/v2\/posts\/132922","targetHints":{"allow":["GET"]}}],"collection":[{"href":"https:\/\/www.diarioimagen.net\/index.php?rest_route=\/wp\/v2\/posts"}],"about":[{"href":"https:\/\/www.diarioimagen.net\/index.php?rest_route=\/wp\/v2\/types\/post"}],"author":[{"embeddable":true,"href":"https:\/\/www.diarioimagen.net\/index.php?rest_route=\/wp\/v2\/users\/3"}],"replies":[{"embeddable":true,"href":"https:\/\/www.diarioimagen.net\/index.php?rest_route=%2Fwp%2Fv2%2Fcomments&post=132922"}],"version-history":[{"count":0,"href":"https:\/\/www.diarioimagen.net\/index.php?rest_route=\/wp\/v2\/posts\/132922\/revisions"}],"wp:featuredmedia":[{"embeddable":true,"href":"https:\/\/www.diarioimagen.net\/index.php?rest_route=\/wp\/v2\/media\/132976"}],"wp:attachment":[{"href":"https:\/\/www.diarioimagen.net\/index.php?rest_route=%2Fwp%2Fv2%2Fmedia&parent=132922"}],"wp:term":[{"taxonomy":"category","embeddable":true,"href":"https:\/\/www.diarioimagen.net\/index.php?rest_route=%2Fwp%2Fv2%2Fcategories&post=132922"},{"taxonomy":"post_tag","embeddable":true,"href":"https:\/\/www.diarioimagen.net\/index.php?rest_route=%2Fwp%2Fv2%2Ftags&post=132922"}],"curies":[{"name":"wp","href":"https:\/\/api.w.org\/{rel}","templated":true}]}}