{"id":133069,"date":"2013-05-24T00:01:38","date_gmt":"2013-05-24T05:01:38","guid":{"rendered":"http:\/\/www.diarioimagen.net\/?p=133069"},"modified":"2013-05-26T22:49:41","modified_gmt":"2013-05-27T03:49:41","slug":"inicio-por-primera-vez-desde-xel-ha-la-travesia-sagrada-para-rendir-culto-a-ixchel","status":"publish","type":"post","link":"https:\/\/www.diarioimagen.net\/?p=133069","title":{"rendered":"Inici\u00f3 por primera vez desde Xel Ha, la Traves\u00eda Sagrada, para rendir culto a Ixchel"},"content":{"rendered":"<h2>De cinco estrellas<\/h2>\n<h5>Victoria Gonz\u00e1lez Prado<\/h5>\n<p><span><\/p>\n<ul>\n<li><em><strong>Claudia Ruiz Massieu, titular de Sectur, inaugur\u00f3 la nueva oficina del\u00a0 CPTM en Berl\u00edn<\/strong><\/em><\/li>\n<li><em><strong>La ciudad de M\u00e9xico, una de las m\u00e1s atractivas y competitivas de Am\u00e9rica Latina<\/strong><\/em><\/li>\n<\/ul>\n<div id=\"attachment_133148\" style=\"width: 250px\" class=\"wp-caption alignleft\"><a href=\"http:\/\/www.diarioimagen.net\/wp-content\/uploads\/2013\/05\/turismo-2105.jpg\"><img loading=\"lazy\" decoding=\"async\" aria-describedby=\"caption-attachment-133148\" class=\"size-medium wp-image-133148\" alt=\"Casi listos para iniciar la Traves\u00eda Sagrada Maya.\" src=\"http:\/\/www.diarioimagen.net\/wp-content\/uploads\/2013\/05\/turismo-2105-240x135.jpg\" width=\"240\" height=\"135\" srcset=\"https:\/\/www.diarioimagen.net\/wp-content\/uploads\/2013\/05\/turismo-2105-240x135.jpg 240w, https:\/\/www.diarioimagen.net\/wp-content\/uploads\/2013\/05\/turismo-2105-420x236.jpg 420w, https:\/\/www.diarioimagen.net\/wp-content\/uploads\/2013\/05\/turismo-2105-235x132.jpg 235w, https:\/\/www.diarioimagen.net\/wp-content\/uploads\/2013\/05\/turismo-2105-202x114.jpg 202w, https:\/\/www.diarioimagen.net\/wp-content\/uploads\/2013\/05\/turismo-2105-350x196.jpg 350w, https:\/\/www.diarioimagen.net\/wp-content\/uploads\/2013\/05\/turismo-2105-220x123.jpg 220w, https:\/\/www.diarioimagen.net\/wp-content\/uploads\/2013\/05\/turismo-2105-237x132.jpg 237w, https:\/\/www.diarioimagen.net\/wp-content\/uploads\/2013\/05\/turismo-2105.jpg 480w\" sizes=\"auto, (max-width: 240px) 100vw, 240px\" \/><\/a><p id=\"caption-attachment-133148\" class=\"wp-caption-text\">Casi listos para iniciar la Traves\u00eda Sagrada Maya.<\/p><\/div>\n<p><strong>Xel Ha, Quintana Roo<\/strong>.- Desde muy temprano, para ser exactos las 5 y media de la ma\u00f1ana, una suave brisa invade el ambiente de esta caleta que hoy, por primera vez se convierte en el punto de partida de m\u00e1s de 300 canoeros que pasar\u00e1n frente a Akumal para dirigirse despu\u00e9s a Cozumel y rendir tributo a la diosa Ixchel, que como en otros a\u00f1os, recibir\u00e1 innumerables agradecimientos y otras muchas peticiones de hombres y mujeres que a\u00fan le rinden un merecido homenaje. La mayor\u00eda de los canoeros, hombres y mujeres, son gente que vive en las comunidades de la zona del Caribe mexicano y se preparan durante meses para aguantar el recorrido en alta mar. Cada canoero en su interior, lo hace por un motivo especial, algunos como un reto, otros por seguir la tradici\u00f3n, no falta quienes lo prometieron a Ixchel, lo que s\u00ed es una realidad es el tremendo esfuerzo f\u00edsico que cada uno de ellos realiza para llegar a honrar a la tan querida diosa Ixchel. Cabe recordar que Ixchel es la diosa maya de la fertilidad, de la medicina, conocida tambi\u00e9n como diosa arcoiris y tiene el poder de curar. Es diosa de los c\u00f3dices, representa a la Luna, esposa del Sol, asociada con la procreaci\u00f3n. Ixchel fue la principal diosa maya, su integraci\u00f3n luminosa y simb\u00f3lica remite a diversos n\u00facleos sagrados de orden terrestre y celeste. Diosa maya lunar, compa\u00f1era del sol, y por lo tanto, deidad creadora. Su influencia se manifestaba en las mareas, y dicen es agua y fluido es lo que m\u00e1s representa a la mujer, y a la vida, pues la humedad es fuente de fertilidad. Por ello, a\u00fan hoy es patrona de la fecundidad, la procreaci\u00f3n, el nacimiento, la adivinaci\u00f3n. La historia nos recuerda que hace quiz\u00e1 poco m\u00e1s de 500 a\u00f1os los mayas cruzaban desde Xcaret el canal de Cozumel en canoas construidas con troncos de robles. El viaje era parte de la peregrinaci\u00f3n al santuario de la diosa Ixchel. La antigua ciudad de Xaman H\u00e1, conocida hoy como Playa del Carmen, era el punto de embarcaci\u00f3n hacia la sagrada isla de Cozumel y mujeres de toda la regi\u00f3n maya ven\u00edan a Xaman H\u00e1 para realizar el viaje a Cozumel en canoas. Las j\u00f3venes solicitaban favores a la diosa y en peregrinaje acud\u00edan a su santuario en Cozumel para pedir en sus embarazos procrear hijos que sus esposos quer\u00edan. Desde siempre, las mujeres\u00a0 han confiado a Ixchel los nacimientos y la fecundidad, y al menos, una vez en la vida las mujeres mayas ten\u00edan que visitarla, honrarla, agasajarla\u2026 La leyenda sigue viva, \u201cSe dice que hubo una\u00a0doncella muy hermosa de nombre Ixchel, un d\u00eda lleg\u00f3 un guerrero a rendir tributo y al verla se enamor\u00f3 de ella, la gente le dijo que otro la pretend\u00eda, desde entonces los dos peleaban por ella, Itzamna su enamorado decidi\u00f3 pelear por ella, entonces cuando Itzamna estaba por vencer, su oponente lo hiri\u00f3 por la espalda dej\u00e1ndolo moribundo, Ixtap, hermana de Ixchel, maldijo al guerrero y desde ese momento nadie supo m\u00e1s de \u00e9l, Ixchel al ver a su amado muerto encomend\u00f3 su alma a su hermana y se suicid\u00f3, de ah\u00ed, Ixtap se convirti\u00f3 en la diosa del suicidio, las almas de las doncellas condujeron a Ixchel e Itzamna al cielo como muestra de su amor. Itzamna convirti\u00e9ndose en sol y a Ixchel en la diosa de la luna y el amor, por lo tanto cuando un alma enamorada muere se convierte en una estrella y su amor en su brillo&#8230; Dice la leyenda. Hoy, quiz\u00e1, una de las razones para que Xel-H\u00e1 fuera elegido como punto de partida desde tierra firme a Cozumel, es que la corriente del canal va en direcci\u00f3n el norte\u2026 Para ir con la corriente a favor. Pero, no les he hablado de la antesala de la traves\u00eda y esta es el\u00a0 Kii\u2019wik, palabra maya que significa mercado, aqu\u00ed se intercambian productos artesanales, cacao y un buen n\u00famero de productos y se realizan rituales que celebran el origen de la agricultura, el amanecer de la vida\u2026 Hay danzas, ofrendas y ritos que invocan a los dioses para que mantengan lejos el aire, para que haya una buena fortuna y se multipliquen los dones con la protecci\u00f3n de los gemelos divinos: sol y luna para que los canoeros, ya purificados, est\u00e9n listos e inicien as\u00ed la Traves\u00eda Sagrada.<\/p>\n<p>\u2730\u2730\u2730\u2730\u2730\u00a0La secretaria de Turismo, <b>Claudia Ruiz Massieu,<\/b> inaugur\u00f3 la nueva oficina del Consejo de Promoci\u00f3n Tur\u00edstica de M\u00e9xico (CPTM), en Berl\u00edn, con el fin de fortalecer la estrategia de promoci\u00f3n de los destinos tur\u00edsticos de nuestro pa\u00eds en Europa y atraer a un mayor n\u00famero de visitantes. La nueva oficina permitir\u00e1 tener una mayor colaboraci\u00f3n con las autoridades diplom\u00e1ticas y consulares de M\u00e9xico en Alemania, as\u00ed como estrechar relaciones con los l\u00edderes del sector turismo de este pa\u00eds y atender los mercados de Austria, Suiza, Polonia, Rep\u00fablica Checa, Hungr\u00eda, Eslovaquia, Eslovenia, Croacia y Turqu\u00eda. Acompa\u00f1ada por el director general del CPTM, <b>Rodolfo L\u00f3pez Negrete<\/b>; el embajador de M\u00e9xico en Alemania, <b>Francisco Gonz\u00e1lez D\u00edaz,<\/b> y el director de la Oficina del CPTM en Alemania, <b>Vicente Salas Hasselbach<\/b>, la titular de la Sectur afirm\u00f3 que \u201cesta oficina intensificar\u00e1 la labor de promoci\u00f3n que realiza el CPTM en Europa y se sumar\u00e1 a las representaciones en Madrid, Londres, Par\u00eds, Roma y Bruselas, \u00e9sta \u00faltima especializada en turismo de reuniones\u201d. Anteriormente, la sede del CPTM en esta naci\u00f3n se ubicaba en Frankfurt y el cambio a Berl\u00edn permitir\u00e1 fortalecer la presencia de M\u00e9xico en el pa\u00eds y en otros mercados europeos. La nueva oficina est\u00e1 albergada en la sede de la embajada mexicana. Para\u00a0 <b>Ruiz Massieu<\/b>, es prioritario que M\u00e9xico tenga una relaci\u00f3n m\u00e1s poderosa con Alemania, pues hoy es el octavo pa\u00eds emisor de visitantes internacionales a nuestra naci\u00f3n y en 2012 fue el segundo con mayor gasto por turismo internacional, despu\u00e9s de China, de acuerdo con datos de la Organizaci\u00f3n Mundial de Turismo (OMT). El mercado alem\u00e1n resulta atractivo para M\u00e9xico, por el potencial de aumento de la derrama econ\u00f3mica generada por turismo. Posterior a la inauguraci\u00f3n, y como parte de la gira de trabajo que realiza en Alemania, la titular de la Sectur sostuvo una reuni\u00f3n con representantes de diversas aerol\u00edneas europeas, en la que trataron asuntos tan relevantes como la necesidad de ampliar la conectividad de M\u00e9xico con este continente.<\/p>\n<p>\u2730\u2730\u2730\u2730\u2730 La ciudad de M\u00e9xico es una de las ciudades m\u00e1s atractivas y competitivas de Am\u00e9rica Latina, gracias a su conectividad, elevado capital humano e infraestructura, lo que la convierte en un punto nodal entre continentes, afirm\u00f3 el secretario de Turismo de la ciudad de M\u00e9xico, Miguel Torruco Marqu\u00e9s, quien tambi\u00e9n se\u00f1al\u00f3 que la capital del pa\u00eds cuenta con una de las ofertas culturales m\u00e1s amplias del mundo. Puso como ejemplo que el gobierno de la ciudad de M\u00e9xico, en conjunto con embajadas y comunidades extranjeras, ha logrado mantener una intensa agenda cultural internacional y lleva a cabo anualmente la Feria de las Culturas Amigas, con un n\u00famero creciente de naciones asistentes. Al participar en la Reuni\u00f3n Nacional de Infraestructura Tur\u00edstica, en Mazatl\u00e1n, Sinaloa, mencion\u00f3 que la capital del pa\u00eds es una importante urbe que garantiza seguridad a sus visitantes, residentes e inversionistas, mediante la videovigilancia de m\u00e1s de 14 mil c\u00e1maras, conectadas al sistema conocido como C4. <b>Torruco Marqu\u00e9s<\/b> tambi\u00e9n dijo que la ciudad de M\u00e9xico gestiona una amplia gama de servicios, ferias, exposiciones, congresos y convenciones, espect\u00e1culos gratuitos de talla internacional, con la intenci\u00f3n de que los flujos de turistas a la ciudad sigan creciendo. El turismo de reuniones, por ejemplo, coment\u00f3, se ha convertido en el segmento de mayor importancia y dinamismo para la capital del pa\u00eds, toda vez que por s\u00ed solo, aporta 13 mil millones de pesos, casi una cuarta parte de los 54 mil millones de pesos que la actividad tur\u00edstica genera anualmente en derrama econ\u00f3mica para la ciudad de M\u00e9xico. El titular de Turismo capitalino destac\u00f3 que 12.3 millones de turistas se hospedaron en hoteles en 2012, cifra r\u00e9cord en la historia de la ciudad,\u00a0\u00a0de los cuales 18% son internacionales. Sobre la planta hotelera, coment\u00f3 que se tienen registrados 49 mil 194 cuartos, con una ocupaci\u00f3n del 62.25%, la m\u00e1s alta de su historia, y una estad\u00eda promedio de 2.14 noches, para turistas internacionales, y de 1.94, para los nacionales. La infraestructura y los servicios tur\u00edsticos atendieron el a\u00f1o pasado a casi 100 millones de visitantes: 27.4% con pernocta, 70.6% sin pernocta y 2%\u00a0con ambos conceptos. El total de los activos de la hoteler\u00eda en el DF asciende a unos mil millones de d\u00f3lares. As\u00ed, dijo, el valor promedio por habitaci\u00f3n para las categor\u00edas se estima de la siguiente forma: 49 mil 933 d\u00f3lares para 5 estrellas; 12 mil 247 d\u00f3lares, 4 estrellas; 8 mil 481 d\u00f3lares, 3 estrellas; 5 mil 111 d\u00f3lares, 2 estrellas y 3 mil 184 d\u00f3lares, una estrella. La derrama econ\u00f3mica generada el a\u00f1o pasado, agreg\u00f3, fue de 4 mil millones de d\u00f3lares, y la generaci\u00f3n de empleos, de un mill\u00f3n, de los cuales 281 mil 360 mil son directos. En materia de conectividad a\u00e9rea, destac\u00f3 que al Aeropuerto Internacional de la Ciudad de M\u00e9xico, en 2012, arribaron y partieron 349 mil 107 vuelos, con 29 millones 445 mil pasajeros, ubic\u00e1ndolo como el aeropuerto m\u00e1s importante del pa\u00eds por su volumen total de operaciones. El transporte terrestre con origen y destino en las centrales camioneras del DF,\u00a0 registr\u00f3 ese mismo a\u00f1o un volumen de 106 millones de pasajeros. La oferta de asientos en servicio de primera clase fue de 115 millones, dijo el secretario.<\/p>\n<p><i><em><a href=\"mailto:victoriagprado@gmail.com\" target=\"_blank\">victoriagprado@gmail.com<\/a><\/em><\/i><\/span><\/p>\n","protected":false},"excerpt":{"rendered":"<p> Desde muy temprano, para ser exactos las 5 y media de la ma\u00f1ana, una suave brisa invade el ambiente de esta caleta que hoy, por primera vez se convierte en el punto de partida de m\u00e1s de 300 canoeros que pasar\u00e1n frente a Akumal para dirigirse despu\u00e9s a Cozumel y rendir tributo a la diosa Ixchel, que como en otros a\u00f1os, recibir\u00e1 innumerables agradecimientos y otras muchas peticiones de hombres y mujeres que a\u00fan le rinden un merecido homenaje. <\/p>\n","protected":false},"author":3,"featured_media":133148,"comment_status":"open","ping_status":"open","sticky":false,"template":"","format":"standard","meta":{"_monsterinsights_skip_tracking":false,"_monsterinsights_sitenote_active":false,"_monsterinsights_sitenote_note":"","_monsterinsights_sitenote_category":0,"footnotes":""},"categories":[11],"tags":[6460,107,1250,43681,106,8491],"class_list":["post-133069","post","type-post","status-publish","format-standard","has-post-thumbnail","hentry","category-turismo","tag-cozumel","tag-de-cinco-estrellas","tag-quintana-roo","tag-turismo","tag-victoria-gonzalez-prado","tag-xel-ha"],"_links":{"self":[{"href":"https:\/\/www.diarioimagen.net\/index.php?rest_route=\/wp\/v2\/posts\/133069","targetHints":{"allow":["GET"]}}],"collection":[{"href":"https:\/\/www.diarioimagen.net\/index.php?rest_route=\/wp\/v2\/posts"}],"about":[{"href":"https:\/\/www.diarioimagen.net\/index.php?rest_route=\/wp\/v2\/types\/post"}],"author":[{"embeddable":true,"href":"https:\/\/www.diarioimagen.net\/index.php?rest_route=\/wp\/v2\/users\/3"}],"replies":[{"embeddable":true,"href":"https:\/\/www.diarioimagen.net\/index.php?rest_route=%2Fwp%2Fv2%2Fcomments&post=133069"}],"version-history":[{"count":0,"href":"https:\/\/www.diarioimagen.net\/index.php?rest_route=\/wp\/v2\/posts\/133069\/revisions"}],"wp:featuredmedia":[{"embeddable":true,"href":"https:\/\/www.diarioimagen.net\/index.php?rest_route=\/wp\/v2\/media\/133148"}],"wp:attachment":[{"href":"https:\/\/www.diarioimagen.net\/index.php?rest_route=%2Fwp%2Fv2%2Fmedia&parent=133069"}],"wp:term":[{"taxonomy":"category","embeddable":true,"href":"https:\/\/www.diarioimagen.net\/index.php?rest_route=%2Fwp%2Fv2%2Fcategories&post=133069"},{"taxonomy":"post_tag","embeddable":true,"href":"https:\/\/www.diarioimagen.net\/index.php?rest_route=%2Fwp%2Fv2%2Ftags&post=133069"}],"curies":[{"name":"wp","href":"https:\/\/api.w.org\/{rel}","templated":true}]}}