{"id":133136,"date":"2013-05-24T00:07:02","date_gmt":"2013-05-24T05:07:02","guid":{"rendered":"http:\/\/www.diarioimagen.net\/?p=133136"},"modified":"2013-05-24T03:16:22","modified_gmt":"2013-05-24T08:16:22","slug":"monreal-urge-a-concretar-reforma-politica-del-df","status":"publish","type":"post","link":"https:\/\/www.diarioimagen.net\/?p=133136","title":{"rendered":"Monreal urge a concretar reforma pol\u00edtica del DF"},"content":{"rendered":"<ul>\n<li><strong><em>Inaugura foro en la materia<\/em><\/strong><\/li>\n<\/ul>\n<div id=\"attachment_133193\" style=\"width: 250px\" class=\"wp-caption alignleft\"><a href=\"http:\/\/www.diarioimagen.net\/wp-content\/uploads\/2013\/05\/Monreal-2105.jpg\"><img loading=\"lazy\" decoding=\"async\" aria-describedby=\"caption-attachment-133193\" class=\"size-medium wp-image-133193\" alt=\"El diputado del PT, Ricardo Monreal, arranc\u00f3 un foro sobre lo que debe contener el paquete de reformas al Distrito Federal.\" src=\"http:\/\/www.diarioimagen.net\/wp-content\/uploads\/2013\/05\/Monreal-2105-240x135.jpg\" width=\"240\" height=\"135\" srcset=\"https:\/\/www.diarioimagen.net\/wp-content\/uploads\/2013\/05\/Monreal-2105-240x135.jpg 240w, https:\/\/www.diarioimagen.net\/wp-content\/uploads\/2013\/05\/Monreal-2105-420x236.jpg 420w, https:\/\/www.diarioimagen.net\/wp-content\/uploads\/2013\/05\/Monreal-2105-235x132.jpg 235w, https:\/\/www.diarioimagen.net\/wp-content\/uploads\/2013\/05\/Monreal-2105-202x114.jpg 202w, https:\/\/www.diarioimagen.net\/wp-content\/uploads\/2013\/05\/Monreal-2105-350x196.jpg 350w, https:\/\/www.diarioimagen.net\/wp-content\/uploads\/2013\/05\/Monreal-2105-220x123.jpg 220w, https:\/\/www.diarioimagen.net\/wp-content\/uploads\/2013\/05\/Monreal-2105-237x132.jpg 237w, https:\/\/www.diarioimagen.net\/wp-content\/uploads\/2013\/05\/Monreal-2105.jpg 480w\" sizes=\"auto, (max-width: 240px) 100vw, 240px\" \/><\/a><p id=\"caption-attachment-133193\" class=\"wp-caption-text\">El diputado del PT, Ricardo Monreal, arranc\u00f3 un foro sobre lo que debe contener el paquete de reformas al Distrito Federal.<\/p><\/div>\n<p>El coordinador de Movimiento Ciudadano en la C\u00e1mara de Diputados, Ricardo Monreal \u00c1vila, urgi\u00f3 a concretar una reforma pol\u00edtica que consolide a la ciudad de M\u00e9xico como una entidad federativa.<\/p>\n<p>Al inaugurar el foro Reforma Pol\u00edtica del Distrito Federal, el diputado se\u00f1al\u00f3 que esta reforma es una deuda pendiente por reivindicar la soberan\u00eda popular que se tiene desde hace m\u00e1s de 185 a\u00f1os con los habitantes de la ciudad.<\/p>\n<p>Indic\u00f3 que, no obstante los avances incipientes y limitados en la materia, se mantiene un r\u00e9gimen contradictorio al federalismo mexicano, pues \u201cla figura del gobierno del Distrito Federal se contempla como una \u00ednsula separada de los tres poderes convencionales de gobierno\u201d.<\/p>\n<p>Esto \u201cnos lleva con urgencia a que se concretice el anhelo hist\u00f3rico de consolidar a la ciudad de M\u00e9xico como una entidad federativa al auspicio del pacto federal, con los derechos y obligaciones que le corresponden, con lo que se avanzar\u00eda en el reconocimiento de los derechos pol\u00edticos plenos de su habitantes\u201d.<\/p>\n<p>El legislador de izquierda coment\u00f3 que la reforma representar\u00eda una actualizaci\u00f3n a la Constituci\u00f3n Pol\u00edtica para la inclusi\u00f3n de aspectos importantes para la vida del pa\u00eds, como la incorporaci\u00f3n del principio de capitalidad.<\/p>\n<p>Agreg\u00f3 que al ser reconocido el Distrito Federal como entidad federativa y que cuente con una Constituci\u00f3n propia, la Asamblea Legislativa del Distrito Federal (ALDF) tendr\u00e1 atribuciones para iniciar leyes ante el Congreso de la Uni\u00f3n y la facultad de aprobar su monto de deuda.<\/p>\n<p>Tambi\u00e9n, al formar parte del Constituyente permanente, su voto ser\u00e1 contemplado para la aprobaci\u00f3n de las modificaciones a la Constituci\u00f3n y tendr\u00e1 la facultad de iniciar controversias constitucionales, autoridad que tienen el resto de los congresos estatales.<\/p>\n<p>Asimismo, el jefe de gobierno podr\u00e1 designar directamente a los mandos encargados de la procuraci\u00f3n de justicia de la capital como: el secretario de seguridad p\u00fablica y el procurador general, que actualmente son ratificados por el titular del Ejecutivo federal.<\/p>\n<p>Monreal \u00c1vila afirm\u00f3 que \u201chay razones de sobra para consolidar la reforma pol\u00edtica del Distrito Federal\u201d.<\/p>\n<p>Al foro, convocado por el diputado de Movimiento Ciudadano, Rodrigo Ch\u00e1vez Contreras, asistieron los especialistas, Bernardo B\u00e1tiz V\u00e1zquez, Eduardo Cervantes D\u00edaz Lombardo, Edgar Cort\u00e9s Morales y Javier Santiago Castillo.<\/p>\n<p>&nbsp;<\/p>\n","protected":false},"excerpt":{"rendered":"<p>El coordinador de Movimiento Ciudadano en la C\u00e1mara de Diputados, Ricardo Monreal \u00c1vila, urgi\u00f3 a concretar una reforma pol\u00edtica que consolide a la ciudad de M\u00e9xico como una entidad federativa.<\/p>\n","protected":false},"author":3,"featured_media":133193,"comment_status":"open","ping_status":"open","sticky":false,"template":"","format":"standard","meta":{"_monsterinsights_skip_tracking":false,"_monsterinsights_sitenote_active":false,"_monsterinsights_sitenote_note":"","_monsterinsights_sitenote_category":0,"footnotes":""},"categories":[6],"tags":[212,204,3675],"class_list":["post-133136","post","type-post","status-publish","format-standard","has-post-thumbnail","hentry","category-cd-de-mexico","tag-asamblea-legislativa-del-distrito-federal","tag-ciudad-de-mexico","tag-ricardo-monreal-avila"],"_links":{"self":[{"href":"https:\/\/www.diarioimagen.net\/index.php?rest_route=\/wp\/v2\/posts\/133136","targetHints":{"allow":["GET"]}}],"collection":[{"href":"https:\/\/www.diarioimagen.net\/index.php?rest_route=\/wp\/v2\/posts"}],"about":[{"href":"https:\/\/www.diarioimagen.net\/index.php?rest_route=\/wp\/v2\/types\/post"}],"author":[{"embeddable":true,"href":"https:\/\/www.diarioimagen.net\/index.php?rest_route=\/wp\/v2\/users\/3"}],"replies":[{"embeddable":true,"href":"https:\/\/www.diarioimagen.net\/index.php?rest_route=%2Fwp%2Fv2%2Fcomments&post=133136"}],"version-history":[{"count":0,"href":"https:\/\/www.diarioimagen.net\/index.php?rest_route=\/wp\/v2\/posts\/133136\/revisions"}],"wp:featuredmedia":[{"embeddable":true,"href":"https:\/\/www.diarioimagen.net\/index.php?rest_route=\/wp\/v2\/media\/133193"}],"wp:attachment":[{"href":"https:\/\/www.diarioimagen.net\/index.php?rest_route=%2Fwp%2Fv2%2Fmedia&parent=133136"}],"wp:term":[{"taxonomy":"category","embeddable":true,"href":"https:\/\/www.diarioimagen.net\/index.php?rest_route=%2Fwp%2Fv2%2Fcategories&post=133136"},{"taxonomy":"post_tag","embeddable":true,"href":"https:\/\/www.diarioimagen.net\/index.php?rest_route=%2Fwp%2Fv2%2Ftags&post=133136"}],"curies":[{"name":"wp","href":"https:\/\/api.w.org\/{rel}","templated":true}]}}