{"id":133140,"date":"2013-05-24T00:04:18","date_gmt":"2013-05-24T05:04:18","guid":{"rendered":"http:\/\/www.diarioimagen.net\/?p=133140"},"modified":"2013-05-24T03:14:11","modified_gmt":"2013-05-24T08:14:11","slug":"exitosa-la-liberacion-de-farmacos-en-mexico-ssa","status":"publish","type":"post","link":"https:\/\/www.diarioimagen.net\/?p=133140","title":{"rendered":"Exitosa, la liberaci\u00f3n de f\u00e1rmacos en M\u00e9xico: Ssa"},"content":{"rendered":"<ul>\n<li><strong><em>Tiene registrados 214 gen\u00e9ricos<\/em><\/strong><\/li>\n<\/ul>\n<div id=\"attachment_133190\" style=\"width: 250px\" class=\"wp-caption alignleft\"><a href=\"http:\/\/www.diarioimagen.net\/wp-content\/uploads\/2013\/05\/SALUD-2105.jpg\"><img loading=\"lazy\" decoding=\"async\" aria-describedby=\"caption-attachment-133190\" class=\"size-medium wp-image-133190\" alt=\"La titular de Salud, Mercedes Juan L\u00f3pez, sostuvo una reuni\u00f3n con el secretario general de la OCDE, Jos\u00e9 \u00c1ngel Gurr\u00eda,en su sede de Par\u00eds.\" src=\"http:\/\/www.diarioimagen.net\/wp-content\/uploads\/2013\/05\/SALUD-2105-240x135.jpg\" width=\"240\" height=\"135\" srcset=\"https:\/\/www.diarioimagen.net\/wp-content\/uploads\/2013\/05\/SALUD-2105-240x135.jpg 240w, https:\/\/www.diarioimagen.net\/wp-content\/uploads\/2013\/05\/SALUD-2105-420x236.jpg 420w, https:\/\/www.diarioimagen.net\/wp-content\/uploads\/2013\/05\/SALUD-2105-235x132.jpg 235w, https:\/\/www.diarioimagen.net\/wp-content\/uploads\/2013\/05\/SALUD-2105-202x114.jpg 202w, https:\/\/www.diarioimagen.net\/wp-content\/uploads\/2013\/05\/SALUD-2105-350x196.jpg 350w, https:\/\/www.diarioimagen.net\/wp-content\/uploads\/2013\/05\/SALUD-2105-220x123.jpg 220w, https:\/\/www.diarioimagen.net\/wp-content\/uploads\/2013\/05\/SALUD-2105-237x132.jpg 237w, https:\/\/www.diarioimagen.net\/wp-content\/uploads\/2013\/05\/SALUD-2105.jpg 480w\" sizes=\"auto, (max-width: 240px) 100vw, 240px\" \/><\/a><p id=\"caption-attachment-133190\" class=\"wp-caption-text\">La titular de Salud, Mercedes Juan L\u00f3pez, sostuvo una reuni\u00f3n con el secretario general de la OCDE, Jos\u00e9 \u00c1ngel Gurr\u00eda,en su sede de Par\u00eds.<\/p><\/div>\n<p><strong>Par\u00eds, Francia<\/strong>.- M\u00e9xico ha implementado una exitosa Estrategia de Liberaci\u00f3n de Gen\u00e9ricos que ha permitido contar con 214 registros de este tipo de medicamentos, con los cuales se atiende el 71% de las causas de mortalidad en la poblaci\u00f3n mexicana, destac\u00f3 la secretaria de Salud, Mercedes Juan.<\/p>\n<p>En una Reuni\u00f3n Bilateral con el secretario general de la Organizaci\u00f3n para la Cooperaci\u00f3n y Desarrollo Econ\u00f3micos (OCDE), Jos\u00e9 \u00c1ngel Gurr\u00eda Trevi\u00f1o, en la sede de este organismo, la titular de Salud de M\u00e9xico puntualiz\u00f3 que esta liberaci\u00f3n de sustancias se realiza bajo los m\u00e1s altos criterios de bioequivalencia y biodisponibilidad.<\/p>\n<p>Con esta estrategia explic\u00f3, el gobierno de M\u00e9xico busca garantizar el acceso oportuno y eficaz a f\u00e1rmacos de calidad, a bajo costo para las principales enfermedades que afectan a los mexicanos.<\/p>\n<p>Enfatiz\u00f3 que resultaba prioritario contar con f\u00e1rmacos efectivos y econ\u00f3micos, derivado de la transici\u00f3n epidemiol\u00f3gica de nuestro pa\u00eds, donde las enfermedades cr\u00f3nicas no trasmisibles se ubican en los primeros sitios \u00a0de morbi-mortalidad.<\/p>\n<p>Detall\u00f3 que con esta estrategia que lleva a cabo la Comisi\u00f3n Federal para la Protecci\u00f3n contra Riesgos Sanitarios (Cofepris), las instituciones p\u00fablicas de salud y el sector privado pueden acceder a los medicamentos que la poblaci\u00f3n demanda a precios mucho m\u00e1s accesibles.<\/p>\n<p>Es as\u00ed, dijo, como se da un paso m\u00e1s para cumplir lo establecido por el presidente Enrique Pe\u00f1a Nieto, en el eje de un M\u00e9xico Incluyente, donde la prioridad es otorgar medicamentos efectivos, seguros y de bajo costo.<\/p>\n<p>Finalmente, la doctora Mercedes Juan coment\u00f3 que la liberaci\u00f3n de medicamentos se debe a los esfuerzos realizados por las autoridades de salud y de la industria farmac\u00e9utica, y est\u00e1n basados en la ley que establece que todos los medicamentos que pierden su patente pueden ser gen\u00e9ricos.<\/p>\n<p>&nbsp;<\/p>\n","protected":false},"excerpt":{"rendered":"<p>M\u00e9xico ha implementado una exitosa Estrategia de Liberaci\u00f3n de Gen\u00e9ricos que ha permitido contar con 214 registros de este tipo de medicamentos, con los cuales se atiende el 71% de las causas de mortalidad en la poblaci\u00f3n mexicana, destac\u00f3 la secretaria de Salud, Mercedes Juan.<\/p>\n","protected":false},"author":3,"featured_media":133190,"comment_status":"open","ping_status":"open","sticky":false,"template":"","format":"standard","meta":{"_monsterinsights_skip_tracking":false,"_monsterinsights_sitenote_active":false,"_monsterinsights_sitenote_note":"","_monsterinsights_sitenote_category":0,"footnotes":""},"categories":[877],"tags":[10429,2115,25540,1264,432,383],"class_list":["post-133140","post","type-post","status-publish","format-standard","has-post-thumbnail","hentry","category-salud","tag-farmacos","tag-francia","tag-mercedes-juan-lopez","tag-paris","tag-secretaria-de-salud","tag-ssa"],"_links":{"self":[{"href":"https:\/\/www.diarioimagen.net\/index.php?rest_route=\/wp\/v2\/posts\/133140","targetHints":{"allow":["GET"]}}],"collection":[{"href":"https:\/\/www.diarioimagen.net\/index.php?rest_route=\/wp\/v2\/posts"}],"about":[{"href":"https:\/\/www.diarioimagen.net\/index.php?rest_route=\/wp\/v2\/types\/post"}],"author":[{"embeddable":true,"href":"https:\/\/www.diarioimagen.net\/index.php?rest_route=\/wp\/v2\/users\/3"}],"replies":[{"embeddable":true,"href":"https:\/\/www.diarioimagen.net\/index.php?rest_route=%2Fwp%2Fv2%2Fcomments&post=133140"}],"version-history":[{"count":0,"href":"https:\/\/www.diarioimagen.net\/index.php?rest_route=\/wp\/v2\/posts\/133140\/revisions"}],"wp:featuredmedia":[{"embeddable":true,"href":"https:\/\/www.diarioimagen.net\/index.php?rest_route=\/wp\/v2\/media\/133190"}],"wp:attachment":[{"href":"https:\/\/www.diarioimagen.net\/index.php?rest_route=%2Fwp%2Fv2%2Fmedia&parent=133140"}],"wp:term":[{"taxonomy":"category","embeddable":true,"href":"https:\/\/www.diarioimagen.net\/index.php?rest_route=%2Fwp%2Fv2%2Fcategories&post=133140"},{"taxonomy":"post_tag","embeddable":true,"href":"https:\/\/www.diarioimagen.net\/index.php?rest_route=%2Fwp%2Fv2%2Ftags&post=133140"}],"curies":[{"name":"wp","href":"https:\/\/api.w.org\/{rel}","templated":true}]}}