{"id":133265,"date":"2013-05-27T00:02:37","date_gmt":"2013-05-27T05:02:37","guid":{"rendered":"http:\/\/www.diarioimagen.net\/?p=133265"},"modified":"2013-05-28T04:51:34","modified_gmt":"2013-05-28T09:51:34","slug":"mancera-preve-una-participacion-record-en-maraton-cd-de-mexico","status":"publish","type":"post","link":"https:\/\/www.diarioimagen.net\/?p=133265","title":{"rendered":"Mancera prev\u00e9 una participaci\u00f3n r\u00e9cord en Marat\u00f3n Cd. de M\u00e9xico"},"content":{"rendered":"<ul>\n<li><strong><em>Cada semana se realizar\u00e1 esta actividad en diferentes delegaciones, para que \u201ctodos vayamos involucr\u00e1ndonos y viviendo la justa deportiva\u201d<\/em><\/strong><\/li>\n<\/ul>\n<div id=\"attachment_133347\" style=\"width: 250px\" class=\"wp-caption alignleft\"><a href=\"http:\/\/www.diarioimagen.net\/wp-content\/uploads\/2013\/05\/Mancera-2106.jpg\"><img loading=\"lazy\" decoding=\"async\" aria-describedby=\"caption-attachment-133347\" class=\"size-medium wp-image-133347\" alt=\"El jefe de gobierno del Distrito Federal, Miguel \u00c1ngel Mancera, comenz\u00f3 sus entrenamientos con miras a participar en el Marat\u00f3n de la Ciudad de M\u00e9xico.\" src=\"http:\/\/www.diarioimagen.net\/wp-content\/uploads\/2013\/05\/Mancera-2106-240x160.jpg\" width=\"240\" height=\"160\" srcset=\"https:\/\/www.diarioimagen.net\/wp-content\/uploads\/2013\/05\/Mancera-2106-240x160.jpg 240w, https:\/\/www.diarioimagen.net\/wp-content\/uploads\/2013\/05\/Mancera-2106-420x280.jpg 420w, https:\/\/www.diarioimagen.net\/wp-content\/uploads\/2013\/05\/Mancera-2106.jpg 500w\" sizes=\"auto, (max-width: 240px) 100vw, 240px\" \/><\/a><p id=\"caption-attachment-133347\" class=\"wp-caption-text\">El jefe de gobierno del Distrito Federal, Miguel \u00c1ngel Mancera, comenz\u00f3 sus entrenamientos con miras a participar en el Marat\u00f3n de la Ciudad de M\u00e9xico.<\/p><\/div>\n<p>El jefe de gobierno del Distrito Federal, Miguel \u00c1ngel Mancera, anunci\u00f3 que se prev\u00e9 que la pr\u00f3xima edici\u00f3n del Marat\u00f3n de la Ciudad de M\u00e9xico tenga una participaci\u00f3n r\u00e9cord, por lo cual los entrenamientos rumbo a la justa se llevar\u00e1n a cabo cada semana en diferentes delegaciones.<\/p>\n<p>\u201cCada semana va a estar presente esta actividad en diferentes delegaciones, en vrias zonas de la ciudad para que todos vayamos involucr\u00e1ndonos y viviendo el marat\u00f3n\u201d, se\u00f1al\u00f3 Mancera Espinosa durante su participaci\u00f3n en el primer circuito de entrenamiento hacia la justa internacional.<\/p>\n<p>\u201cQueremos tener una participaci\u00f3n r\u00e9cord, queremos colocar a M\u00e9xico en un lugar muy relevante en la organizaci\u00f3n de maratones. Es nada m\u00e1s la tarea de todos y cada uno de ustedes lo que se requiere\u201d, abund\u00f3 el Ejecutivo local al pie del \u00c1ngel de la Independencia, desde donde inici\u00f3 el primer entrenamiento, que se extendi\u00f3 por cinco kil\u00f3metros.<\/p>\n<p>Mancera Espinosa resalt\u00f3 que los corredores que participan en los entrenamientos y los de \u00e9lite de M\u00e9xico y del mundo, ser\u00e1n los embajadores del marat\u00f3n, el cual es parte fundamental de las iniciativas que el gobierno del Distrito Federal impulsa para promover la activaci\u00f3n f\u00edsica en la capital.<\/p>\n<p>En el evento acompa\u00f1aron a Miguel \u00c1ngel Mancera, los jefes delegacionales en Miguel Hidalgo, V\u00edctor Hugo Romo, y en Tl\u00e1huac, Angelina M\u00e9ndez.<\/p>\n<p>En tanto, el director del Instituto del Deporte del Distrito Federal, Horacio de la Vega, quien tambi\u00e9n hizo el entrenamiento de los cinco kil\u00f3metros de la glorieta del \u00c1ngel de la Independencia a la Torre del Caballito y viceversa, anunci\u00f3 que las inscripciones de corredores ya registran un porcentaje por encima del a\u00f1o pasado.<\/p>\n<p>La edici\u00f3n 31 del Marat\u00f3n de la Ciudad de M\u00e9xico se llevar\u00e1 a cabo el 25 de agosto con un concepto renovado y una ruta diferente saliendo del Z\u00f3calo capitalino y teniendo como meta la pista del estadio Ol\u00edmpico M\u00e9xico 68, en Ciudad Universitaria.<b><\/b><\/p>\n<p>&nbsp;<\/p>\n","protected":false},"excerpt":{"rendered":"<p>El jefe de gobierno del Distrito Federal, Miguel \u00c1ngel Mancera, anunci\u00f3 que se prev\u00e9 que la pr\u00f3xima edici\u00f3n del Marat\u00f3n de la Ciudad de M\u00e9xico tenga una participaci\u00f3n r\u00e9cord, por lo cual los entrenamientos rumbo a la justa se llevar\u00e1n a cabo cada semana en diferentes delegaciones.<\/p>\n","protected":false},"author":3,"featured_media":133347,"comment_status":"open","ping_status":"open","sticky":false,"template":"","format":"standard","meta":{"_monsterinsights_skip_tracking":false,"_monsterinsights_sitenote_active":false,"_monsterinsights_sitenote_note":"","_monsterinsights_sitenote_category":0,"footnotes":""},"categories":[17,3],"tags":[204,5314,15121],"class_list":["post-133265","post","type-post","status-publish","format-standard","has-post-thumbnail","hentry","category-especiales","category-nacional","tag-ciudad-de-mexico","tag-miguel-angel-mancera-espinosa","tag-record"],"_links":{"self":[{"href":"https:\/\/www.diarioimagen.net\/index.php?rest_route=\/wp\/v2\/posts\/133265","targetHints":{"allow":["GET"]}}],"collection":[{"href":"https:\/\/www.diarioimagen.net\/index.php?rest_route=\/wp\/v2\/posts"}],"about":[{"href":"https:\/\/www.diarioimagen.net\/index.php?rest_route=\/wp\/v2\/types\/post"}],"author":[{"embeddable":true,"href":"https:\/\/www.diarioimagen.net\/index.php?rest_route=\/wp\/v2\/users\/3"}],"replies":[{"embeddable":true,"href":"https:\/\/www.diarioimagen.net\/index.php?rest_route=%2Fwp%2Fv2%2Fcomments&post=133265"}],"version-history":[{"count":0,"href":"https:\/\/www.diarioimagen.net\/index.php?rest_route=\/wp\/v2\/posts\/133265\/revisions"}],"wp:featuredmedia":[{"embeddable":true,"href":"https:\/\/www.diarioimagen.net\/index.php?rest_route=\/wp\/v2\/media\/133347"}],"wp:attachment":[{"href":"https:\/\/www.diarioimagen.net\/index.php?rest_route=%2Fwp%2Fv2%2Fmedia&parent=133265"}],"wp:term":[{"taxonomy":"category","embeddable":true,"href":"https:\/\/www.diarioimagen.net\/index.php?rest_route=%2Fwp%2Fv2%2Fcategories&post=133265"},{"taxonomy":"post_tag","embeddable":true,"href":"https:\/\/www.diarioimagen.net\/index.php?rest_route=%2Fwp%2Fv2%2Ftags&post=133265"}],"curies":[{"name":"wp","href":"https:\/\/api.w.org\/{rel}","templated":true}]}}