{"id":133269,"date":"2013-05-27T00:09:33","date_gmt":"2013-05-27T05:09:33","guid":{"rendered":"http:\/\/www.diarioimagen.net\/?p=133269"},"modified":"2013-05-27T02:44:50","modified_gmt":"2013-05-27T07:44:50","slug":"eav-preside-ceremonia-por-natalicio-de-lopez-mateos","status":"publish","type":"post","link":"https:\/\/www.diarioimagen.net\/?p=133269","title":{"rendered":"EAV preside ceremonia por natalicio de L\u00f3pez Mateos"},"content":{"rendered":"<ul>\n<li><strong><em>Isidro Pastor Medrano, \u00fanico orador en el acto, llama a mantener la unidad y construir la paz pol\u00edtica para transitar hacia la paz social<\/em><\/strong><\/li>\n<\/ul>\n<div id=\"attachment_133362\" style=\"width: 250px\" class=\"wp-caption alignleft\"><a href=\"http:\/\/www.diarioimagen.net\/wp-content\/uploads\/2013\/05\/eruviel-2106.jpg\"><img loading=\"lazy\" decoding=\"async\" aria-describedby=\"caption-attachment-133362\" class=\"size-medium wp-image-133362\" alt=\"l gobernador Eruviel \u00c1vila Villegas, acompa\u00f1ado de familiares del ex presidente Adolfo L\u00f3pez Mateos, presidi\u00f3 la ceremonia por el 103 aniversario del nacimiento del ilustre personaje.\" src=\"http:\/\/www.diarioimagen.net\/wp-content\/uploads\/2013\/05\/eruviel-2106-240x135.jpg\" width=\"240\" height=\"135\" srcset=\"https:\/\/www.diarioimagen.net\/wp-content\/uploads\/2013\/05\/eruviel-2106-240x135.jpg 240w, https:\/\/www.diarioimagen.net\/wp-content\/uploads\/2013\/05\/eruviel-2106-420x236.jpg 420w, https:\/\/www.diarioimagen.net\/wp-content\/uploads\/2013\/05\/eruviel-2106-235x132.jpg 235w, https:\/\/www.diarioimagen.net\/wp-content\/uploads\/2013\/05\/eruviel-2106-202x114.jpg 202w, https:\/\/www.diarioimagen.net\/wp-content\/uploads\/2013\/05\/eruviel-2106-350x196.jpg 350w, https:\/\/www.diarioimagen.net\/wp-content\/uploads\/2013\/05\/eruviel-2106-220x123.jpg 220w, https:\/\/www.diarioimagen.net\/wp-content\/uploads\/2013\/05\/eruviel-2106-237x132.jpg 237w, https:\/\/www.diarioimagen.net\/wp-content\/uploads\/2013\/05\/eruviel-2106.jpg 480w\" sizes=\"auto, (max-width: 240px) 100vw, 240px\" \/><\/a><p id=\"caption-attachment-133362\" class=\"wp-caption-text\">l gobernador Eruviel \u00c1vila Villegas, acompa\u00f1ado de familiares del ex presidente Adolfo L\u00f3pez Mateos, presidi\u00f3 la ceremonia por el 103 aniversario del nacimiento del ilustre personaje.<\/p><\/div>\n<p><strong>Atizap\u00e1n de Zaragoza, Estado de M\u00e9xico<\/strong>.- El gobernador Eruviel \u00c1vila Villegas encabez\u00f3 la ceremonia del 103 Aniversario del Natalicio del ex presidente Adolfo L\u00f3pez Mateos, donde Isidro Pastor Medrano, secretario de Desarrollo Metropolitano, al pronunciar el discurso oficial, hizo un llamado para que en unidad, respetando libertades, bajo la orientaci\u00f3n del presidente Enrique Pe\u00f1a y del jefe del Ejecutivo estatal, se siga construyendo la paz pol\u00edtica, pues contando con este elemento, habr\u00e1 paz social.<\/p>\n<p>\u201cGobernador Eruviel \u00c1vila, el presidente Enrique Pe\u00f1a y usted son gu\u00eda y ejemplo por su altura de miras y entrega sin condiciones a las mejores causas de los mexicanos y los mexiquenses, es decir, a las mejores causas de M\u00e9xico y del Estado de M\u00e9xico. Tiene la br\u00fajula y conoce el camino, estamos confiados porque, con gobernantes como usted, el estado, m\u00e1s temprano que tarde, alcanzar\u00e1 el destino que la historia le tiene deparado, expres\u00f3.<\/p>\n<p>Isidro Pastor destac\u00f3 que la educaci\u00f3n fue para el entonces Presidente de la Rep\u00fablica, como lo es hoy para Enrique Pe\u00f1a Nieto, la primera condici\u00f3n de la justicia, por lo que actualmente se propone en el Plan Nacional de Desarrollo un M\u00e9xico con educaci\u00f3n de calidad para potenciar el desarrollo y habilidades de cada ciudadano.<\/p>\n<p>En tanto, el Plan de Desarrollo del Estado de M\u00e9xico 2011-2017, propuesto por Eruviel \u00c1vila, coincide en las l\u00edneas de acci\u00f3n del gobierno solidario y su aspiraci\u00f3n de ser reconocido como el gobierno de la educaci\u00f3n.<\/p>\n<p>Al celebrar un aniversario m\u00e1s del natalicio de L\u00f3pez Mateos, quien naci\u00f3 en este municipio mexiquense y fue Presidente de la Rep\u00fablica de 1958 a 1964, Isidro Pastor lo record\u00f3 como un jefe de Estado visionario, eficiente y eficaz, que nacionaliz\u00f3 la industria el\u00e9ctrica, adem\u00e1s de crear y transformar diversas secretar\u00edas de Estado.<\/p>\n<p>En presencia de Ave L\u00f3pez Mateos de Zolla, hija del homenajeado, se\u00f1al\u00f3 que su obra fue monumental en todos los \u00f3rdenes, desde la distribuci\u00f3n de productos de primera necesidad a precios accesibles, hasta la conclusi\u00f3n del ferrocarril Chihuahua-Pac\u00edfico; propici\u00f3 la participaci\u00f3n de M\u00e9xico en el Tratado de Libre Comercio de Am\u00e9rica Latina, cre\u00f3 zonas industriales en varias entidades y en materia internacional abri\u00f3 a M\u00e9xico al mundo.<\/p>\n<p>En nombre de los familiares amigos y ex colaboradores\u00a0 de Adolfo L\u00f3pez Mateos, Enrique Burgos Garc\u00eda, vicepresidente de la Mesa Directiva del Senado de la Rep\u00fablica, dijo que el ex presidente de origen mexiquense fue un estadista de\u00a0 nacionalismo c\u00edvico y un hombre que pulsaba el alma de la vida colectiva.<\/p>\n<p>Destac\u00f3 que el homenajeado expres\u00f3 en palabra y obra respeto al pueblo mexicano, y su pol\u00edtica social fue sensible y entusiasta; impuls\u00f3 reformas para dar beneficios a la clase trabajadora, cre\u00f3 el libro de texto gratuito, programas de vivienda de inter\u00e9s social, multiplic\u00f3 cl\u00ednicas del Instituto Mexicano del Seguro Social (IMSS), entre otras acciones dignas de reconocerse.<\/p>\n<p>Al t\u00e9rmino de la ceremonia conmemorativa, el gobernador Eruviel \u00c1vila, acompa\u00f1ado de Baruch Delgado Carbajal, presidente del Tribunal Superior de Justica de la entidad; Octavio Mart\u00ednez Vargas y Aar\u00f3n Urbina Bedolla, presidente de la Mesa Directiva y de la Junta de Coordinaci\u00f3n Pol\u00edtica de la 58 Legislatura local, respectivamente; Jos\u00e9 Luis S\u00e1nchez Le\u00f3n, comandante de la 22 zona militar; Pedro Rodr\u00edguez Villegas, alcalde de Atizap\u00e1n de Zaragoza y familiares de Adolfo L\u00f3pez Mateos, mont\u00f3 una guardia de honor y deposit\u00f3 una ofrenda floral al pie de la estatua erigida en honor al ex presidente, ubicada en la explanada municipal.<\/p>\n<p>En el evento estuvieron presentes Marco Antonio Morales G\u00f3mez, presidente de la Comisi\u00f3n de Derechos Humanos del Estado de M\u00e9xico; Jos\u00e9 Manzur Quiroga, presidente de la Comisi\u00f3n de presupuesto y cuenta P\u00fablica de la 62 Legislatura federal; Jorge Olvera Garc\u00eda rector de la Universidad Aut\u00f3noma del Estado de M\u00e9xico (UAEM); Ana Lilia Herrera Anzaldo, senadora de la Rep\u00fablica, as\u00ed como integrantes del gabinete legal y ampliado.<\/p>\n","protected":false},"excerpt":{"rendered":"<p>El gobernador Eruviel \u00c1vila Villegas encabez\u00f3 la ceremonia del 103 Aniversario del Natalicio del ex presidente Adolfo L\u00f3pez Mateos, donde Isidro Pastor Medrano, secretario de Desarrollo Metropolitano, al pronunciar el discurso oficial, hizo un llamado para que en unidad, respetando libertades, bajo la orientaci\u00f3n del presidente Enrique Pe\u00f1a y del jefe del Ejecutivo estatal, se siga construyendo la paz pol\u00edtica, pues contando con este elemento, habr\u00e1 paz social.<\/p>\n","protected":false},"author":3,"featured_media":133362,"comment_status":"open","ping_status":"open","sticky":false,"template":"","format":"standard","meta":{"_monsterinsights_skip_tracking":false,"_monsterinsights_sitenote_active":false,"_monsterinsights_sitenote_note":"","_monsterinsights_sitenote_category":0,"footnotes":""},"categories":[5],"tags":[951,3561,5828,43675],"class_list":["post-133269","post","type-post","status-publish","format-standard","has-post-thumbnail","hentry","category-estado-de-mexico","tag-adolfo-lopez-mateos","tag-atizapan-de-zaragoza","tag-eruviel-avila-villegas","tag-estado-de-mexico"],"_links":{"self":[{"href":"https:\/\/www.diarioimagen.net\/index.php?rest_route=\/wp\/v2\/posts\/133269","targetHints":{"allow":["GET"]}}],"collection":[{"href":"https:\/\/www.diarioimagen.net\/index.php?rest_route=\/wp\/v2\/posts"}],"about":[{"href":"https:\/\/www.diarioimagen.net\/index.php?rest_route=\/wp\/v2\/types\/post"}],"author":[{"embeddable":true,"href":"https:\/\/www.diarioimagen.net\/index.php?rest_route=\/wp\/v2\/users\/3"}],"replies":[{"embeddable":true,"href":"https:\/\/www.diarioimagen.net\/index.php?rest_route=%2Fwp%2Fv2%2Fcomments&post=133269"}],"version-history":[{"count":0,"href":"https:\/\/www.diarioimagen.net\/index.php?rest_route=\/wp\/v2\/posts\/133269\/revisions"}],"wp:featuredmedia":[{"embeddable":true,"href":"https:\/\/www.diarioimagen.net\/index.php?rest_route=\/wp\/v2\/media\/133362"}],"wp:attachment":[{"href":"https:\/\/www.diarioimagen.net\/index.php?rest_route=%2Fwp%2Fv2%2Fmedia&parent=133269"}],"wp:term":[{"taxonomy":"category","embeddable":true,"href":"https:\/\/www.diarioimagen.net\/index.php?rest_route=%2Fwp%2Fv2%2Fcategories&post=133269"},{"taxonomy":"post_tag","embeddable":true,"href":"https:\/\/www.diarioimagen.net\/index.php?rest_route=%2Fwp%2Fv2%2Ftags&post=133269"}],"curies":[{"name":"wp","href":"https:\/\/api.w.org\/{rel}","templated":true}]}}