{"id":133272,"date":"2013-05-27T00:08:57","date_gmt":"2013-05-27T05:08:57","guid":{"rendered":"http:\/\/www.diarioimagen.net\/?p=133272"},"modified":"2013-05-27T02:45:20","modified_gmt":"2013-05-27T07:45:20","slug":"recolectan-1500-tons-de-basura-en-ecatepec","status":"publish","type":"post","link":"https:\/\/www.diarioimagen.net\/?p=133272","title":{"rendered":"Recolectan 1,500 tons. de basura en Ecatepec"},"content":{"rendered":"<ul>\n<li><strong><em>Ponen en marcha plan de aseo<\/em><\/strong><\/li>\n<\/ul>\n<div id=\"attachment_133365\" style=\"width: 250px\" class=\"wp-caption alignleft\"><a href=\"http:\/\/www.diarioimagen.net\/wp-content\/uploads\/2013\/05\/ECATEPEC-2106.jpg\"><img loading=\"lazy\" decoding=\"async\" aria-describedby=\"caption-attachment-133365\" class=\"size-medium wp-image-133365\" alt=\"Como parte de la Jornada Nacional de Limpieza, Ecatepec recolect\u00f3 ayer mil 500 toneladas de desperdicios.\" src=\"http:\/\/www.diarioimagen.net\/wp-content\/uploads\/2013\/05\/ECATEPEC-2106-240x135.jpg\" width=\"240\" height=\"135\" srcset=\"https:\/\/www.diarioimagen.net\/wp-content\/uploads\/2013\/05\/ECATEPEC-2106-240x135.jpg 240w, https:\/\/www.diarioimagen.net\/wp-content\/uploads\/2013\/05\/ECATEPEC-2106-420x236.jpg 420w, https:\/\/www.diarioimagen.net\/wp-content\/uploads\/2013\/05\/ECATEPEC-2106-235x132.jpg 235w, https:\/\/www.diarioimagen.net\/wp-content\/uploads\/2013\/05\/ECATEPEC-2106-202x114.jpg 202w, https:\/\/www.diarioimagen.net\/wp-content\/uploads\/2013\/05\/ECATEPEC-2106-350x196.jpg 350w, https:\/\/www.diarioimagen.net\/wp-content\/uploads\/2013\/05\/ECATEPEC-2106-220x123.jpg 220w, https:\/\/www.diarioimagen.net\/wp-content\/uploads\/2013\/05\/ECATEPEC-2106-237x132.jpg 237w, https:\/\/www.diarioimagen.net\/wp-content\/uploads\/2013\/05\/ECATEPEC-2106.jpg 480w\" sizes=\"auto, (max-width: 240px) 100vw, 240px\" \/><\/a><p id=\"caption-attachment-133365\" class=\"wp-caption-text\">Como parte de la Jornada Nacional de Limpieza, Ecatepec recolect\u00f3 ayer mil 500 toneladas de desperdicios.<\/p><\/div>\n<p><strong>Ecatepec, Estado de M\u00e9xico<\/strong>.- Los ecatepequenses se suman al programa nacional \u00a0\u201cLimpiemos Nuestro M\u00e9xico 2013\u201d, por ello ayer domingo desde las ocho de la ma\u00f1ana 300 camiones y 15 retroexcavadoras iniciaron los trabajos de limpieza en caminos, barrancas, lotes bald\u00edos, focos de contaminaci\u00f3n, parques y deportivos.<\/p>\n<p>El presidente municipal, Pablo Bedolla L\u00f3pez, encabez\u00f3 las actividades, dando el banderazo de salida en el Parque Bicentenario \u201cSiervo de la Naci\u00f3n. A lo largo de la jornada se tuvo una participaci\u00f3n superior a las diez mil personas que recolectaron m\u00e1s de mil 500 toneladas de basura.<\/p>\n<p>La macro brigada \u201cEcatepec te queremos limpio\u201d arranc\u00f3 de manera simult\u00e1nea en puntos estrat\u00e9gicos de la geograf\u00eda municipal. El gobierno local en coordinaci\u00f3n con los titulares de las cinco Unidades Administrativas Territoriales (UAT), emprendi\u00f3 esta tarea cuyo objetivo es cambiar la imagen urbana y fomentar una cultura de la limpieza entre la poblaci\u00f3n.<\/p>\n<p>Adem\u00e1s, Bedolla L\u00f3pez expres\u00f3 que con estas acciones se promueve el no tirar basura en la v\u00eda p\u00fablica, ya que esto es un factor importante para evitar inundaciones, pues la ciudadan\u00eda utiliza las coladeras como basureros.<\/p>\n<p>Desde antes de las siete de la ma\u00f1ana inici\u00f3 la entrega de las unidades vehiculares en sitios cercanos a las sedes de las UAT como lo son: avenida Revoluci\u00f3n, mejor conocida como 30-30 distrito XXI-norte; deportivo \u201cSiervo de la Naci\u00f3n\u201d distrito XXI-sur, avenida La Laguna distrito XXII, Plaza Sendero distrito XXXIII y a un costado del pante\u00f3n \u201cGuadalupano\u201d distrito XLII; cuyos coordinadores estuvieron al frente de las labores en todo el municipio.<\/p>\n<p>El esfuerzo unido de miles de vecinos, autoridades auxiliares y servidores p\u00fablicos del ayuntamiento se tradujo en la recolecci\u00f3n de basura, cascajo y escombro en costales, que a su vez fueron depositados en los veh\u00edculos de carga.<\/p>\n<p>&nbsp;<\/p>\n","protected":false},"excerpt":{"rendered":"<p> Los ecatepequenses se suman al programa nacional  \u201cLimpiemos Nuestro M\u00e9xico 2013\u201d, por ello ayer domingo desde las ocho de la ma\u00f1ana 300 camiones y 15 retroexcavadoras iniciaron los trabajos de limpieza en caminos, barrancas, lotes bald\u00edos, focos de contaminaci\u00f3n, parques y deportivos.<\/p>\n","protected":false},"author":3,"featured_media":133365,"comment_status":"open","ping_status":"open","sticky":false,"template":"","format":"standard","meta":{"_monsterinsights_skip_tracking":false,"_monsterinsights_sitenote_active":false,"_monsterinsights_sitenote_note":"","_monsterinsights_sitenote_category":0,"footnotes":""},"categories":[5],"tags":[18179,454,43675],"class_list":["post-133272","post","type-post","status-publish","format-standard","has-post-thumbnail","hentry","category-estado-de-mexico","tag-basura","tag-ecatepec","tag-estado-de-mexico"],"_links":{"self":[{"href":"https:\/\/www.diarioimagen.net\/index.php?rest_route=\/wp\/v2\/posts\/133272","targetHints":{"allow":["GET"]}}],"collection":[{"href":"https:\/\/www.diarioimagen.net\/index.php?rest_route=\/wp\/v2\/posts"}],"about":[{"href":"https:\/\/www.diarioimagen.net\/index.php?rest_route=\/wp\/v2\/types\/post"}],"author":[{"embeddable":true,"href":"https:\/\/www.diarioimagen.net\/index.php?rest_route=\/wp\/v2\/users\/3"}],"replies":[{"embeddable":true,"href":"https:\/\/www.diarioimagen.net\/index.php?rest_route=%2Fwp%2Fv2%2Fcomments&post=133272"}],"version-history":[{"count":0,"href":"https:\/\/www.diarioimagen.net\/index.php?rest_route=\/wp\/v2\/posts\/133272\/revisions"}],"wp:featuredmedia":[{"embeddable":true,"href":"https:\/\/www.diarioimagen.net\/index.php?rest_route=\/wp\/v2\/media\/133365"}],"wp:attachment":[{"href":"https:\/\/www.diarioimagen.net\/index.php?rest_route=%2Fwp%2Fv2%2Fmedia&parent=133272"}],"wp:term":[{"taxonomy":"category","embeddable":true,"href":"https:\/\/www.diarioimagen.net\/index.php?rest_route=%2Fwp%2Fv2%2Fcategories&post=133272"},{"taxonomy":"post_tag","embeddable":true,"href":"https:\/\/www.diarioimagen.net\/index.php?rest_route=%2Fwp%2Fv2%2Ftags&post=133272"}],"curies":[{"name":"wp","href":"https:\/\/api.w.org\/{rel}","templated":true}]}}