{"id":133426,"date":"2013-05-28T00:13:17","date_gmt":"2013-05-28T05:13:17","guid":{"rendered":"http:\/\/www.diarioimagen.net\/?p=133426"},"modified":"2013-05-28T03:49:34","modified_gmt":"2013-05-28T08:49:34","slug":"gem-impulsa-la-cultura-para-transformar-al-estado-y-al-pais","status":"publish","type":"post","link":"https:\/\/www.diarioimagen.net\/?p=133426","title":{"rendered":"GEM impulsa la cultura para transformar al estado y al pa\u00eds"},"content":{"rendered":"<h2>Arco Norte<\/h2>\n<h5>Jos\u00e9 Luis Monta\u00f1ez Aguilar<\/h5>\n<p><span>\u00a0<\/span><\/p>\n<div id=\"attachment_133502\" style=\"width: 250px\" class=\"wp-caption alignleft\"><a href=\"http:\/\/www.diarioimagen.net\/wp-content\/uploads\/2013\/05\/eruviel-sor-juana-2107.jpg\"><img loading=\"lazy\" decoding=\"async\" aria-describedby=\"caption-attachment-133502\" class=\"size-medium wp-image-133502\" alt=\"Durante la entrega de premios y reconocimientos del Certamen Internacional de Literatura Sor Juana In\u00e9s de la Cruz, en su cuarta edici\u00f3n, en el que se registraron 497 participantes de 20 pa\u00edses, el gobernador Eruviel \u00c1vila Villegas se\u00f1al\u00f3 que en el Estado de M\u00e9xico se continuar\u00e1 impulsando el desarrollo de la cultura, con el objetivo de generar progreso, transformar al pa\u00eds y formar ciudadanos de manera integral.\" src=\"http:\/\/www.diarioimagen.net\/wp-content\/uploads\/2013\/05\/eruviel-sor-juana-2107-240x135.jpg\" width=\"240\" height=\"135\" srcset=\"https:\/\/www.diarioimagen.net\/wp-content\/uploads\/2013\/05\/eruviel-sor-juana-2107-240x135.jpg 240w, https:\/\/www.diarioimagen.net\/wp-content\/uploads\/2013\/05\/eruviel-sor-juana-2107-420x236.jpg 420w, https:\/\/www.diarioimagen.net\/wp-content\/uploads\/2013\/05\/eruviel-sor-juana-2107-235x132.jpg 235w, https:\/\/www.diarioimagen.net\/wp-content\/uploads\/2013\/05\/eruviel-sor-juana-2107-202x114.jpg 202w, https:\/\/www.diarioimagen.net\/wp-content\/uploads\/2013\/05\/eruviel-sor-juana-2107-350x196.jpg 350w, https:\/\/www.diarioimagen.net\/wp-content\/uploads\/2013\/05\/eruviel-sor-juana-2107-220x123.jpg 220w, https:\/\/www.diarioimagen.net\/wp-content\/uploads\/2013\/05\/eruviel-sor-juana-2107-237x132.jpg 237w, https:\/\/www.diarioimagen.net\/wp-content\/uploads\/2013\/05\/eruviel-sor-juana-2107.jpg 480w\" sizes=\"auto, (max-width: 240px) 100vw, 240px\" \/><\/a><p id=\"caption-attachment-133502\" class=\"wp-caption-text\">Durante la entrega de premios y reconocimientos del Certamen Internacional de Literatura Sor Juana In\u00e9s de la Cruz, el gobernador Eruviel \u00c1vila Villegas se\u00f1al\u00f3 que en el Estado de M\u00e9xico se continuar\u00e1 impulsando el desarrollo de la cultura.<\/p><\/div>\n<p><span>El gobierno del Estado de M\u00e9xico impulsa la transformaci\u00f3n de la sociedad mediante la cultura, por lo que fomenta su desarrollo con el objeto de generar progreso, transformar al pa\u00eds y formar buenos ciudadanos; adem\u00e1s, fomenta la b\u00fasqueda y apoyo de talentos, la producci\u00f3n literaria y la difusi\u00f3n de las actividades art\u00edsticas, se\u00f1al\u00f3 ayer el gobernador Eruviel \u00c1vila Villegas, al entregar en Toluca premios y reconocimientos de la cuarta edici\u00f3n del Certamen Internacional de Literatura Sor Juana In\u00e9s de la Cruz. \u201cEn el Estado de M\u00e9xico le seguiremos apostando a la educaci\u00f3n, a la cultura, porque sabemos que son las alternativas para poder alcanzar el desarrollo de nuestra entidad, involucrar a nuestros ni\u00f1os, a nuestros j\u00f3venes en estas extraordinarias oportunidades para que hoy crezcan felices y ma\u00f1ana sean mujeres y hombres de bien, que aporten su talento a esta sociedad\u201d.<\/span><\/p>\n<p align=\"center\"><b>Entrega apoyos a productores agropecuarios de la zona sur<\/b><\/p>\n<p>Junto con el desarrollo cultural tambi\u00e9n se debe fomentar la producci\u00f3n agropecuaria, por lo que Eruviel \u00c1vila Villegas entreg\u00f3 en Amatepec apoyos agr\u00edcolas y pecuarios a productores de esa localidad por poco m\u00e1s de 15 millones de pesos y anunci\u00f3 que este a\u00f1o ser\u00e1n 148 millones de pesos los que se entregar\u00e1n a campesinos y ganaderos de todo el estado, en est\u00edmulos para semillas mejoradas y fertilizantes, diesel y canastas hortofrut\u00edcolas para hacer m\u00e1s productivo el campo mexiquense. \u00abHoy viene todo mi gabinete, todos estamos desplegados en la regi\u00f3n, entregando recursos y apoyos. En suma, el gobierno del estado se muda, la capital del Estado de M\u00e9xico en estos d\u00edas, es en la regi\u00f3n sur. Aqu\u00ed se vino todo mi gabinete con recursos, con disposici\u00f3n, con una buena actitud para apoyar a mis hermanas y hermanos surianos\u201d, concluy\u00f3.<\/p>\n<p><em><a href=\"mailto:montanezaguilar@gmail.com\" target=\"_blank\">montanezaguilar@gmail.com<\/a><\/em><\/p>\n","protected":false},"excerpt":{"rendered":"<p><span style=\"color: #005497;\"><strong>Jos\u00e9 Luis Monta\u00f1ez Aguilar<\/strong><\/span><br \/>\n<br \/>\nEl gobierno del Estado de M\u00e9xico impulsa la transformaci\u00f3n de la sociedad<\/p>\n","protected":false},"author":3,"featured_media":133502,"comment_status":"open","ping_status":"open","sticky":false,"template":"","format":"standard","meta":{"_monsterinsights_skip_tracking":false,"_monsterinsights_sitenote_active":false,"_monsterinsights_sitenote_note":"","_monsterinsights_sitenote_category":0,"footnotes":""},"categories":[5],"tags":[13284,5828,1720,43704,43674,452],"class_list":["post-133426","post","type-post","status-publish","format-standard","has-post-thumbnail","hentry","category-estado-de-mexico","tag-arco-norte","tag-eruviel-avila-villegas","tag-gem","tag-jose-luis-montanez-aguilar","tag-opinion","tag-toluca"],"_links":{"self":[{"href":"https:\/\/www.diarioimagen.net\/index.php?rest_route=\/wp\/v2\/posts\/133426","targetHints":{"allow":["GET"]}}],"collection":[{"href":"https:\/\/www.diarioimagen.net\/index.php?rest_route=\/wp\/v2\/posts"}],"about":[{"href":"https:\/\/www.diarioimagen.net\/index.php?rest_route=\/wp\/v2\/types\/post"}],"author":[{"embeddable":true,"href":"https:\/\/www.diarioimagen.net\/index.php?rest_route=\/wp\/v2\/users\/3"}],"replies":[{"embeddable":true,"href":"https:\/\/www.diarioimagen.net\/index.php?rest_route=%2Fwp%2Fv2%2Fcomments&post=133426"}],"version-history":[{"count":0,"href":"https:\/\/www.diarioimagen.net\/index.php?rest_route=\/wp\/v2\/posts\/133426\/revisions"}],"wp:featuredmedia":[{"embeddable":true,"href":"https:\/\/www.diarioimagen.net\/index.php?rest_route=\/wp\/v2\/media\/133502"}],"wp:attachment":[{"href":"https:\/\/www.diarioimagen.net\/index.php?rest_route=%2Fwp%2Fv2%2Fmedia&parent=133426"}],"wp:term":[{"taxonomy":"category","embeddable":true,"href":"https:\/\/www.diarioimagen.net\/index.php?rest_route=%2Fwp%2Fv2%2Fcategories&post=133426"},{"taxonomy":"post_tag","embeddable":true,"href":"https:\/\/www.diarioimagen.net\/index.php?rest_route=%2Fwp%2Fv2%2Ftags&post=133426"}],"curies":[{"name":"wp","href":"https:\/\/api.w.org\/{rel}","templated":true}]}}