{"id":133442,"date":"2013-05-28T00:06:23","date_gmt":"2013-05-28T05:06:23","guid":{"rendered":"http:\/\/www.diarioimagen.net\/?p=133442"},"modified":"2013-05-29T02:40:53","modified_gmt":"2013-05-29T07:40:53","slug":"muchas-camisas-pocos-pantalones","status":"publish","type":"post","link":"https:\/\/www.diarioimagen.net\/?p=133442","title":{"rendered":"Muchas camisas, pocos pantalones"},"content":{"rendered":"<h2>\u00cdndice pol\u00edtico<\/h2>\n<h5>Francisco Rodr\u00edguez<\/h5>\n<p><span><br \/>\nCentenares de trajes, camisas y zapatos. Pero pocos, muy pocos pantalones hay en el vestidor de Andr\u00e9s Granier, ex gobernador de Tabasco, a quien s\u00f3lo le faltar\u00eda decir que estaba \u201cbolo\u201d \u2013borracho, en el slang de esa entidad\u2014 cuando \u00e9l, sus familiares y colaboradores asaltaron las arcas federales y estatales.<\/span><\/p>\n<p>Como ciudadanos, hemos asistido frecuentemente al afloramiento de repugnantes ejemplos de corrupci\u00f3n, germinados en esa zona en la que confluyen el desarrollo de las pol\u00edticas p\u00fablicas y la actividad econ\u00f3mica privada.<\/p>\n<p>Nos desconcertamos ante ello, pero tambi\u00e9n ante la reacci\u00f3n de los partidos pol\u00edticos cuando uno de los suyos es investigado, pues a toda costa tratan de deslegitimar la investigaci\u00f3n atribuy\u00e9ndola a oscuros fines conspirativos, y proceden entonces al ataque personal a los investigadores y, por si fuera poco, a cuestionar a las instituciones de persecuci\u00f3n penal as\u00ed como de los instrumentos de investigaci\u00f3n, sin importar el perjuicio que ello puede generar en la lucha contra el crimen en general y el organizado en particular.<\/p>\n<p>En el caso de Granier, nadie discute que la presunci\u00f3n de inocencia es m\u00e1s que un derecho subjetivo, ya que tiene la condici\u00f3n de premisa indispensable de una sociedad civilizada, pero las pruebas hasta ahora acumuladas en su contra son apabullantes.<\/p>\n<p>Y lo mejor \u2014o peor, si se mira desde otra perspectiva\u2014 es que \u00e9l mismo las ha aportado.<\/p>\n<p>La conducta que hoy enjuicia la sociedad, antes de que puedan o deban hacerlo las instituciones, no es la del ciudadano Granier, sino la del gobernador de Tabasco de 2007 a 2012. Contra el ciudadano Granier no hay nada que no sea el mal gusto de presumir su fortuna ante sus empobrecidos guardaespaldas, que lo grabaron y difundieron sus boludeces.<\/p>\n<p>Pero en el caso del pol\u00edtico que gobern\u00f3 a la entidad del sureste lo que existe es presunci\u00f3n de ausencia de responsabilidad y, sobre todo, de probidad.<\/p>\n<p>Una deshonestidad que, incluso, puso en peligro la vida de muchos tabasque\u00f1os.<\/p>\n<p align=\"center\"><b>INUNDACIONES Y SALUD<\/b><\/p>\n<p>\u00a0La fallida administraci\u00f3n de Andr\u00e9s Granier culmin\u00f3 con el resquebrajamiento del sistema de salud p\u00fablica. Las noticias que de Villahermosa y de otras ciudades de esa entidad llegaban a todas partes era que no hab\u00eda medicamentos, ni siquiera recursos para alimentar a los enfermos hospitalizados. No hab\u00eda ya dinero en las arcas. Presumiblemente hab\u00edan sido robados. La vida de muchos tabasque\u00f1os estuvo entonces en riesgo.<\/p>\n<p>Pero el mayor escamoteo de recursos p\u00fablicos, cuentan en Tabasco, se dio cuando en 2007 la entidad enfrent\u00f3 las peores inundaciones que se recuerden \u2014merced a la corrupci\u00f3n en CFE, pero esa es otra historia\u2014, dejando como saldo m\u00e1s de un mill\u00f3n de damnificados y p\u00e9rdidas econ\u00f3micas por el orden de los 33 mil millones de pesos.<\/p>\n<p>Esta cat\u00e1strofe fue una de las m\u00e1s conocidas en la historia reciente, no s\u00f3lo por el da\u00f1o causado, sino tambi\u00e9n porque trajo mucha controversia ya que muchas entidades, estados e incluso pa\u00edses aportaron grandes sumas cantidades de dinero como apoyo al estado, el cual el gobernador dijo invertirlos en un plan h\u00eddrico para evitar una pr\u00f3xima inundaci\u00f3n en el estado, el cual en su sexenio nunca se llev\u00f3 a cabo dejando dudas de sobre el destino de enormes cantidades de dinero.<\/p>\n<p>Posteriormente en 2008 volvi\u00f3 a enfrentar inundaciones en la regi\u00f3n de\u00a0Los R\u00edos y, en 2009, en la regi\u00f3n de la\u00a0Chontalpa.<\/p>\n<p>El famoso plan h\u00eddrico, a final de cuentas, consisti\u00f3 en millares de costales de arena colocados a la ribera de los afluentes. Nada m\u00e1s.<\/p>\n<p>Muchos trajes, muchas camisas, muchos zapatos, pero pocos pantalones los de Granier quien ha montado toda una estratagema para hacer creer que sus colaboradores y a\u00fan los colaboradores de aquellos son v\u00edctimas de violaciones a sus derechos humanos, cuando \u00e9l fue el principal violador de esas garant\u00edas al poner en riesgo no s\u00f3lo el patrimonio, incluso la vida de muchos de sus dizque gobernados, \u00bfo no?<\/p>\n<p><b><i>\u00cdndice Flam\u00edgero:<\/i><\/b> En el municipio quintanarroense Solidaridad, el candidato pri\u00edsta a la alcald\u00eda, Mauricio G\u00f3ngora, ha dado muestras de conocer, como pocos, los nuevos recursos de comunicaci\u00f3n pol\u00edtica. Buena parte de su penetraci\u00f3n est\u00e1 dada en las llamadas redes sociales, donde acumula seguidores y apoyos que se ver\u00e1n en las urnas el pr\u00f3ximo 7 de julio. Bien.<\/p>\n<p><em><a href=\"http:\/\/www.indicepolitico.com\/\" target=\"_blank\"><em>www.indicepolitico.com<\/em><\/a><br \/>\n<\/em><em><a href=\"mailto:pacorodriguez@journalist.com\" target=\"_blank\">pacorodriguez@journalist.com<\/a><\/em><\/p>\n","protected":false},"excerpt":{"rendered":"<p><span style=\"color: #005497;\"><strong>Francisco Rodr\u00edguez<\/strong><\/span><\/p>\n","protected":false},"author":3,"featured_media":0,"comment_status":"open","ping_status":"open","sticky":false,"template":"","format":"standard","meta":{"_monsterinsights_skip_tracking":false,"_monsterinsights_sitenote_active":false,"_monsterinsights_sitenote_note":"","_monsterinsights_sitenote_category":0,"footnotes":""},"categories":[549],"tags":[43689,550,43674],"class_list":["post-133442","post","type-post","status-publish","format-standard","hentry","category-francisco-rodriguez","tag-francisco-rodriguez","tag-indice-politico","tag-opinion"],"_links":{"self":[{"href":"https:\/\/www.diarioimagen.net\/index.php?rest_route=\/wp\/v2\/posts\/133442","targetHints":{"allow":["GET"]}}],"collection":[{"href":"https:\/\/www.diarioimagen.net\/index.php?rest_route=\/wp\/v2\/posts"}],"about":[{"href":"https:\/\/www.diarioimagen.net\/index.php?rest_route=\/wp\/v2\/types\/post"}],"author":[{"embeddable":true,"href":"https:\/\/www.diarioimagen.net\/index.php?rest_route=\/wp\/v2\/users\/3"}],"replies":[{"embeddable":true,"href":"https:\/\/www.diarioimagen.net\/index.php?rest_route=%2Fwp%2Fv2%2Fcomments&post=133442"}],"version-history":[{"count":0,"href":"https:\/\/www.diarioimagen.net\/index.php?rest_route=\/wp\/v2\/posts\/133442\/revisions"}],"wp:attachment":[{"href":"https:\/\/www.diarioimagen.net\/index.php?rest_route=%2Fwp%2Fv2%2Fmedia&parent=133442"}],"wp:term":[{"taxonomy":"category","embeddable":true,"href":"https:\/\/www.diarioimagen.net\/index.php?rest_route=%2Fwp%2Fv2%2Fcategories&post=133442"},{"taxonomy":"post_tag","embeddable":true,"href":"https:\/\/www.diarioimagen.net\/index.php?rest_route=%2Fwp%2Fv2%2Ftags&post=133442"}],"curies":[{"name":"wp","href":"https:\/\/api.w.org\/{rel}","templated":true}]}}