{"id":133455,"date":"2013-05-28T00:04:02","date_gmt":"2013-05-28T05:04:02","guid":{"rendered":"http:\/\/www.diarioimagen.net\/?p=133455"},"modified":"2013-05-29T03:01:34","modified_gmt":"2013-05-29T08:01:34","slug":"granier-comparecera","status":"publish","type":"post","link":"https:\/\/www.diarioimagen.net\/?p=133455","title":{"rendered":"Granier comparecer\u00e1"},"content":{"rendered":"<h2>Punto por punto<\/h2>\n<h5>Augusto Corro<\/h5>\n<p><span><br \/>\nAl fin, la justicia tabasque\u00f1a proceder\u00e1 a conocer c\u00f3mo se manejaron los dineros p\u00fablicos en la administraci\u00f3n del gobernador Andr\u00e9s Granier Melo. El pr\u00f3ximo jueves 30, el ex mandatario comparecer\u00e1 ante un juzgado en calidad de indiciado.<\/span><\/p>\n<p>El ex tesorero, Jos\u00e9 S\u00e1iz Pineda har\u00e1 lo mismo el 5 de junio; y el ex subsecretario de Egresos, Miguel \u00c1ngel Contreras deber\u00e1 acudir el d\u00eda 7.<\/p>\n<p>Se empezar\u00e1 a desenredar la maneja de corrupci\u00f3n que en los \u00faltimos d\u00edas se convirti\u00f3 en verdadero esc\u00e1ndalo al encontrar 88.5 millones de pesos en efectivo, en una casa, propiedad de Saiz Pineda.<\/p>\n<p>Todo hace suponer que esto \u00faltimo fue la gota que derram\u00f3 el vaso de agua.<\/p>\n<p>Para empezar, los tres ex funcionarios mencionados rendir\u00e1n su declaraci\u00f3n sobre el dinero encontrado y tambi\u00e9n sobre el desfalco multimillonario en el estado de Tabasco.<\/p>\n<p>El conflicto empez\u00f3 cuando el nuevo gobernador de Tabasco, Arturo \u00d1\u00fanez, se quej\u00f3 amargamente, porque su antecesor Granier hab\u00eda dejado vac\u00edas las arcas p\u00fablicas y con una deuda de mil 900 millones de pesos. El mandatario le hab\u00eda dado un plazo a Granier para que explicara donde hab\u00eda quedado el dinero. No lo hizo. Al contrario, en una borrachera, seg\u00fan \u00e9l, presumi\u00f3 de sus despilfarros econ\u00f3micos al manifestar que pose\u00eda cientos de zapatos, camisas, etc.<\/p>\n<p>Antes, en diferentes medios se inform\u00f3 de la riqueza inexplicable de Granier y de su hijo Fabiancito, quien lo ayud\u00f3 a desgobernar la entidad mencionada. A este \u00faltimo se le ha mencionado que es due\u00f1o de inmuebles en Miami y de un hotel, denominado El Pueblito, en Canc\u00fan. En febrero nos pregunt\u00e1bamos si Granier ser\u00eda el primer gobernador en ser llevado ante la justicia, porque ya se hizo tradici\u00f3n que los ex mandatarios dejan el cargo, pero se van con las bolsas llenas de recursos del erario.<\/p>\n<p>Tuvieron que pasar m\u00e1s de seis meses para que por fin se empezara a notar el inter\u00e9s de las autoridades para que el ex gobernador explique d\u00f3nde se encuentra el dinero faltante.<\/p>\n<p>Ya en otras ocasiones los ex mandatarios estatales han sido se\u00f1alados como verdaderos saqueadores de sus entidades, pero ninguna denuncia en su contra prosper\u00f3.\u00a0 Hoy se tiene la oportunidad de empezar una investigaci\u00f3n formal que nos diga qu\u00e9 hizo Granier con tantos millones de pesos que no aparecen.<\/p>\n<p>Por otra parte, el vicepresidente de la C\u00e1mara de Diputados, Jos\u00e9 Gonz\u00e1lez Morf\u00edn, manifest\u00f3 que resulta indigno y ofensivo para los mexicanos \u201cc\u00f3mo algunos funcionarios gubernamentales\u00a0 se han enriquecido, presuntamente, por el saqueo de las arcas p\u00fablicas, como apuntan todas las se\u00f1ales en Tabasco\u201d.<\/p>\n<p>Agreg\u00f3:<\/p>\n<p>\u201cCreo que se han reunido los elementos necesarios para emprender acciones judiciales en contra de los implicados en el saqueo, inclu\u00eddo el ex gobernador Andr\u00e9s Granier\u201d.<\/p>\n<p>Tambi\u00e9n manifest\u00f3 que las autoridades tienen que dar resultados cre\u00edbles, pero, sobre todo, con sustento legal, a fin de que se castigue a quienes han saqueado los estados, a quienes se han enriquecido con el dinero p\u00fablico\u201d. Claro, esa aplicaci\u00f3n de la ley no alcanzar\u00e1 a otros ex mandatarios como Amalia Garc\u00eda, de Zacatecas; Leonel Godoy, de Michoac\u00e1n; Humberto Moreira, de Coahuila; Mario Mar\u00edn, de Puebla; y Ulises Ruiz Ortiz, de Oaxaca, por citar a algunos.<\/p>\n<p>En s\u00edntesis, todo hace suponer que la maquinaria de la justicia est\u00e1 engrasada para proceder contra Granier, ahora solo falta que el multicitado ex mandatario se encuentre en nuestro pa\u00eds, porque es posible que ya se encuentre en alguna de sus propiedades en el extranjero, con la esperanza de que amaine el temporal desatado en Tabasco.\u00a0 No olvidar que una cosa son las intenciones y otra las realidades.<\/p>\n<p><em><a href=\"mailto:aco2742@hotmail.com\" target=\"_blank\">aco2742@hotmail.com<\/a><\/em><\/p>\n","protected":false},"excerpt":{"rendered":"<p><span style=\"color: #005497;\"><strong>Augusto Corro<\/strong><\/span><\/p>\n","protected":false},"author":3,"featured_media":0,"comment_status":"open","ping_status":"open","sticky":false,"template":"","format":"standard","meta":{"_monsterinsights_skip_tracking":false,"_monsterinsights_sitenote_active":false,"_monsterinsights_sitenote_note":"","_monsterinsights_sitenote_category":0,"footnotes":""},"categories":[157],"tags":[43686,43674,11515,2268],"class_list":["post-133455","post","type-post","status-publish","format-standard","hentry","category-augusto-corro","tag-augusto-corro","tag-opinion","tag-punto-por-punto","tag-tabasco"],"_links":{"self":[{"href":"https:\/\/www.diarioimagen.net\/index.php?rest_route=\/wp\/v2\/posts\/133455","targetHints":{"allow":["GET"]}}],"collection":[{"href":"https:\/\/www.diarioimagen.net\/index.php?rest_route=\/wp\/v2\/posts"}],"about":[{"href":"https:\/\/www.diarioimagen.net\/index.php?rest_route=\/wp\/v2\/types\/post"}],"author":[{"embeddable":true,"href":"https:\/\/www.diarioimagen.net\/index.php?rest_route=\/wp\/v2\/users\/3"}],"replies":[{"embeddable":true,"href":"https:\/\/www.diarioimagen.net\/index.php?rest_route=%2Fwp%2Fv2%2Fcomments&post=133455"}],"version-history":[{"count":0,"href":"https:\/\/www.diarioimagen.net\/index.php?rest_route=\/wp\/v2\/posts\/133455\/revisions"}],"wp:attachment":[{"href":"https:\/\/www.diarioimagen.net\/index.php?rest_route=%2Fwp%2Fv2%2Fmedia&parent=133455"}],"wp:term":[{"taxonomy":"category","embeddable":true,"href":"https:\/\/www.diarioimagen.net\/index.php?rest_route=%2Fwp%2Fv2%2Fcategories&post=133455"},{"taxonomy":"post_tag","embeddable":true,"href":"https:\/\/www.diarioimagen.net\/index.php?rest_route=%2Fwp%2Fv2%2Ftags&post=133455"}],"curies":[{"name":"wp","href":"https:\/\/api.w.org\/{rel}","templated":true}]}}