{"id":133485,"date":"2013-05-28T00:04:46","date_gmt":"2013-05-28T05:04:46","guid":{"rendered":"http:\/\/www.diarioimagen.net\/?p=133485"},"modified":"2013-05-29T03:26:39","modified_gmt":"2013-05-29T08:26:39","slug":"segob-y-pgr-crean-unidad-para-buscar-a-los-desaparecidos","status":"publish","type":"post","link":"https:\/\/www.diarioimagen.net\/?p=133485","title":{"rendered":"Segob y PGR crean unidad para buscar a los desaparecidos"},"content":{"rendered":"<ul>\n<li><strong><em>Con ella se refuerzan capacidades institucionales y se crea una \u201cventanilla \u00fanica\u201d para atender el problema<\/em><\/strong><\/li>\n<\/ul>\n<div id=\"attachment_133495\" style=\"width: 250px\" class=\"wp-caption alignleft\"><a href=\"http:\/\/www.diarioimagen.net\/wp-content\/uploads\/2013\/05\/Desaparecidos-2107.jpg\"><img loading=\"lazy\" decoding=\"async\" aria-describedby=\"caption-attachment-133495\" class=\"size-medium wp-image-133495\" alt=\"El procurador general de la Rep\u00fablica, Jes\u00fas Murillo Karam, y el secretario de Gobernaci\u00f3n, Miguel \u00c1ngel Osorio Chong, presentaron la Unidad de B\u00fasqueda de Personas Desaparecidas.\" src=\"http:\/\/www.diarioimagen.net\/wp-content\/uploads\/2013\/05\/Desaparecidos-2107-240x135.jpg\" width=\"240\" height=\"135\" srcset=\"https:\/\/www.diarioimagen.net\/wp-content\/uploads\/2013\/05\/Desaparecidos-2107-240x135.jpg 240w, https:\/\/www.diarioimagen.net\/wp-content\/uploads\/2013\/05\/Desaparecidos-2107-420x236.jpg 420w, https:\/\/www.diarioimagen.net\/wp-content\/uploads\/2013\/05\/Desaparecidos-2107-235x132.jpg 235w, https:\/\/www.diarioimagen.net\/wp-content\/uploads\/2013\/05\/Desaparecidos-2107-202x114.jpg 202w, https:\/\/www.diarioimagen.net\/wp-content\/uploads\/2013\/05\/Desaparecidos-2107-350x196.jpg 350w, https:\/\/www.diarioimagen.net\/wp-content\/uploads\/2013\/05\/Desaparecidos-2107-220x123.jpg 220w, https:\/\/www.diarioimagen.net\/wp-content\/uploads\/2013\/05\/Desaparecidos-2107-237x132.jpg 237w, https:\/\/www.diarioimagen.net\/wp-content\/uploads\/2013\/05\/Desaparecidos-2107.jpg 480w\" sizes=\"auto, (max-width: 240px) 100vw, 240px\" \/><\/a><p id=\"caption-attachment-133495\" class=\"wp-caption-text\">El procurador general de la Rep\u00fablica, Jes\u00fas Murillo Karam, y el secretario de Gobernaci\u00f3n, Miguel \u00c1ngel Osorio Chong, presentaron la Unidad de B\u00fasqueda de Personas Desaparecidas.<\/p><\/div>\n<p>La Procuradur\u00eda General de la Rep\u00fablica (PGR) y la Secretar\u00eda de Gobernaci\u00f3n (Segob) presentaron ayer la Unidad de B\u00fasqueda de Personas Desaparecidas, con la que se reforzar\u00e1n las capacidades institucionales para atender este problema.<\/p>\n<p>En la presentaci\u00f3n el subprocurador de Derechos Humanos de la PGR, Ricardo Garc\u00eda Cervantes, indic\u00f3 que esta unidad se alinea a los organismos protectores de derechos humanos, y dijo que el banco de datos contar\u00e1 con el apoyo de la Segob.<\/p>\n<p>Al se\u00f1alar el problema de la desaparici\u00f3n de personas es una gran responsabilidad de Estado mexicano dijo que con la unidad se pretende \u201cuna sola ventanilla\u201d para buscar a personas desaparecidas en el pa\u00eds.<\/p>\n<p>A su vez, Osorio Chong indic\u00f3 que esta unidad es el mejor instrumento para saber el paradero de los desaparecidos por lo que \u201cno habr\u00e1 limitante, volcaremos todos los recursos y no ser\u00e1 un tema de olvido\u201d y agreg\u00f3, \u201cestamos aqu\u00ed para cumplir nuestra palabra. Tenemos que mejorar lo que debemos de hacer\u201d.<\/p>\n<p>En el acto tambi\u00e9n estuvieron presentes el titular de la Comisi\u00f3n Nacional de los Derechos Humanos (CNDH), Ra\u00fal Plascencia Villanueva, el procurador general de la Rep\u00fablica, Jes\u00fas Murillo Karam, y el Alto Comisionado de los Derechos Humanos de la ONU.<\/p>\n<p>El titular de la PGR, Jes\u00fas Murillo Karam, dijo que con la creaci\u00f3n de la Unidad de B\u00fasqueda de Personas Desaparecidas habr\u00e1 mayor coordinaci\u00f3n institucional y se evitar\u00e1 la burocracia que padecen los familiares de los desaparecidos.<\/p>\n<p>En su mensaje durante la presentaci\u00f3n de esa unidad, dijo a las v\u00edctimas que conoce sus asuntos, donde \u201cel denominador com\u00fan de sus quejas, era casi siempre el abandono de la investigaci\u00f3n; a veces, por razones atribuibles a alguien y a veces, por razones atribuibles a un sistema que no estaba coordinado\u201d.<\/p>\n<p>Asegur\u00f3 que un factor fundamental de la coordinaci\u00f3n es tener un plan, un objetivo, una acci\u00f3n precisa, \u201cense\u00f1ar qu\u00e9 le toca hacer a cada qui\u00e9n, es definir qui\u00e9n es responsable de qu\u00e9, es tener forma de vivir y de evaluar lo que se est\u00e1 haciendo, lo que es el primer instrumento de cualquier otra acci\u00f3n\u201d.<\/p>\n<p>En ese sentido el funcionario federal dijo: \u201choy lo que queremos destrozar es ese laberinto burocr\u00e1tico. Vamos a llegar hasta donde se pueda llegar; vamos a agotar todas las opciones y hablar con absoluta verdad sobre las posibilidades de los resultados\u201d.<\/p>\n<p>Murillo Karam asever\u00f3 que la PGR aceptar\u00e1 la vigilancia de funcionarios de organismos y dependencias para que los derechos de los familiares queden garantizados, \u201cporque es la \u00fanica forma en que no nos vamos a detener y no se nos va a frenar\u201d.<\/p>\n<p>Entre otra de las muchas cosas que se han discutido, explic\u00f3, es que el funcionario que comience la investigaci\u00f3n la termine, a menos que haya se\u00f1alamientos \u201cde que no sirve o que no tiene pasi\u00f3n o que no se entrega\u201d.<\/p>\n<p>Para la creaci\u00f3n de este grupo se capacitar\u00e1 a 12 agentes del Ministerio P\u00fablico que se especializar\u00e1n en la b\u00fasqueda de las personas desaparecidas.<b><\/b><\/p>\n<p>&nbsp;<\/p>\n","protected":false},"excerpt":{"rendered":"<p>La Procuradur\u00eda General de la Rep\u00fablica (PGR) y la Secretar\u00eda de Gobernaci\u00f3n (Segob) presentaron ayer la Unidad de B\u00fasqueda de Personas Desaparecidas, con la que se reforzar\u00e1n las capacidades institucionales para atender este problema.<\/p>\n","protected":false},"author":3,"featured_media":133495,"comment_status":"open","ping_status":"open","sticky":false,"template":"","format":"standard","meta":{"_monsterinsights_skip_tracking":false,"_monsterinsights_sitenote_active":false,"_monsterinsights_sitenote_note":"","_monsterinsights_sitenote_category":0,"footnotes":""},"categories":[17,3],"tags":[43673,232,702],"class_list":["post-133485","post","type-post","status-publish","format-standard","has-post-thumbnail","hentry","category-especiales","category-nacional","tag-nacional","tag-pgr","tag-segob"],"_links":{"self":[{"href":"https:\/\/www.diarioimagen.net\/index.php?rest_route=\/wp\/v2\/posts\/133485","targetHints":{"allow":["GET"]}}],"collection":[{"href":"https:\/\/www.diarioimagen.net\/index.php?rest_route=\/wp\/v2\/posts"}],"about":[{"href":"https:\/\/www.diarioimagen.net\/index.php?rest_route=\/wp\/v2\/types\/post"}],"author":[{"embeddable":true,"href":"https:\/\/www.diarioimagen.net\/index.php?rest_route=\/wp\/v2\/users\/3"}],"replies":[{"embeddable":true,"href":"https:\/\/www.diarioimagen.net\/index.php?rest_route=%2Fwp%2Fv2%2Fcomments&post=133485"}],"version-history":[{"count":0,"href":"https:\/\/www.diarioimagen.net\/index.php?rest_route=\/wp\/v2\/posts\/133485\/revisions"}],"wp:featuredmedia":[{"embeddable":true,"href":"https:\/\/www.diarioimagen.net\/index.php?rest_route=\/wp\/v2\/media\/133495"}],"wp:attachment":[{"href":"https:\/\/www.diarioimagen.net\/index.php?rest_route=%2Fwp%2Fv2%2Fmedia&parent=133485"}],"wp:term":[{"taxonomy":"category","embeddable":true,"href":"https:\/\/www.diarioimagen.net\/index.php?rest_route=%2Fwp%2Fv2%2Fcategories&post=133485"},{"taxonomy":"post_tag","embeddable":true,"href":"https:\/\/www.diarioimagen.net\/index.php?rest_route=%2Fwp%2Fv2%2Ftags&post=133485"}],"curies":[{"name":"wp","href":"https:\/\/api.w.org\/{rel}","templated":true}]}}