{"id":133505,"date":"2013-05-28T00:07:49","date_gmt":"2013-05-28T05:07:49","guid":{"rendered":"http:\/\/www.diarioimagen.net\/?p=133505"},"modified":"2013-05-28T03:45:56","modified_gmt":"2013-05-28T08:45:56","slug":"instalan-mesa-para-la-reforma-politica","status":"publish","type":"post","link":"https:\/\/www.diarioimagen.net\/?p=133505","title":{"rendered":"Instalan mesa para la reforma pol\u00edtica"},"content":{"rendered":"<ul>\n<li><em><strong>Las discusiones en esta materia estar\u00e1n divididas en tres ejes: electoral, partidos y r\u00e9gimen pol\u00edtico<\/strong><\/em><\/li>\n<\/ul>\n<div id=\"attachment_133507\" style=\"width: 250px\" class=\"wp-caption alignleft\"><a href=\"http:\/\/www.diarioimagen.net\/wp-content\/uploads\/2013\/05\/Pacto-2107.jpg\"><img loading=\"lazy\" decoding=\"async\" aria-describedby=\"caption-attachment-133507\" class=\"size-medium wp-image-133507\" alt=\"Los miembros del Consejo Rector del Pacto por M\u00e9xico instalaron ayer la mesa para la reforma pol\u00edtico-electoral, que est\u00e1 dividida en tres ejes.\" src=\"http:\/\/www.diarioimagen.net\/wp-content\/uploads\/2013\/05\/Pacto-2107-240x135.jpg\" width=\"240\" height=\"135\" srcset=\"https:\/\/www.diarioimagen.net\/wp-content\/uploads\/2013\/05\/Pacto-2107-240x135.jpg 240w, https:\/\/www.diarioimagen.net\/wp-content\/uploads\/2013\/05\/Pacto-2107-420x236.jpg 420w, https:\/\/www.diarioimagen.net\/wp-content\/uploads\/2013\/05\/Pacto-2107-235x132.jpg 235w, https:\/\/www.diarioimagen.net\/wp-content\/uploads\/2013\/05\/Pacto-2107-202x114.jpg 202w, https:\/\/www.diarioimagen.net\/wp-content\/uploads\/2013\/05\/Pacto-2107-350x196.jpg 350w, https:\/\/www.diarioimagen.net\/wp-content\/uploads\/2013\/05\/Pacto-2107-220x123.jpg 220w, https:\/\/www.diarioimagen.net\/wp-content\/uploads\/2013\/05\/Pacto-2107-237x132.jpg 237w, https:\/\/www.diarioimagen.net\/wp-content\/uploads\/2013\/05\/Pacto-2107.jpg 480w\" sizes=\"auto, (max-width: 240px) 100vw, 240px\" \/><\/a><p id=\"caption-attachment-133507\" class=\"wp-caption-text\">Los miembros del Consejo Rector del Pacto por M\u00e9xico instalaron ayer la mesa para la reforma pol\u00edtico-electoral, que est\u00e1 dividida en tres ejes.<\/p><\/div>\n<p>El Consejo Rector del Pacto por M\u00e9xico instal\u00f3 la mesa para la reforma pol\u00edtico-electoral, la cual est\u00e1 dividida en tres ejes: reforma secundaria en materia electoral, ley de partidos pol\u00edticos y r\u00e9gimen pol\u00edtico.<\/p>\n<p>Durante la instalaci\u00f3n de la mesa, el jefe de la Oficina de la Presidencia de la Rep\u00fablica, Aurelio Nu\u00f1o, defini\u00f3 que el primer eje abordar\u00e1 lo relativo a las candidaturas independientes, las iniciativas ciudadanas y preferentes, as\u00ed como la consulta popular.<\/p>\n<p>El eje Ley de partidos pol\u00edticos revisar\u00e1 lo relativo a la transparencia de los recursos y la reducci\u00f3n de los topes de campa\u00f1a, mientras que la mesa de r\u00e9gimen pol\u00edtico se centrar\u00e1 en los gobiernos de coalici\u00f3n.<\/p>\n<p>Nu\u00f1o Mayer refiri\u00f3 que los dos primeros ejes de trabajo se abordar\u00e1n en una primera etapa y el tercer eje en un segunda periodo.<\/p>\n<p>Record\u00f3 que el objetivo de la mesa para la reforma pol\u00edtico-electoral permitir\u00e1 la discusi\u00f3n y la negociaci\u00f3n de los tres temas centrales, incluido en el compromiso n\u00famero nueve de ad\u00e9ndum del Pacto por M\u00e9xico.<\/p>\n<p>Al acto celebrado en el Palacio de Miner\u00eda asistieron el secretario de Gobernaci\u00f3n, Miguel \u00c1ngel Osorio Chong, as\u00ed como los presidentes de los partidos Acci\u00f3n Nacional (PAN), Gustavo Madero Mu\u00f1oz; de la Revoluci\u00f3n Democr\u00e1tica (PRD), Jes\u00fas Zambrano Grijalva, y Revolucionario Institucional (PRI) C\u00e9sar Camacho Quiroz.<\/p>\n<p>El Pacto por M\u00e9xico defendi\u00f3 sus trabajos frente a las diferencias con algunos senadores del PAN y PRD por la reforma pol\u00edtica. El secretario de Gobernaci\u00f3n, Miguel \u00c1ngel Osorio Chong, dej\u00f3 en claro que quien se excluye, lo hace por decisi\u00f3n propia.<\/p>\n<p>\u201cQue la forma de hacer pol\u00edtica en el Pacto por M\u00e9xico, sea la forma de hacer pol\u00edtica en M\u00e9xico\u201d.<\/p>\n<p>La instalaci\u00f3n de la mesa pol\u00edtico-electoral fue tambi\u00e9n el escenario para que Gustavo Madero y C\u00e9sar Camacho Quiroz intercambiaran se\u00f1alamientos por el proceso electoral en curso.<\/p>\n","protected":false},"excerpt":{"rendered":"<p>El Consejo Rector del Pacto por M\u00e9xico instal\u00f3 la mesa para la reforma pol\u00edtico-electoral, la cual est\u00e1 dividida en tres ejes: reforma secundaria en materia electoral, ley de partidos pol\u00edticos y r\u00e9gimen pol\u00edtico.<\/p>\n","protected":false},"author":1,"featured_media":133507,"comment_status":"open","ping_status":"open","sticky":false,"template":"","format":"standard","meta":{"_monsterinsights_skip_tracking":false,"_monsterinsights_sitenote_active":false,"_monsterinsights_sitenote_note":"","_monsterinsights_sitenote_category":0,"footnotes":""},"categories":[3],"tags":[43673,91,211,362,1392],"class_list":["post-133505","post","type-post","status-publish","format-standard","has-post-thumbnail","hentry","category-nacional","tag-nacional","tag-pan","tag-prd","tag-pri","tag-reforma-politica"],"_links":{"self":[{"href":"https:\/\/www.diarioimagen.net\/index.php?rest_route=\/wp\/v2\/posts\/133505","targetHints":{"allow":["GET"]}}],"collection":[{"href":"https:\/\/www.diarioimagen.net\/index.php?rest_route=\/wp\/v2\/posts"}],"about":[{"href":"https:\/\/www.diarioimagen.net\/index.php?rest_route=\/wp\/v2\/types\/post"}],"author":[{"embeddable":true,"href":"https:\/\/www.diarioimagen.net\/index.php?rest_route=\/wp\/v2\/users\/1"}],"replies":[{"embeddable":true,"href":"https:\/\/www.diarioimagen.net\/index.php?rest_route=%2Fwp%2Fv2%2Fcomments&post=133505"}],"version-history":[{"count":0,"href":"https:\/\/www.diarioimagen.net\/index.php?rest_route=\/wp\/v2\/posts\/133505\/revisions"}],"wp:featuredmedia":[{"embeddable":true,"href":"https:\/\/www.diarioimagen.net\/index.php?rest_route=\/wp\/v2\/media\/133507"}],"wp:attachment":[{"href":"https:\/\/www.diarioimagen.net\/index.php?rest_route=%2Fwp%2Fv2%2Fmedia&parent=133505"}],"wp:term":[{"taxonomy":"category","embeddable":true,"href":"https:\/\/www.diarioimagen.net\/index.php?rest_route=%2Fwp%2Fv2%2Fcategories&post=133505"},{"taxonomy":"post_tag","embeddable":true,"href":"https:\/\/www.diarioimagen.net\/index.php?rest_route=%2Fwp%2Fv2%2Ftags&post=133505"}],"curies":[{"name":"wp","href":"https:\/\/api.w.org\/{rel}","templated":true}]}}