{"id":133510,"date":"2013-05-28T00:06:57","date_gmt":"2013-05-28T05:06:57","guid":{"rendered":"http:\/\/www.diarioimagen.net\/?p=133510"},"modified":"2013-05-28T03:49:59","modified_gmt":"2013-05-28T08:49:59","slug":"ya-es-tiempo-de-salir-del-marasmo-narro-robles","status":"publish","type":"post","link":"https:\/\/www.diarioimagen.net\/?p=133510","title":{"rendered":"Ya es tiempo de salir del marasmo: Jos\u00e9 Narro Robles"},"content":{"rendered":"<ul>\n<li><em><strong>El rector de la UNAM afirma que se debe dar m\u00e1s atenci\u00f3n a la educaci\u00f3n y concretar pol\u00edticas sociales, industriales y distributivas<\/strong><\/em><\/li>\n<\/ul>\n<p>&nbsp;<\/p>\n<div id=\"attachment_133512\" style=\"width: 250px\" class=\"wp-caption alignleft\"><a href=\"http:\/\/www.diarioimagen.net\/wp-content\/uploads\/2013\/05\/Narro-2107.jpg\"><img loading=\"lazy\" decoding=\"async\" aria-describedby=\"caption-attachment-133512\" class=\"size-medium wp-image-133512\" alt=\"Jos\u00e9 Narro Robles, rector de la UNAM, habl\u00f3 sobre el momento que vive M\u00e9xico para aprovechar oportunidades.\" src=\"http:\/\/www.diarioimagen.net\/wp-content\/uploads\/2013\/05\/Narro-2107-240x135.jpg\" width=\"240\" height=\"135\" srcset=\"https:\/\/www.diarioimagen.net\/wp-content\/uploads\/2013\/05\/Narro-2107-240x135.jpg 240w, https:\/\/www.diarioimagen.net\/wp-content\/uploads\/2013\/05\/Narro-2107-420x236.jpg 420w, https:\/\/www.diarioimagen.net\/wp-content\/uploads\/2013\/05\/Narro-2107-235x132.jpg 235w, https:\/\/www.diarioimagen.net\/wp-content\/uploads\/2013\/05\/Narro-2107-202x114.jpg 202w, https:\/\/www.diarioimagen.net\/wp-content\/uploads\/2013\/05\/Narro-2107-350x196.jpg 350w, https:\/\/www.diarioimagen.net\/wp-content\/uploads\/2013\/05\/Narro-2107-220x123.jpg 220w, https:\/\/www.diarioimagen.net\/wp-content\/uploads\/2013\/05\/Narro-2107-237x132.jpg 237w, https:\/\/www.diarioimagen.net\/wp-content\/uploads\/2013\/05\/Narro-2107.jpg 480w\" sizes=\"auto, (max-width: 240px) 100vw, 240px\" \/><\/a><p id=\"caption-attachment-133512\" class=\"wp-caption-text\">Jos\u00e9 Narro Robles, rector de la UNAM, habl\u00f3 sobre el momento que vive M\u00e9xico para aprovechar oportunidades.<\/p><\/div>\n<p>Tras saludar la instalaci\u00f3n del Comit\u00e9 Nacional de Productividad, el rector de la UNAM, Jos\u00e9 Narro Robles, advirti\u00f3 que hay mucho que cambiar para lograr ese objetivo, y que \u201cya es tiempo de salir del marasmo, de renunciar al pesimismo e iniciar un trabajo conjunto por el progreso del pa\u00eds y el apoyo a la educaci\u00f3n\u201d.<\/p>\n<p>Al participar en dicha instalaci\u00f3n, encabezada por el presidente Enrique Pe\u00f1a Nieto, en el sal\u00f3n Adolfo L\u00f3pez Mateos, de la residencia oficial de Los Pinos, resalt\u00f3 la necesidad de dar m\u00e1s atenci\u00f3n a la educaci\u00f3n.<\/p>\n<p>Se\u00f1al\u00f3 que se requiere de bases productivas s\u00f3lidas que vayan de la mano visible del Estado, as\u00ed como de la concreci\u00f3n de pol\u00edticas sociales, industriales y redistributivas.<\/p>\n<p>\u201cLos mercados por s\u00ed solos no tienen esas capacidades, la coordinaci\u00f3n entre gobierno, trabajadores, empresarios e instituciones de educaci\u00f3n superior puede mucho m\u00e1s\u201d, subray\u00f3 el rector de la Universidad Nacional Aut\u00f3noma de M\u00e9xico.<\/p>\n<p>Agreg\u00f3 que si M\u00e9xico ocupa un lugar mediano entre las naciones en materia de competitividad se debe, sobre todo, a que no se le ha dado la adecuada atenci\u00f3n a la educaci\u00f3n.<\/p>\n<p>Sin ciencia y tecnolog\u00eda propias, sin educaci\u00f3n superior de calidad para la mayor\u00eda de los j\u00f3venes, y sin esfuerzos exitosos para impulsar la inventiva y la creatividad, M\u00e9xico no tendr\u00e1 una econom\u00eda realmente competitiva, advirti\u00f3.<\/p>\n<p>Insisti\u00f3 en que \u201ccomo pa\u00eds no hemos puesto suficiente atenci\u00f3n a la educaci\u00f3n de la poblaci\u00f3n, no hemos ampliado con suficiencia las capacidades cient\u00edficas y tecnol\u00f3gicas, y hemos visto que la innovaci\u00f3n no ha ocupado, hasta ahora, un papel destacado en las pol\u00edticas p\u00fablicas\u201d.<\/p>\n<p>Pregunt\u00f3 \u201c\u00bfc\u00f3mo tener mejores capacidades productivas y competitivas cuando en materia educativa estamos lejos de vencer atrasos seculares, como los m\u00e1s de 30 millones de afectados por esta condici\u00f3n? entre ellos cinco y medio millones de analfabetos y casi ocho millones de j\u00f3venes que no estudian ni trabajan\u201d.<\/p>\n<p>Ante ese panorama, Narro Robles celebr\u00f3 la invitaci\u00f3n a la UNAM para participar en el comit\u00e9 de la productividad, que \u201cespero tenga el prop\u00f3sito de revertir la situaci\u00f3n que nos ha rezagado respecto de pa\u00edses que hace apenas unos lustros ten\u00edan indicadores inferiores a los nuestros y que ahora son l\u00edderes, debido a sus pol\u00edticas en favor de la educaci\u00f3n, la ciencia y la innovaci\u00f3n\u201d.<\/p>\n<p>Agreg\u00f3 que sobre todo, me parece muy bien que los trabajos de este comit\u00e9 inicien con el reconocimiento establecido en el Plan Nacional de Desarrollo, de que la b\u00fasqueda del crecimiento econ\u00f3mico y de la productividad son el medio para alcanzar mejores niveles de vida, superar la desigualdad y disminuir los alarmantes niveles de pobreza que nos afectan a todos.<\/p>\n","protected":false},"excerpt":{"rendered":"<p>Tras saludar la instalaci\u00f3n del Comit\u00e9 Nacional de Productividad, el rector de la UNAM, Jos\u00e9 Narro Robles, advirti\u00f3 que hay mucho que cambiar para lograr ese objetivo, y que \u201cya es tiempo de salir del marasmo, de renunciar al pesimismo e iniciar un trabajo conjunto por el progreso del pa\u00eds y el apoyo a la educaci\u00f3n\u201d.<\/p>\n","protected":false},"author":1,"featured_media":133512,"comment_status":"open","ping_status":"open","sticky":false,"template":"","format":"standard","meta":{"_monsterinsights_skip_tracking":false,"_monsterinsights_sitenote_active":false,"_monsterinsights_sitenote_note":"","_monsterinsights_sitenote_category":0,"footnotes":""},"categories":[3],"tags":[571,43673,570],"class_list":["post-133510","post","type-post","status-publish","format-standard","has-post-thumbnail","hentry","category-nacional","tag-jose-narro-robles","tag-nacional","tag-unam"],"_links":{"self":[{"href":"https:\/\/www.diarioimagen.net\/index.php?rest_route=\/wp\/v2\/posts\/133510","targetHints":{"allow":["GET"]}}],"collection":[{"href":"https:\/\/www.diarioimagen.net\/index.php?rest_route=\/wp\/v2\/posts"}],"about":[{"href":"https:\/\/www.diarioimagen.net\/index.php?rest_route=\/wp\/v2\/types\/post"}],"author":[{"embeddable":true,"href":"https:\/\/www.diarioimagen.net\/index.php?rest_route=\/wp\/v2\/users\/1"}],"replies":[{"embeddable":true,"href":"https:\/\/www.diarioimagen.net\/index.php?rest_route=%2Fwp%2Fv2%2Fcomments&post=133510"}],"version-history":[{"count":0,"href":"https:\/\/www.diarioimagen.net\/index.php?rest_route=\/wp\/v2\/posts\/133510\/revisions"}],"wp:featuredmedia":[{"embeddable":true,"href":"https:\/\/www.diarioimagen.net\/index.php?rest_route=\/wp\/v2\/media\/133512"}],"wp:attachment":[{"href":"https:\/\/www.diarioimagen.net\/index.php?rest_route=%2Fwp%2Fv2%2Fmedia&parent=133510"}],"wp:term":[{"taxonomy":"category","embeddable":true,"href":"https:\/\/www.diarioimagen.net\/index.php?rest_route=%2Fwp%2Fv2%2Fcategories&post=133510"},{"taxonomy":"post_tag","embeddable":true,"href":"https:\/\/www.diarioimagen.net\/index.php?rest_route=%2Fwp%2Fv2%2Ftags&post=133510"}],"curies":[{"name":"wp","href":"https:\/\/api.w.org\/{rel}","templated":true}]}}