{"id":133529,"date":"2013-05-28T00:03:50","date_gmt":"2013-05-28T05:03:50","guid":{"rendered":"http:\/\/www.diarioimagen.net\/?p=133529"},"modified":"2013-05-29T03:26:34","modified_gmt":"2013-05-29T08:26:34","slug":"la-mediacion-ya-no-es-un-modelo-alterno-elias-azar","status":"publish","type":"post","link":"https:\/\/www.diarioimagen.net\/?p=133529","title":{"rendered":"La mediaci\u00f3n ya no es un modelo alterno: El\u00edas Azar"},"content":{"rendered":"<ul>\n<li><em><strong>En los \u00faltimos cinco a\u00f1os se han atendido 44 mil 881 conflictos y se han solucionado 17 mil 953<\/strong><\/em><\/li>\n<\/ul>\n<p>&nbsp;<\/p>\n<div id=\"attachment_133530\" style=\"width: 250px\" class=\"wp-caption alignleft\"><a href=\"http:\/\/www.diarioimagen.net\/wp-content\/uploads\/2013\/05\/tsjdf-2107.jpg\"><img loading=\"lazy\" decoding=\"async\" aria-describedby=\"caption-attachment-133530\" class=\"size-medium wp-image-133530\" alt=\"El presidente del Tribunal Superior de Justicia del DF, Edgar El\u00edas Azar, entreg\u00f3 t\u00edtulos del M\u00e1ster en Gesti\u00f3n y Resoluci\u00f3n de Conflictos.\" src=\"http:\/\/www.diarioimagen.net\/wp-content\/uploads\/2013\/05\/tsjdf-2107-240x135.jpg\" width=\"240\" height=\"135\" srcset=\"https:\/\/www.diarioimagen.net\/wp-content\/uploads\/2013\/05\/tsjdf-2107-240x135.jpg 240w, https:\/\/www.diarioimagen.net\/wp-content\/uploads\/2013\/05\/tsjdf-2107-420x236.jpg 420w, https:\/\/www.diarioimagen.net\/wp-content\/uploads\/2013\/05\/tsjdf-2107-235x132.jpg 235w, https:\/\/www.diarioimagen.net\/wp-content\/uploads\/2013\/05\/tsjdf-2107-202x114.jpg 202w, https:\/\/www.diarioimagen.net\/wp-content\/uploads\/2013\/05\/tsjdf-2107-350x196.jpg 350w, https:\/\/www.diarioimagen.net\/wp-content\/uploads\/2013\/05\/tsjdf-2107-220x123.jpg 220w, https:\/\/www.diarioimagen.net\/wp-content\/uploads\/2013\/05\/tsjdf-2107-237x132.jpg 237w, https:\/\/www.diarioimagen.net\/wp-content\/uploads\/2013\/05\/tsjdf-2107.jpg 480w\" sizes=\"auto, (max-width: 240px) 100vw, 240px\" \/><\/a><p id=\"caption-attachment-133530\" class=\"wp-caption-text\">El presidente del Tribunal Superior de Justicia del DF, Edgar El\u00edas Azar, entreg\u00f3 t\u00edtulos del M\u00e1ster en Gesti\u00f3n y Resoluci\u00f3n de Conflictos.<\/p><\/div>\n<p>La mediaci\u00f3n impulsada por el Tribunal Superior de Justicia del Distrito Federal (TSJDF) ya no es un modelo alterno y complementario a la jurisdicci\u00f3n, ya que ahora es requisito procedimental, en el que el juez puede hacer una remisi\u00f3n obligatoria para que los justiciables conozcan e intenten solucionar sus conflictos por esta v\u00eda, destac\u00f3 el presidente del \u00f3rgano jurisdiccional, magistrado Edgar El\u00edas Azar.<\/p>\n<p>En la ceremonia en la que se entregaron t\u00edtulos del M\u00e1ster en Gesti\u00f3n y Resoluci\u00f3n de Conflictos impartido en el Instituto de Estudios Judiciales (IEJ), El\u00edas Azar subray\u00f3 que el TSJDF mantendr\u00e1 el impulso a las sinergias que propicien que m\u00e1s ciudadanos e instituciones aprovechen la mediaci\u00f3n para la soluci\u00f3n de conflictos legales, y que con esto se contribuya a la despresurizaci\u00f3n de los tribunales.<\/p>\n<p>Durante los \u00faltimos cinco a\u00f1os, record\u00f3, se han atendido en el Centro de Justicia Alternativa (CJA) del TSJDF 44 mil 881 asuntos, y solucionado 17 mil 953 conflictos, expedientes que ya no engrosaron el trabajo en los juzgados.<\/p>\n<p>El magistrado, quien tambi\u00e9n inaugur\u00f3 el Cuarto Diplomado en Mediaci\u00f3n Privada, precis\u00f3 que el nuevo modelo de justicia alternativa se hizo posible gracias a reformas aprobadas en la Asamblea Legislativa del Distrito Federal el pasado 29 de abril, a partir de un proyecto de reformas y adiciones a diversas legislaciones que se formularon en el TSJDF, enriquecido en el Poder Legislativo de la capital.<\/p>\n<p>En el Auditorio Benito Ju\u00e1rez, mencion\u00f3 que con las citadas reformas se moderniza la legislaci\u00f3n aplicable en materia de mediaci\u00f3n, se avanza en su regulaci\u00f3n, y se propiciar\u00e1 un mejor aprovechamiento del trabajo que desempe\u00f1a el CJA.<\/p>\n<p>Se refiri\u00f3 a algunos de los cambios introducidos en la legislaci\u00f3n, entre \u00e9stos, la ampliaci\u00f3n de las facultades de los secretarios actuarios de juzgados para que puedan fungir como mediadores, y busquen la soluci\u00f3n de conflictos respecto de los asuntos que conocen; la fe p\u00fablica con la que se dota a los mediadores privados certificados por el TSJDF para la celebraci\u00f3n de convenios de mediaci\u00f3n, y la posibilidad de registrar ante el Registro P\u00fablico de la Propiedad los convenios de mediaci\u00f3n relacionados con garant\u00edas inmobiliarias.<\/p>\n<p>Tambi\u00e9n aludi\u00f3 a una reforma al art\u00edculo 246 del C\u00f3digo Penal para el Distrito Federal, mediante la que se ampli\u00f3 el cat\u00e1logo de delitos perseguibles por querella, mismos que tambi\u00e9n ensanchan la posibilidad de que sean solucionados a trav\u00e9s de la mediaci\u00f3n.<\/p>\n<p>En el acto, Jos\u00e9 Ram\u00f3n Amieva G\u00e1lvez, consejero Jur\u00eddico y de Servicios Legales del Gobierno del Distrito Federal, subray\u00f3 la importancia de la participaci\u00f3n de la sociedad misma en la soluci\u00f3n de sus propias controversias, y recalc\u00f3 la coordinaci\u00f3n eficiente entre las instancias de gobierno para formular mejores leyes.<\/p>\n<p>Tambi\u00e9n asistieron Salvador Puentes Guerrero, director del M\u00e1ster de Gesti\u00f3n y Resoluci\u00f3n de Conflictos de la Universidad de Barcelona IL3; Pascual Hern\u00e1ndez Mergoldd, director general de CJA, y \u00c1ngela Quiroga Quiroga, directora general del IEJ, entre otros.<\/p>\n","protected":false},"excerpt":{"rendered":"<p>La mediaci\u00f3n impulsada por el Tribunal Superior de Justicia del Distrito Federal (TSJDF) ya no es un modelo alterno y complementario a la jurisdicci\u00f3n, ya que ahora es requisito procedimental, en el que el juez puede hacer una remisi\u00f3n obligatoria para que los justiciables conozcan e intenten solucionar sus conflictos por esta v\u00eda, destac\u00f3 el presidente del \u00f3rgano jurisdiccional, magistrado Edgar El\u00edas Azar.<\/p>\n","protected":false},"author":1,"featured_media":133530,"comment_status":"open","ping_status":"open","sticky":false,"template":"","format":"standard","meta":{"_monsterinsights_skip_tracking":false,"_monsterinsights_sitenote_active":false,"_monsterinsights_sitenote_note":"","_monsterinsights_sitenote_category":0,"footnotes":""},"categories":[17,3],"tags":[1925,43673,862],"class_list":["post-133529","post","type-post","status-publish","format-standard","has-post-thumbnail","hentry","category-especiales","category-nacional","tag-edgar-elias-azar","tag-nacional","tag-tsjdf"],"_links":{"self":[{"href":"https:\/\/www.diarioimagen.net\/index.php?rest_route=\/wp\/v2\/posts\/133529","targetHints":{"allow":["GET"]}}],"collection":[{"href":"https:\/\/www.diarioimagen.net\/index.php?rest_route=\/wp\/v2\/posts"}],"about":[{"href":"https:\/\/www.diarioimagen.net\/index.php?rest_route=\/wp\/v2\/types\/post"}],"author":[{"embeddable":true,"href":"https:\/\/www.diarioimagen.net\/index.php?rest_route=\/wp\/v2\/users\/1"}],"replies":[{"embeddable":true,"href":"https:\/\/www.diarioimagen.net\/index.php?rest_route=%2Fwp%2Fv2%2Fcomments&post=133529"}],"version-history":[{"count":0,"href":"https:\/\/www.diarioimagen.net\/index.php?rest_route=\/wp\/v2\/posts\/133529\/revisions"}],"wp:featuredmedia":[{"embeddable":true,"href":"https:\/\/www.diarioimagen.net\/index.php?rest_route=\/wp\/v2\/media\/133530"}],"wp:attachment":[{"href":"https:\/\/www.diarioimagen.net\/index.php?rest_route=%2Fwp%2Fv2%2Fmedia&parent=133529"}],"wp:term":[{"taxonomy":"category","embeddable":true,"href":"https:\/\/www.diarioimagen.net\/index.php?rest_route=%2Fwp%2Fv2%2Fcategories&post=133529"},{"taxonomy":"post_tag","embeddable":true,"href":"https:\/\/www.diarioimagen.net\/index.php?rest_route=%2Fwp%2Fv2%2Ftags&post=133529"}],"curies":[{"name":"wp","href":"https:\/\/api.w.org\/{rel}","templated":true}]}}