{"id":133540,"date":"2013-05-28T00:09:25","date_gmt":"2013-05-28T05:09:25","guid":{"rendered":"http:\/\/www.diarioimagen.net\/?p=133540"},"modified":"2013-05-28T04:50:36","modified_gmt":"2013-05-28T09:50:36","slug":"mancera-detalla-linea-hacia-reforma-politica-del-distrito-federal","status":"publish","type":"post","link":"https:\/\/www.diarioimagen.net\/?p=133540","title":{"rendered":"Mancera detalla l\u00ednea hacia reforma pol\u00edtica del Distrito Federal"},"content":{"rendered":"<ul>\n<li><em><strong>En los trabajos tambi\u00e9n se tratar\u00e1 la relaci\u00f3n de la ciudad de M\u00e9xico con la federaci\u00f3n y el reconocimiento de su estructura<\/strong><\/em><\/li>\n<\/ul>\n<p>&nbsp;<\/p>\n<div id=\"attachment_133542\" style=\"width: 250px\" class=\"wp-caption alignleft\"><a href=\"http:\/\/www.diarioimagen.net\/wp-content\/uploads\/2013\/05\/Mancera-2107.jpg\"><img loading=\"lazy\" decoding=\"async\" aria-describedby=\"caption-attachment-133542\" class=\"size-medium wp-image-133542\" alt=\"Miguel \u00c1ngel Mancera, jefe de gobierno del Distrito Federal, inaugur\u00f3 el Noveno Congreso Nacional de la Central Campesina Cardenista.\" src=\"http:\/\/www.diarioimagen.net\/wp-content\/uploads\/2013\/05\/Mancera-2107-240x135.jpg\" width=\"240\" height=\"135\" srcset=\"https:\/\/www.diarioimagen.net\/wp-content\/uploads\/2013\/05\/Mancera-2107-240x135.jpg 240w, https:\/\/www.diarioimagen.net\/wp-content\/uploads\/2013\/05\/Mancera-2107-420x236.jpg 420w, https:\/\/www.diarioimagen.net\/wp-content\/uploads\/2013\/05\/Mancera-2107-235x132.jpg 235w, https:\/\/www.diarioimagen.net\/wp-content\/uploads\/2013\/05\/Mancera-2107-202x114.jpg 202w, https:\/\/www.diarioimagen.net\/wp-content\/uploads\/2013\/05\/Mancera-2107-350x196.jpg 350w, https:\/\/www.diarioimagen.net\/wp-content\/uploads\/2013\/05\/Mancera-2107-220x123.jpg 220w, https:\/\/www.diarioimagen.net\/wp-content\/uploads\/2013\/05\/Mancera-2107-237x132.jpg 237w, https:\/\/www.diarioimagen.net\/wp-content\/uploads\/2013\/05\/Mancera-2107.jpg 480w\" sizes=\"auto, (max-width: 240px) 100vw, 240px\" \/><\/a><p id=\"caption-attachment-133542\" class=\"wp-caption-text\">Miguel \u00c1ngel Mancera, jefe de gobierno del Distrito Federal, inaugur\u00f3 el Noveno Congreso Nacional de la Central Campesina Cardenista.<\/p><\/div>\n<p>El jefe de gobierno del Distrito Federal, Miguel \u00c1ngel Mancera Espinosa, afirm\u00f3 que ya se tiene una l\u00ednea trazada hacia la reforma pol\u00edtica de la capital del pa\u00eds que partir\u00e1 de la definici\u00f3n jur\u00eddica de la ciudad de M\u00e9xico.<\/p>\n<p>Entrevistado luego de asistir a la mesa para la Reforma Pol\u00edtico-Electoral del Pacto por M\u00e9xico, agreg\u00f3 que otro punto que se tratar\u00e1 es la relaci\u00f3n de la ciudad de M\u00e9xico con la federaci\u00f3n, el reconocimiento de la estructura de ciudad capital.<\/p>\n<p>El mandatario capitalino asegur\u00f3 que de ese punto continuar\u00eda una convocatoria incluyente en la que participen instancias locales, federales y la sociedad civil.<\/p>\n<p>Mancera Espinosa asegur\u00f3 que con la reforma pol\u00edtica la ciudadan\u00eda \u201cgana absolutamente todo\u201d, respecto a c\u00f3mo ser\u00e1 su forma de interactuar, su representatividad y su participaci\u00f3n en cada uno de los temas nacionales.<\/p>\n<p style=\"text-align: center;\"><b>Beneficios para<\/b><b>\u00a0campesinos del DF<\/b><\/p>\n<p>Por otra parte, al inaugurar el Noveno Congreso Nacional de la Centra Campesina Cardenista, el jefe del GDF anunci\u00f3 que los campesinos de la capital del pa\u00eds ser\u00e1n beneficiados con programas sociales. Inform\u00f3 que se pondr\u00e1n en marcha pol\u00edticas para incluir a los cerca de 35 mil personas que viven de la producci\u00f3n agr\u00edcola en la Ciudad.<\/p>\n<p>\u201cA trav\u00e9s Sederec vamos a emitir una credencial que va a permitir identificar a los trabajadores del campo, que participan en toda la cadena productiva rural para que puedan ser beneficiarios de los programas de esta Capital\u201d, adelant\u00f3.\u00a0 Adem\u00e1s, tambi\u00e9n inform\u00f3 de la creaci\u00f3n de \u00f3rganos consultivos y reguladores de las pol\u00edticas p\u00fablicas en materia de desarrollo rural.<\/p>\n<p>\u201cMuy pronto instalaremos el Gabinete de Desarrollo Rural en el DF, integrado por diversas dependencias, \u00e9ste ser\u00e1 un \u00f3rgano consultivo permanente con funciones de asesor\u00eda, evaluaci\u00f3n y seguimiento de la pol\u00edtica p\u00fablica.<\/p>\n<p>\u201cTambi\u00e9n vamos a instalar el Consejo Rural de la Ciudad de M\u00e9xico, como un \u00f3rgano de consulta que permitir\u00e1 definir y trazar claramente las pol\u00edticas p\u00fablicas\u201d.<\/p>\n","protected":false},"excerpt":{"rendered":"<p>El jefe de gobierno del Distrito Federal, Miguel \u00c1ngel Mancera Espinosa, afirm\u00f3 que ya se tiene una l\u00ednea trazada hacia la reforma pol\u00edtica de la capital del pa\u00eds que partir\u00e1 de la definici\u00f3n jur\u00eddica de la ciudad de M\u00e9xico.<\/p>\n","protected":false},"author":1,"featured_media":133542,"comment_status":"open","ping_status":"open","sticky":false,"template":"","format":"standard","meta":{"_monsterinsights_skip_tracking":false,"_monsterinsights_sitenote_active":false,"_monsterinsights_sitenote_note":"","_monsterinsights_sitenote_category":0,"footnotes":""},"categories":[6],"tags":[204,1392],"class_list":["post-133540","post","type-post","status-publish","format-standard","has-post-thumbnail","hentry","category-cd-de-mexico","tag-ciudad-de-mexico","tag-reforma-politica"],"_links":{"self":[{"href":"https:\/\/www.diarioimagen.net\/index.php?rest_route=\/wp\/v2\/posts\/133540","targetHints":{"allow":["GET"]}}],"collection":[{"href":"https:\/\/www.diarioimagen.net\/index.php?rest_route=\/wp\/v2\/posts"}],"about":[{"href":"https:\/\/www.diarioimagen.net\/index.php?rest_route=\/wp\/v2\/types\/post"}],"author":[{"embeddable":true,"href":"https:\/\/www.diarioimagen.net\/index.php?rest_route=\/wp\/v2\/users\/1"}],"replies":[{"embeddable":true,"href":"https:\/\/www.diarioimagen.net\/index.php?rest_route=%2Fwp%2Fv2%2Fcomments&post=133540"}],"version-history":[{"count":0,"href":"https:\/\/www.diarioimagen.net\/index.php?rest_route=\/wp\/v2\/posts\/133540\/revisions"}],"wp:featuredmedia":[{"embeddable":true,"href":"https:\/\/www.diarioimagen.net\/index.php?rest_route=\/wp\/v2\/media\/133542"}],"wp:attachment":[{"href":"https:\/\/www.diarioimagen.net\/index.php?rest_route=%2Fwp%2Fv2%2Fmedia&parent=133540"}],"wp:term":[{"taxonomy":"category","embeddable":true,"href":"https:\/\/www.diarioimagen.net\/index.php?rest_route=%2Fwp%2Fv2%2Fcategories&post=133540"},{"taxonomy":"post_tag","embeddable":true,"href":"https:\/\/www.diarioimagen.net\/index.php?rest_route=%2Fwp%2Fv2%2Ftags&post=133540"}],"curies":[{"name":"wp","href":"https:\/\/api.w.org\/{rel}","templated":true}]}}