{"id":133588,"date":"2013-05-29T00:05:50","date_gmt":"2013-05-29T05:05:50","guid":{"rendered":"http:\/\/www.diarioimagen.net\/?p=133588"},"modified":"2013-05-30T02:43:33","modified_gmt":"2013-05-30T07:43:33","slug":"pena-nieto-dicta-medidas-para-prevenir-desastres-naturales","status":"publish","type":"post","link":"https:\/\/www.diarioimagen.net\/?p=133588","title":{"rendered":"Pe\u00f1a Nieto dicta medidas para prevenir desastres naturales"},"content":{"rendered":"<ul>\n<li><strong><em>El Presidente conf\u00eda en que los trabajos del Consejo Nacional de Protecci\u00f3n Civil rindan frutos a favor de M\u00e9xico y los ciudadanos<\/em><\/strong><\/li>\n<\/ul>\n<h6>Roberto Vizca\u00edno<\/h6>\n<div id=\"attachment_133624\" style=\"width: 250px\" class=\"wp-caption alignleft\"><a href=\"http:\/\/www.diarioimagen.net\/wp-content\/uploads\/2013\/05\/epn-2108.jpg\"><img loading=\"lazy\" decoding=\"async\" aria-describedby=\"caption-attachment-133624\" class=\"size-medium wp-image-133624\" alt=\"El presidente Enrique Pe\u00f1a Nieto encabez\u00f3 la instalaci\u00f3n del Consejo Nacional de Protecci\u00f3n Civil, que se encargar\u00e1 de actualizar Atlas de Riesgos.\" src=\"http:\/\/www.diarioimagen.net\/wp-content\/uploads\/2013\/05\/epn-2108-240x135.jpg\" width=\"240\" height=\"135\" srcset=\"https:\/\/www.diarioimagen.net\/wp-content\/uploads\/2013\/05\/epn-2108-240x135.jpg 240w, https:\/\/www.diarioimagen.net\/wp-content\/uploads\/2013\/05\/epn-2108-420x236.jpg 420w, https:\/\/www.diarioimagen.net\/wp-content\/uploads\/2013\/05\/epn-2108-235x132.jpg 235w, https:\/\/www.diarioimagen.net\/wp-content\/uploads\/2013\/05\/epn-2108-202x114.jpg 202w, https:\/\/www.diarioimagen.net\/wp-content\/uploads\/2013\/05\/epn-2108-350x196.jpg 350w, https:\/\/www.diarioimagen.net\/wp-content\/uploads\/2013\/05\/epn-2108-220x123.jpg 220w, https:\/\/www.diarioimagen.net\/wp-content\/uploads\/2013\/05\/epn-2108-237x132.jpg 237w, https:\/\/www.diarioimagen.net\/wp-content\/uploads\/2013\/05\/epn-2108.jpg 480w\" sizes=\"auto, (max-width: 240px) 100vw, 240px\" \/><\/a><p id=\"caption-attachment-133624\" class=\"wp-caption-text\">El presidente Enrique Pe\u00f1a Nieto encabez\u00f3 la instalaci\u00f3n del Consejo Nacional de Protecci\u00f3n Civil, que se encargar\u00e1 de actualizar Atlas de Riesgos.<\/p><\/div>\n<p>Al instalar ayer el Consejo Nacional de Protecci\u00f3n Civil, el presidente Enrique Pe\u00f1a Nieto indic\u00f3 que estamos a tiempo de construir las bases de un M\u00e9xico menos vulnerable y m\u00e1s seguro en el cual la vida, el patrimonio y la seguridad de los mexicanos est\u00e9n garantizados por el Estado.<\/p>\n<p>\u201cTenemos muy claro que un deber irrenunciable del Estado es crear condiciones de seguridad y protecci\u00f3n para sus habitantes, y en este prop\u00f3sito es indispensable promover la coordinaci\u00f3n y articulaci\u00f3n de los esfuerzos institucionales\u201d.<\/p>\n<p>Para ello es necesario implementar un sistema de Protecci\u00f3n Civil moderno, \u00e1gil y eficiente que cuente con protocolos de actuaci\u00f3n antes, durante y despu\u00e9s de cualquier situaci\u00f3n de emergencia, precis\u00f3.<\/p>\n<p>Y, ante todos los gobernadores y el Jefe de Gobierno del DF; los representantes de la C\u00e1mara de Diputados y el Senado y de la Suprema Corte de Justicia as\u00ed como de organizaciones no gubernamentales, desde el Patio de Honor de Palacio Nacional dio a conocer 6 puntos esenciales para crear, por vez primera en M\u00e9xico, un Sistema Nacional de Prevenci\u00f3n y Protecci\u00f3n Civil.<\/p>\n<p>\u201cEn el marco de la instalaci\u00f3n del Consejo Nacional de Protecci\u00f3n Civil, instruyo a la Secretar\u00eda de Gobernaci\u00f3n a implementar las siguientes medidas de prevenci\u00f3n, como \u00e1rea encargada del Gobierno de la Rep\u00fablica, precisamente de coordinar los esfuerzos para la Protecci\u00f3n Civil:<\/p>\n<p>-Primera: Crear y operar el Sistema Nacional de Alertas, que permita contar con informaci\u00f3n en tiempo real para aumentar la seguridad de los mexicanos en situaciones de inminente peligro.<\/p>\n<p>-Segunda: Iniciar la operaci\u00f3n de la Estrategia M\u00e9xico Seguro Ante Desastres, a fin de contar con infraestructura nacional, y con mayor capacidad de resistencia ante los fen\u00f3menos naturales.<\/p>\n<p>-Tercera: Iniciar una extensa campa\u00f1a de difusi\u00f3n de la cultura de la prevenci\u00f3n y la Protecci\u00f3n Civil, con especial \u00e9nfasis en los habitantes de las zonas m\u00e1s vulnerables.<\/p>\n<p>-Cuarta medida: Actualizar el Atlas Nacional de Riesgos para transformarlo en un instrumento m\u00e1s \u00fatil en la planeaci\u00f3n del desarrollo y, sobre todo, el ordenamiento territorial.<\/p>\n<p>-Quinta: Implementar un Programa Nacional de Respuesta a Siniestros, Emergencias y Desastres que permita la acci\u00f3n oportuna y coordinada de los tres \u00f3rdenes de gobierno. \u201cLa Coordinaci\u00f3n Nacional de Protecci\u00f3n Civil dise\u00f1ar\u00e1 los protocolos de acci\u00f3n para la atenci\u00f3n de desastres, en colaboraci\u00f3n con las distintas unidades gubernamentales\u201d, a\u00f1adi\u00f3.<\/p>\n<p>Agreg\u00f3 que correr\u00e1 a cargo de la Coordinaci\u00f3n de Protecci\u00f3n Civil definir, identificar y demandar o pedir de cada una de las unidades gubernamentales y \u00f3rdenes de gobierno, la debida preparaci\u00f3n para tener la respuesta oportuna y acertada ante la eventualidad de cualquier caso de siniestro que se presente.<\/p>\n<p>-Sexta: La Coordinaci\u00f3n Nacional de Protecci\u00f3n Civil dise\u00f1ar\u00e1 los protocolos de acci\u00f3n para la atenci\u00f3n de desastres, en colaboraci\u00f3n con las distintas unidades gubernamentales.<\/p>\n<p>\u201cEstas seis medidas nos permitir\u00e1n consolidar a la Protecci\u00f3n Civil en M\u00e9xico como una fuerza preventiva y con mayor capacidad de respuesta\u2026 \u00c9ste debe ser el enfoque de los pr\u00f3ximos a\u00f1os para tener medidas de prevenci\u00f3n y capacidad de respuesta inmediata ante cualquier percance\u201d, indic\u00f3.<\/p>\n<p align=\"center\"><b>PR\u00c1CTICA COM\u00daN<\/b><\/p>\n<p>Previo al inicio del acto, Roberto Villalba, Jefe del \u00c1rea de Protecci\u00f3n Civil de la Presidencia de la Rep\u00fablica, le explic\u00f3 a los asistentes qu\u00e9 hacer en caso de un evento imprevisto que requiriera de la evacuaci\u00f3n del lugar.<\/p>\n<p>Por ello, en su oportunidad, el presidente Pe\u00f1a Nieto indic\u00f3 que este tipo de acciones debiera ser una pr\u00e1ctica com\u00fan en cada acto c\u00edvico o encuentro de muchas personas.<\/p>\n<p>\u201cUna pr\u00e1ctica que debiera ser parte de nuestra cultura de la Protecci\u00f3n Civil, parte de nuestro actuar diario, sobre todo en los actos c\u00edvicos, de informar a la sociedad que participa o a quienes concurren a distintos actos, qu\u00e9 hacer en caso de una alerta temprana, una alerta s\u00edsmica o una se\u00f1al de emergencia; qu\u00e9 hacer para que no se genere p\u00e1nico, haya orden y podamos poner a salvo la vida de quienes concurren a distintos actos, ante emergencias y con ello, simplemente con ello quiero ilustrar lo que nos falta hacer\u201d, dijo.<\/p>\n<p>Record\u00f3 que los sismos de septiembre de 1985 crearon una conciencia social que hoy perdura. A partir de entonces se cre\u00f3 el Sistema Nacional de Protecci\u00f3n Civil que se ha convertido en un valioso mecanismo para salvar miles de vidas en emergencias, fen\u00f3menos naturales y situaciones de riesgo en M\u00e9xico.<\/p>\n<p>De ah\u00ed que hoy toda esta experiencia se haya volcado en la instalaci\u00f3n del primer Consejo Nacional de Prevenci\u00f3n Civil con el cual se crear\u00e1n protocolos de acci\u00f3n en situaciones de emergencia y se construir\u00e1 un sistema coordinado para todas las dependencias y \u00f3rdenes de gobierno.<\/p>\n<p>Un solo objetivo es el que persigue este Consejo: coordinar esfuerzos en favor de la Protecci\u00f3n Civil. Porque, insisti\u00f3, es un deber irrenunciable del Estado el crear condiciones de seguridad y protecci\u00f3n para sus habitantes.<\/p>\n<p align=\"center\"><b>M\u00c9XICO, PA\u00cdS EN RIESGO<\/b><\/p>\n<p>Previamente el secretario de Gobernaci\u00f3n, Miguel \u00c1ngel Osorio Chong advirti\u00f3 que la instalaci\u00f3n de este Consejo es una respuesta ante un pa\u00eds expuesto a muchas amenazas provenientes de fen\u00f3menos naturales.<\/p>\n<p>Por su ubicaci\u00f3n geogr\u00e1fica, explic\u00f3, M\u00e9xico ha sido afectado de forma recurrente por la acci\u00f3n de la naturaleza y a ello se suman riesgos, peligros y accidentes causados por el ser humano.<\/p>\n<p>Nos ubicamos en una regi\u00f3n inter tropical que nos coloca en la ruta de los huracanes que se produce desde el Pac\u00edfico &#8211;cuya temporada inici\u00f3 el 15 de mayo&#8211;, y el Atl\u00e1ntico donde los ciclones y huracanes inician el 1 de junio.<\/p>\n<p>Pero adem\u00e1s al territorio nacional lo cruza el llamado Cintur\u00f3n de Fuego del Pac\u00edfico, que genera una alta actividad s\u00edsmica y volc\u00e1nica. Hoy mismo, agreg\u00f3, estamos pendientes de la actividad del volc\u00e1n Popocat\u00e9petl, pero no es el \u00fanico porque existen otros 13 volcanes activos y que son continuamente monitoreados.<\/p>\n<p>El cambio clim\u00e1tico ha trastocado los ciclos naturales de M\u00e9xico y son generadores de eventos at\u00edpicos. En el sureste, principalmente en los estados de Tabasco, Chiapas y Veracruz se enfrentan a\u00f1o con a\u00f1o los estragos de tormentas y lluvias torrenciales.<\/p>\n<p>Al otro extremo, Tamaulipas y Nuevo Le\u00f3n fueron afectados, en el 2010, por el hurac\u00e1n Alex. En el norte y la Zona Centro hay heladas y ondas de calor que provocan la p\u00e9rdida de cultivos y ganado, disminuyendo la disponibilidad de agua, y en su manifestaci\u00f3n m\u00e1s extrema, fr\u00edo y calor provocan muertes entre la poblaci\u00f3n m\u00e1s vulnerable.<\/p>\n<p>Tambi\u00e9n estamos expuestos a fen\u00f3menos causados por el ser humano; los llamados antropog\u00e9nicos como la explosi\u00f3n en la Torre B-2 del corporativo de Pemex; o los deslaves que afectan viviendas y construcciones edificadas sin respetar normas y estudios de suelo. De igual forma somos vulnerables a riesgos de nuestro propio desarrollo por falta de planeaci\u00f3n y de control.<\/p>\n<p>Por todo eso alertas s\u00edsmicas, protocolos de actuaci\u00f3n ante emergencias, nuevas normas de construcci\u00f3n, mecanismos de prevenci\u00f3n y transferencia de riesgos fueron desarrollados para estar mejor preparados.<\/p>\n<p>&nbsp;<\/p>\n","protected":false},"excerpt":{"rendered":"<p><span style=\"color: #005497;\"><strong>Roberto Vizca\u00edno<\/strong><\/span><br \/>\n<br \/>\nAl instalar ayer el Consejo Nacional de Protecci\u00f3n Civil, el presidente Enrique Pe\u00f1a Nieto indic\u00f3 que estamos a tiempo de construir las bases de un M\u00e9xico menos vulnerable y m\u00e1s seguro en el cual la vida, el patrimonio y la seguridad de los mexicanos est\u00e9n garantizados por el Estado.<\/p>\n","protected":false},"author":3,"featured_media":133624,"comment_status":"open","ping_status":"open","sticky":false,"template":"","format":"standard","meta":{"_monsterinsights_skip_tracking":false,"_monsterinsights_sitenote_active":false,"_monsterinsights_sitenote_note":"","_monsterinsights_sitenote_category":0,"footnotes":""},"categories":[17,3],"tags":[18,93],"class_list":["post-133588","post","type-post","status-publish","format-standard","has-post-thumbnail","hentry","category-especiales","category-nacional","tag-enrique-pena-nieto","tag-roberto-vizcaino"],"_links":{"self":[{"href":"https:\/\/www.diarioimagen.net\/index.php?rest_route=\/wp\/v2\/posts\/133588","targetHints":{"allow":["GET"]}}],"collection":[{"href":"https:\/\/www.diarioimagen.net\/index.php?rest_route=\/wp\/v2\/posts"}],"about":[{"href":"https:\/\/www.diarioimagen.net\/index.php?rest_route=\/wp\/v2\/types\/post"}],"author":[{"embeddable":true,"href":"https:\/\/www.diarioimagen.net\/index.php?rest_route=\/wp\/v2\/users\/3"}],"replies":[{"embeddable":true,"href":"https:\/\/www.diarioimagen.net\/index.php?rest_route=%2Fwp%2Fv2%2Fcomments&post=133588"}],"version-history":[{"count":0,"href":"https:\/\/www.diarioimagen.net\/index.php?rest_route=\/wp\/v2\/posts\/133588\/revisions"}],"wp:featuredmedia":[{"embeddable":true,"href":"https:\/\/www.diarioimagen.net\/index.php?rest_route=\/wp\/v2\/media\/133624"}],"wp:attachment":[{"href":"https:\/\/www.diarioimagen.net\/index.php?rest_route=%2Fwp%2Fv2%2Fmedia&parent=133588"}],"wp:term":[{"taxonomy":"category","embeddable":true,"href":"https:\/\/www.diarioimagen.net\/index.php?rest_route=%2Fwp%2Fv2%2Fcategories&post=133588"},{"taxonomy":"post_tag","embeddable":true,"href":"https:\/\/www.diarioimagen.net\/index.php?rest_route=%2Fwp%2Fv2%2Ftags&post=133588"}],"curies":[{"name":"wp","href":"https:\/\/api.w.org\/{rel}","templated":true}]}}