{"id":133595,"date":"2013-05-29T00:07:24","date_gmt":"2013-05-29T05:07:24","guid":{"rendered":"http:\/\/www.diarioimagen.net\/?p=133595"},"modified":"2013-05-30T02:11:31","modified_gmt":"2013-05-30T07:11:31","slug":"no-solo-cordero-para-dirigir-al-pan-tambien-josefina-madero-romero-hicks-larios-y-ruffo","status":"publish","type":"post","link":"https:\/\/www.diarioimagen.net\/?p=133595","title":{"rendered":"No s\u00f3lo Cordero para dirigir al PAN; tambi\u00e9n Josefina, Madero, Romero Hicks, Larios y Ruffo"},"content":{"rendered":"<h2>Tras la puerta del poder<\/h2>\n<h5>Roberto Vizca\u00edno<\/h5>\n<p>&nbsp;<\/p>\n<ul>\n<li><em><strong>Jorge Luis Preciado abri\u00f3 la baraja al incluir a cuatro panistas m\u00e1s en la contienda<\/strong><\/em><\/li>\n<li><em><strong>Osorio Chong record\u00f3 ayer que fue el gobierno federal quien destap\u00f3 las corruptelas de Granier<\/strong><\/em><\/li>\n<li><em><strong>Mancera afirm\u00f3 que los programas de su administraci\u00f3n s\u00ed son efectivos, \u201cno como otros\u2026\u201d<\/strong><\/em><\/li>\n<\/ul>\n<div id=\"attachment_133657\" style=\"width: 250px\" class=\"wp-caption alignleft\"><a href=\"http:\/\/www.diarioimagen.net\/wp-content\/uploads\/2013\/05\/Y-SIGUE-TAN-CAMPANTE-trizas-2108.jpg\"><img loading=\"lazy\" decoding=\"async\" aria-describedby=\"caption-attachment-133657\" class=\"size-medium wp-image-133657\" alt=\"Y sigue tan campante... | Trizas\" src=\"http:\/\/www.diarioimagen.net\/wp-content\/uploads\/2013\/05\/Y-SIGUE-TAN-CAMPANTE-trizas-2108-240x186.jpg\" width=\"240\" height=\"186\" srcset=\"https:\/\/www.diarioimagen.net\/wp-content\/uploads\/2013\/05\/Y-SIGUE-TAN-CAMPANTE-trizas-2108-240x186.jpg 240w, https:\/\/www.diarioimagen.net\/wp-content\/uploads\/2013\/05\/Y-SIGUE-TAN-CAMPANTE-trizas-2108-420x327.jpg 420w, https:\/\/www.diarioimagen.net\/wp-content\/uploads\/2013\/05\/Y-SIGUE-TAN-CAMPANTE-trizas-2108.jpg 700w\" sizes=\"auto, (max-width: 240px) 100vw, 240px\" \/><\/a><p id=\"caption-attachment-133657\" class=\"wp-caption-text\">Y sigue tan campante&#8230; | Trizas<\/p><\/div>\n<p>El nuevo coordinador de los senadores del PAN, Jorge Luis Preciado le respondi\u00f3 ayer a su compa\u00f1ero de bancada Javier Lozano que en la pr\u00f3xima contienda por la dirigencia nacional de su partido, prevista para este fin de a\u00f1o, podr\u00edan participar la ex candidata presidencial Josefina V\u00e1zquez Mota as\u00ed como los senadores Juan Carlos Romero Hicks, H\u00e9ctor Larios y Ernesto Ruffo o Gustavo Madero y no s\u00f3lo Ernesto Cordero.<\/p>\n<p>Todos ellos cuentan con liderazgo lo cual hace que detr\u00e1s de la dirigencia haya aspirantes de sobra con suficiente experiencia para ocuparla.<\/p>\n<p>En todo caso, le dijo a Lozano, hay tiempos para eso y \u201cesa ser\u00e1 una decisi\u00f3n de la militancia\u201d, porque la \u00faltima reforma a los estatutos indica que ahora la\u00a0 dirigencia nacional del PAN debe salir del voto de al menos 400 mil militantes inscritos en el padr\u00f3n de este instituto.<\/p>\n<p>\u201cEntonces, eso creo que hace que el partido pueda ser dirigido por una persona que nos permita recuperar los espacios que hemos venido perdiendo en funci\u00f3n de nuestras propias divisiones internas. Y el hecho de que haya m\u00e1s propuestas le va a dar m\u00e1s opci\u00f3n a los militantes de poder escoger entre todos\u201d, se\u00f1al\u00f3.<\/p>\n<p>Por lo dem\u00e1s dijo que ya habl\u00f3 con todos, incluido Cordero, con quien no hizo compromiso alguno. Y aprovech\u00f3 para recordarles a quienes forman los 24 senadores que apoyan a Cordero, que ahora \u00e9l tiene la facultad de removerlos de las presidencias de las comisiones o de las vicecoordinaciones.<\/p>\n<p>\u201c\u2026por este momento nosotros no vamos a hacer ning\u00fan cambio en comisiones, solamente s\u00ed vamos a tratar de integrar un equipo de trabajo que nos permita transitar en todo este proceso\u201d, dijo para dejar claro que s\u00ed habr\u00e1 cambios despu\u00e9s.<\/p>\n<p>De la presentaci\u00f3n de la iniciativa de reforma pol\u00edtica que adem\u00e1s de los senadores corderistas es apoyada por senadores del PRD, dijo el nuevo coordinador que no tiene por qu\u00e9 provocar conflictos, pues esa propuesta ir\u00e1 a comisiones a fundirse con otras que est\u00e1n presentadas y con las que vendr\u00e1n despu\u00e9s de la mesa del Pacto por M\u00e9xico.<\/p>\n<p>\u201cAl final, las propuestas que van a salir son las que tengan m\u00e1s consenso y eso no nos debe generar ning\u00fan ruido ni ninguna divisi\u00f3n\u2026 Yo voy a respaldar las propuestas que nos hagan una democracia m\u00e1s funcional, m\u00e1s barata y m\u00e1s clara, independientemente de donde surja la iniciativa\u201d.<\/p>\n<p align=\"center\">\u00a0<b>PE\u00d1A VA POR GRANIER<\/b><\/p>\n<p>El secretario de Gobernaci\u00f3n, Miguel \u00c1ngel Osorio Chong, neg\u00f3 haber tenido contacto alguno con el ex gobernador de Tabasco Andr\u00e9s Granier ni haber recibido llamada alguna de \u00e9l.<\/p>\n<p>\u201cNo he tenido ning\u00fan contacto, no me ha buscado\u2026 est\u00e1 en un proceso legal y la Procuradur\u00eda estatal y la PGR tienen la palabra\u201d, subray\u00f3.<\/p>\n<p>Y dej\u00f3 en claro que el gobierno de Enrique Pe\u00f1a Nieto no s\u00f3lo fue el que abri\u00f3 la cloaca en Tabasco, sino que va por la aprehensi\u00f3n y enjuiciamiento del exgobernador pri\u00edsta, sin concesi\u00f3n alguna.<\/p>\n<p>Entrevistado al concluir la instalaci\u00f3n del Consejo Nacional de Prevenci\u00f3n Civil en Palacio Nacional, Osorio Chong fue interrogado sobre qu\u00e9 har\u00eda el gobierno de Pe\u00f1a Nieto en caso de que el gobernador Arturo Nu\u00f1ez pidiera ayuda para detener a su antecesor.<\/p>\n<p>\u201c(Tendr\u00eda) Todo el apoyo, todo el respaldo que quiera el gobernador\u2026 lo sabe, le pueden preguntar\u2026 hemos estado en completa coordinaci\u00f3n.<\/p>\n<p>\u201cPero algo que no se ha destacado es que quien determin\u00f3 primero que hab\u00eda irregularides (en Tabasco) fue el gobierno federal\u2026 antes de que llegara el gobernador N\u00fa\u00f1ez el primero de enero\u2026<\/p>\n<p>\u201cEl 23 de diciembre anterior lleg\u00f3 el gobierno federal a ver el origen del faltante de medicinas, de salarios para los m\u00e9dicos en hospitales y entonces determin\u00f3 que hab\u00eda irregularidades con recursos federales. Todo eso se est\u00e1 investigando.<\/p>\n<p>\u201cEs el gobierno federal el que est\u00e1 al frente y una vez que lleg\u00f3 el gobernador N\u00fa\u00f1ez ya ha hecho tambi\u00e9n sus manifestaciones, estamos coordinados y estamos trabajando conjuntamente para determinar si da o no lugar al proceso legal correspondiente\u201d, precis\u00f3.<\/p>\n<p>En cuanto al dictamen final de la explosi\u00f3n ocurrida a fines de febrero en la Torre 2 del complejo central de Pemex se\u00f1al\u00f3 que todo apunta a que se debe a un error humano.<\/p>\n<p>\u201cEl procurador lo va a dar a conocer, pero la acumulaci\u00f3n de gases fue un asunto humano, m\u00e1s que natural&#8230;\u201d<\/p>\n<p>Luego aclar\u00f3 que eso no significa de ninguna forma dar un \u201cadelanto\u201d ya que corresponde al Procurador Jes\u00fas Murillo Karam dar los detalles en los pr\u00f3ximos d\u00edas.<\/p>\n<p align=\"center\">\u00a0<b>YO SI SOY EFECTIVO<\/b><\/p>\n<p>El que no anduvo por las ramas luego de que los delegados del DF fueron plantados por la secretaria de Desarrollo Social Rosario Robles, fue el Jefe de Gobierno capitalino Miguel \u00c1ngel Mancera.<\/p>\n<p>\u201cLos beneficios que obtienen los adultos mayores de la ciudad de M\u00e9xico, son reales, contantes, efectivos y suficientes para ayudarlos a una mejor calidad de vida, son mucho m\u00e1s amplios de los que viene ofreciendo otra instancia gubernamental y adem\u00e1s son mensuales, no cada 60 d\u00edas\u201d.<\/p>\n<p>El gobernante aprovech\u00f3 la entrega de nuevas tarjetas del Programa \u201cNueva Vida a los 68 a\u00f1os\u201d, para indicar:<\/p>\n<p>\u201cLa tarjeta que hoy reciben, simboliza el trabajo del gobierno de la ciudad que\u00a0 ha venido construyendo a lo largo de los \u00faltimos 15 a\u00f1os, que fue consolid\u00e1ndose\u00a0 hasta llegar a ofrecer, hoy, esta tarjeta que les permite\u00a0 acceder\u00a0 a lo que el GDF est\u00e1 obligado: atenderlos, a reconocer sus derechos, porque est\u00e1 en una ley\u201d.<\/p>\n<p>Explic\u00f3 que este respaldo a los capitalinos de 68 a\u00f1os y m\u00e1s, tiene una enorme diferencia respecto de otros programas: \u201cAqu\u00ed no preguntamos d\u00f3nde vives, cu\u00e1ntos a\u00f1os de residencia tienes, si eres vecino o no, aqu\u00ed s\u00f3lo pedimos cumplir el requisito que marca la Ley, una vez\u00a0 cumplido se entrega la tarjeta para su uso, beneficio y necesidades b\u00e1sicas\u201d.<\/p>\n<p>Ah\u00ed qued\u00f3 el reto.<\/p>\n<p align=\"center\">\u00a0<b>EL CAMPO PRIMERO<\/b><\/p>\n<p>C\u00e9sar Camacho Quir\u00f3z, presidente nacional del PRI, tom\u00f3 ayer la protesta estatutaria a la nueva dirigencia de la Central Campesina Independiente y ah\u00ed dijo que es momento de impulsar la productividad del campo con mayores cr\u00e9ditos a bajos r\u00e9ditos.<\/p>\n<p>Durante el 50 Congreso Agrario Nacional de la CCI -organizaci\u00f3n campesina adherente al tricolor indic\u00f3 que es un aliciente que el presidente Enrique Pe\u00f1a Nieto, haya presentado al Congreso una iniciativa de reforma del sistema financiero para incrementar los apoyos para actividades productivas.<\/p>\n<p>Explic\u00f3 que en el \u00e1mbito rural, esas medidas podr\u00edan facilitar el acceso a nuevos insumos y materias primas, reducir\u00e1n las cargas regulatorias e incrementar\u00e1n la inversi\u00f3n en infraestructura de riego para sembrar y cosechar con mayor facilidad.<\/p>\n<p>En el evento que se realiz\u00f3 en el Auditorio Plutarco El\u00edas Calles de la sede nacional del PRI, y despu\u00e9s de tomar protesta a\u00a0 Francisco Rojas P\u00e9rez y Maricruz Cruz Morales, como nuevos presidente y secretaria general de esta organizaci\u00f3n, Camacho Quir\u00f3z consider\u00f3 que vivir en el campo no debe ser sin\u00f3nimo de atraso, pobreza o carencia de oportunidades.<\/p>\n<p>Indic\u00f3 que M\u00e9xico cuenta con \u201cuna tierra noble y pr\u00f3diga, con los mejores campesinos del mundo\u201d que, enfatiz\u00f3, no necesitan regalos sino apoyo, solidaridad y capital que democratice las oportunidades con el prop\u00f3sito de alcanzar mejores niveles de vida.<\/p>\n<p>En este sentido, pidi\u00f3 a los integrantes de la CCI a trabajar coordinadamente para que el PRI logre el mayor n\u00famero de triunfos en el proceso electoral del pr\u00f3ximo 7 de julio, y convertir el Programa de Acci\u00f3n y sus postulados en pol\u00edticas p\u00fablicas que mejoren al sector campesino.<\/p>\n<p>\u201cEstamos compitiendo en buena lid, nuestros compa\u00f1eros candidatos son hombres y mujeres de trabajo, como todos ustedes, gente que viene de abajo gan\u00e1ndose a pulso las oportunidades\u2026 Los votos no llegan solos, hay que ir por ellos demostrando, con expresiones sencillas, frescas y entendibles por todos, que el nuestro es el mejor programa para los mexicanos.<\/p>\n<p>\u201cLa pol\u00edtica tiene \u00e9xito cuando se fija en las necesidades de las personas, no se trata de que gane la dirigencia o de que los pol\u00edticos venzamos a otro, se trata de que con una elecci\u00f3n quien gane sea la gente\u201d, concluy\u00f3.<\/p>\n<p><em><a href=\"mailto:rvizcaino@gmail.com\" target=\"_blank\">rvizcaino@gmail.com<\/a><\/em><\/p>\n","protected":false},"excerpt":{"rendered":"<p><span style=\"color: #005497;\"><strong>Roberto Vizca\u00edno<\/strong><\/span><\/p>\n","protected":false},"author":3,"featured_media":133657,"comment_status":"open","ping_status":"open","sticky":false,"template":"","format":"standard","meta":{"_monsterinsights_skip_tracking":false,"_monsterinsights_sitenote_active":false,"_monsterinsights_sitenote_note":"","_monsterinsights_sitenote_category":0,"footnotes":""},"categories":[136],"tags":[27128,43674,91,93,94],"class_list":["post-133595","post","type-post","status-publish","format-standard","has-post-thumbnail","hentry","category-roberto-vizcaino-opinion","tag-jorge-luis-preciado","tag-opinion","tag-pan","tag-roberto-vizcaino","tag-tras-la-puerta-del-poder"],"_links":{"self":[{"href":"https:\/\/www.diarioimagen.net\/index.php?rest_route=\/wp\/v2\/posts\/133595","targetHints":{"allow":["GET"]}}],"collection":[{"href":"https:\/\/www.diarioimagen.net\/index.php?rest_route=\/wp\/v2\/posts"}],"about":[{"href":"https:\/\/www.diarioimagen.net\/index.php?rest_route=\/wp\/v2\/types\/post"}],"author":[{"embeddable":true,"href":"https:\/\/www.diarioimagen.net\/index.php?rest_route=\/wp\/v2\/users\/3"}],"replies":[{"embeddable":true,"href":"https:\/\/www.diarioimagen.net\/index.php?rest_route=%2Fwp%2Fv2%2Fcomments&post=133595"}],"version-history":[{"count":0,"href":"https:\/\/www.diarioimagen.net\/index.php?rest_route=\/wp\/v2\/posts\/133595\/revisions"}],"wp:featuredmedia":[{"embeddable":true,"href":"https:\/\/www.diarioimagen.net\/index.php?rest_route=\/wp\/v2\/media\/133657"}],"wp:attachment":[{"href":"https:\/\/www.diarioimagen.net\/index.php?rest_route=%2Fwp%2Fv2%2Fmedia&parent=133595"}],"wp:term":[{"taxonomy":"category","embeddable":true,"href":"https:\/\/www.diarioimagen.net\/index.php?rest_route=%2Fwp%2Fv2%2Fcategories&post=133595"},{"taxonomy":"post_tag","embeddable":true,"href":"https:\/\/www.diarioimagen.net\/index.php?rest_route=%2Fwp%2Fv2%2Ftags&post=133595"}],"curies":[{"name":"wp","href":"https:\/\/api.w.org\/{rel}","templated":true}]}}