{"id":133599,"date":"2013-05-29T00:06:59","date_gmt":"2013-05-29T05:06:59","guid":{"rendered":"http:\/\/www.diarioimagen.net\/?p=133599"},"modified":"2013-05-30T02:13:27","modified_gmt":"2013-05-30T07:13:27","slug":"pobre-gente-de-paris","status":"publish","type":"post","link":"https:\/\/www.diarioimagen.net\/?p=133599","title":{"rendered":"Pobre gente de Par\u00eds"},"content":{"rendered":"<h2>\u00cdndice pol\u00edtico<\/h2>\n<h5>Francisco Rodr\u00edguez<\/h5>\n<p><span><br \/>\nSomos \u00fanicos en el Universo, \u00bfqui\u00e9n lo duda?<\/span><\/p>\n<p>Raza de bronce, la mexicana se cuece aparte de todas las dem\u00e1s.<\/p>\n<p>Y nos lo confirma apenas el llamado Club de (Pa\u00edses) Ricos, como tambi\u00e9n se conoce a la OCDE \u2014jefaturada todav\u00eda por el compatriota Jos\u00e9 \u00c1ngel Gurr\u00eda\u2014 que en uno de esos sus sesudos estudios y profundos an\u00e1lisis concluye que los mexicanos estamos pobres, pero eso s\u00ed, muy contentos.<\/p>\n<p>Ya lo sab\u00edamos. La clase pol\u00edtica lo tiene mejor aprendido que ninguna otra. El poco pan y el mucho circo es la f\u00f3rmula que, d\u00e9cada tras d\u00e9cada, sexenio tras sexenio, les ha funcionado de rechupete.<\/p>\n<p>Raza de bronce, s\u00ed, cuya existencia desmiente a la teor\u00eda econ\u00f3mica convencional. S\u00ed, a esa \u00a0que parte del principio de que las personas racionales intentan mejorar su nivel de vida material maximizando sus recursos o ingresos \u2014que son siempre escasos\u2014, utiliz\u00e1ndolos eficientemente y haciendo elecciones que, de acuerdo con sus preferencias y los costes de oportunidad, maximicen su utilidad, su nivel de bienestar y por tanto su felicidad.<\/p>\n<p>Y, de hecho, existe abundante evidencia emp\u00edrica amplia que ha avalado esta idea. En muchas encuestas y contrastes realizados \u2014en otros pa\u00edses, en M\u00e9xico no\u2014 existe una correlaci\u00f3n clara, aunque no fuerte, entre el nivel de ingresos y el nivel de felicidad.<\/p>\n<p>Estas muestran que, en general, las personas m\u00e1s ricas tienden a ser m\u00e1s felices que las m\u00e1s pobres, que las personas empleadas suelen ser m\u00e1s felices que las que no tienen empleo, y que las personas autoempleadas son m\u00e1s felices que las que trabajan para otros.<\/p>\n<p>Pero tambi\u00e9n las personas jubiladas tienden a ser m\u00e1s felices que las que todav\u00eda trabajan y las que trabajan menos horas m\u00e1s que las que trabajan m\u00e1s horas. Estos mismos resultados extra\u00eddos de las encuestas individuales suelen replicarse en los pa\u00edses.<\/p>\n<p>As\u00ed, aquellos pa\u00edses que crecen r\u00e1pidamente tienden a ser m\u00e1s felices que los que crecen lentamente o no crecen y, en general, los pa\u00edses m\u00e1s ricos tienden a sentirse m\u00e1s felices que los menos ricos.<\/p>\n<p>Sin embargo, existe tambi\u00e9n otra amplia evidencia emp\u00edrica m\u00e1s reciente que matiza estos resultados. La mejora del nivel de ingresos genera mayor felicidad cuando se parte de un nivel muy bajo, pero mucho menor cuando se han alcanzado niveles m\u00e1s elevados. Lo mismo ocurre con los pa\u00edses, en aquellos que son pobres el aumento de su renta les hace ser o sentirse m\u00e1s felices, pero, en los m\u00e1s ricos, s\u00f3lo en una proporci\u00f3n decreciente que puede llegar a cero.<\/p>\n<p align=\"center\"><b>POBRES, PERO CONTENTOS<\/b><\/p>\n<p>\u201cEn general, los mexicanos est\u00e1n m\u00e1s satisfechos con sus vidas que la media de la OCDE, con el 85% de la gente diciendo que tienen m\u00e1s experiencias positivas en un d\u00eda promedio (sentimientos de descanso, el orgullo de sus logros, el disfrute, etc.) que negativas (dolor, la preocupaci\u00f3n, la tristeza, el aburrimiento, etc.). Esta cifra es superior a la media de la OCDE de 80 por ciento\u201d, reza el estudio de marras, tras se\u00f1alar que el ingreso disponible de las familias es de 12 mil 732 d\u00f3lares al a\u00f1o, mientras que el promedio de los dem\u00e1s pa\u00edses que pertenecen a ese organismo es de casi el doble: 23 mil 47 d\u00f3lares.<\/p>\n<p>El doble de ingresos. La mitad de nuestra felicidad.<\/p>\n<p>\u00bfSer\u00e1 entonces que somos inconscientes de nuestra realidad?<\/p>\n<p>\u00bfConformistas con lo que tenemos, aunque sea menos de lo que merecemos?<\/p>\n<p>S\u00ed es as\u00ed, entonces, \u00a1pobre gente de Par\u00eds! donde, precisamente, se ubica la sede de la OCDE. \u00a1Pobre de Gurr\u00eda viviendo en medio de la miseria del arrondissement XVI, el de Passy, precisamente!<\/p>\n<p>Ya lo dec\u00eda Hemingway, justo al final de su libro Par\u00eds era una fiesta:<\/p>\n<p>\u201cLes he hablado del Par\u00eds de los primeros tiempos, cuando \u00e9ramos muy pobres y muy felices\u201d.<\/p>\n<p>\u00bfEs, ahora, M\u00e9xico una fiesta? \u00bfPor eso somos pobres y felices?<\/p>\n<p>Los resultados del campeonato de futbol \u2014circus, circus\u2014 \u00bfson suficientes para hacernos olvidar nuestra mediocridad, nuestras miserias?<\/p>\n<p>Raza de bronce. \u00danica en el Universo. Pobre, pero contenta.<\/p>\n<p><strong><em>\u00cdndice Flam\u00edgero<\/em><\/strong>: \u201cEn un pa\u00eds bien gobernado debe inspirar verg\u00fcenza la pobreza. En un pa\u00eds mal gobernado debe inspirar verg\u00fcenza la riqueza\u201d: Confucio.<\/p>\n<p><em><a href=\"http:\/\/www.indicepolitico.com\/\" target=\"_blank\"><em>www.indicepolitico.com<\/em><\/a><br \/>\n<\/em><em><a href=\"mailto:pacorodriguez@journalist.com\" target=\"_blank\">pacorodriguez@journalist.com<\/a><\/em><\/p>\n","protected":false},"excerpt":{"rendered":"<p><span style=\"color: #005497;\"><strong>Francisco Rodr\u00edguez<\/strong><\/span><\/p>\n","protected":false},"author":3,"featured_media":0,"comment_status":"open","ping_status":"open","sticky":false,"template":"","format":"standard","meta":{"_monsterinsights_skip_tracking":false,"_monsterinsights_sitenote_active":false,"_monsterinsights_sitenote_note":"","_monsterinsights_sitenote_category":0,"footnotes":""},"categories":[549],"tags":[43689,550,21568,43674,1264],"class_list":["post-133599","post","type-post","status-publish","format-standard","hentry","category-francisco-rodriguez","tag-francisco-rodriguez","tag-indice-politico","tag-jose-angel-gurria-trevino","tag-opinion","tag-paris"],"_links":{"self":[{"href":"https:\/\/www.diarioimagen.net\/index.php?rest_route=\/wp\/v2\/posts\/133599","targetHints":{"allow":["GET"]}}],"collection":[{"href":"https:\/\/www.diarioimagen.net\/index.php?rest_route=\/wp\/v2\/posts"}],"about":[{"href":"https:\/\/www.diarioimagen.net\/index.php?rest_route=\/wp\/v2\/types\/post"}],"author":[{"embeddable":true,"href":"https:\/\/www.diarioimagen.net\/index.php?rest_route=\/wp\/v2\/users\/3"}],"replies":[{"embeddable":true,"href":"https:\/\/www.diarioimagen.net\/index.php?rest_route=%2Fwp%2Fv2%2Fcomments&post=133599"}],"version-history":[{"count":0,"href":"https:\/\/www.diarioimagen.net\/index.php?rest_route=\/wp\/v2\/posts\/133599\/revisions"}],"wp:attachment":[{"href":"https:\/\/www.diarioimagen.net\/index.php?rest_route=%2Fwp%2Fv2%2Fmedia&parent=133599"}],"wp:term":[{"taxonomy":"category","embeddable":true,"href":"https:\/\/www.diarioimagen.net\/index.php?rest_route=%2Fwp%2Fv2%2Fcategories&post=133599"},{"taxonomy":"post_tag","embeddable":true,"href":"https:\/\/www.diarioimagen.net\/index.php?rest_route=%2Fwp%2Fv2%2Ftags&post=133599"}],"curies":[{"name":"wp","href":"https:\/\/api.w.org\/{rel}","templated":true}]}}