{"id":133612,"date":"2013-05-29T00:04:35","date_gmt":"2013-05-29T05:04:35","guid":{"rendered":"http:\/\/www.diarioimagen.net\/?p=133612"},"modified":"2013-05-30T02:25:29","modified_gmt":"2013-05-30T07:25:29","slug":"calidad-de-vida","status":"publish","type":"post","link":"https:\/\/www.diarioimagen.net\/?p=133612","title":{"rendered":"Calidad de vida"},"content":{"rendered":"<h2>Punto por punto<\/h2>\n<h5>Augusto Corro<\/h5>\n<p><span><br \/>\nAustralia se coron\u00f3, por tercer a\u00f1o consecutivo, como la naci\u00f3n m\u00e1s feliz.<\/span><\/p>\n<p>El reconocimiento se lo dio la Organizaci\u00f3n para la Cooperaci\u00f3n y el Desarrollo Econ\u00f3mico (OCDE). M\u00e9xico fue colocado en el pen\u00faltimo lugar de una lista de 36 pa\u00edses.<\/p>\n<p>Meterse a investigar qu\u00e9 es la felicidad y qu\u00e9 se necesita para alcanzarla es todo un embrollo.<\/p>\n<p>\u00bfLos australianos son felices porque lograron superar el impacto de la crisis financiera internacional?<\/p>\n<p>Seg\u00fan los datos de la OCDE, la calidad de vida que se disfruta es la que nos da el \u00edndice de bienestar.\u00a0 \u00bfPero es el bienestar f\u00edsico la felicidad?<\/p>\n<p>\u00bfPodr\u00eda representarlo como un camino para lograrla?<\/p>\n<p>Por ejemplo, la OCDE revel\u00f3 que la calidad de vida que se disfruta en Australia es superior a la que se vive en naciones como Suecia, Canad\u00e1, Noruega, Suiza, Estados Unidos, Dinamarca, el Reino Unido o los Pa\u00edses Bajos.<\/p>\n<p>Dicha organizaci\u00f3n valor\u00f3 factores como la renta per c\u00e1pita, el empleo, vivienda, seguridad, educaci\u00f3n, medioambiente, salud, comunidad, equilibrio entre el trabajo y la vida familiar, datos de la participaci\u00f3n c\u00edvica de Naciones Unidas, gobierno y otras instituciones.<\/p>\n<p>Entonces, lo que la OCDE hizo fue investigar sobre los beneficios sociales, econ\u00f3micos, seguridad, etc., que recibe un ciudadano en cualquier pa\u00eds del mundo.<\/p>\n<p>Cabe enmendar el t\u00e9rmino de felicidad porque la subjetividad de la misma solo provoc\u00f3 confusiones.\u00a0 Si nos atenemos a las palabras inglesas \u201cBetter Life\u201d (mejor vida) esto no debe entenderse como felicidad. Se trata de los elementos que ofrecen una mejor calidad de vida y punto.<\/p>\n<p>Y los mexicanos estamos, seg\u00fan el estudio, en el pen\u00faltimo lugar, en calidad de vida, por una sencilla raz\u00f3n: el ingreso per c\u00e1pita es de solo 12, 732 d\u00f3lares anuales, \u201cun poco m\u00e1s de la mitad del promedio de los pa\u00edses de la lista de 23,047 d\u00f3lares\u201d.<\/p>\n<p>En M\u00e9xico, la situaci\u00f3n econ\u00f3mica y de seguridad es dif\u00edcil, pues tenemos millones de desempleados y la seguridad brilla por su ausencia.<\/p>\n<p>Tambi\u00e9n la OCDE se\u00f1al\u00f3 que en el rubro de seguridad, M\u00e9xico obtuvo una calificaci\u00f3n de cero: 13 por ciento de las personas encuestadas dijeron haber sido v\u00edctimas de un crimen en los \u00faltimos doce meses, mientras que la tasa de homicidios se elev\u00f3 a 23.7 por cada 100 mil habitantes.<\/p>\n<p>As\u00ed pues, tendremos que trabajar intensamente para mejorar nuestra condici\u00f3n de vida y aspirar a la felicidad, aunque tendr\u00e1 que medirse de otra manera. No es lo mismo vivir en pa\u00edses del Primer Mundo, que perdidos en la \u201cGeograf\u00eda del Hambre de la Mixteca\u201d.<\/p>\n<p>La felicidad se complementa con subjetividades que la cruda realidad no lo permiten.<\/p>\n<p>En s\u00edntesis: \u00bfEl dinero es la felicidad? No, pero la facilita.<\/p>\n<p align=\"center\"><b>POR ALGO SE EMPIEZA<\/b><\/p>\n<p>Apareci\u00f3 una luz en los casos de miles de desaparecidos.<\/p>\n<p>Representantes del gobierno presentaron antier la denominada Unidad de B\u00fasqueda de Personas Desaparecidas (UBPD) que contar\u00e1 de inicio con 12 agentes del Ministerio P\u00fablico Federal y con un equipo especial de elementos de la Polic\u00eda Federal (PF).<\/p>\n<p>El prop\u00f3sito de la creaci\u00f3n de dicha unidad es para localizar de 24 mil 800 personas de las que nada se sabe.<\/p>\n<p>Como todos sabemos, la guerra fallida de Calder\u00f3n contra la delincuencia organizada provoc\u00f3 una crisis en el tejido social muy dif\u00edcil de recuperarse.<\/p>\n<p>En la fallida guerra contra la delincuencia murieron m\u00e1s de 80 mil personas.\u00a0 El tejido social qued\u00f3 hecho trizas y ahora se busca recomponerlo.<\/p>\n<p>El subprocurador de Derechos Humanos de la PGR, Ricardo Garc\u00eda Cervantes, manifest\u00f3 que los familiares de las v\u00edctimas han realizado mejores investigaciones que las llevadas a cabo por las autoridades.<\/p>\n<p>La tarea de la unidad mencionada se antoja tit\u00e1nica, pero por algo se ten\u00eda que empezar.<\/p>\n<p><em><a href=\"mailto:aco2742@hotmail.com\" target=\"_blank\">aco2742@hotmail.com<\/a><\/em><\/p>\n","protected":false},"excerpt":{"rendered":"<p><span style=\"color: #005497;\"><strong>Augusto Corro<\/strong><\/span><\/p>\n","protected":false},"author":3,"featured_media":0,"comment_status":"open","ping_status":"open","sticky":false,"template":"","format":"standard","meta":{"_monsterinsights_skip_tracking":false,"_monsterinsights_sitenote_active":false,"_monsterinsights_sitenote_note":"","_monsterinsights_sitenote_category":0,"footnotes":""},"categories":[157],"tags":[43686,43674,9195,11515],"class_list":["post-133612","post","type-post","status-publish","format-standard","hentry","category-augusto-corro","tag-augusto-corro","tag-opinion","tag-organizacion-para-la-cooperacion-y-el-desarrollo-economico","tag-punto-por-punto"],"_links":{"self":[{"href":"https:\/\/www.diarioimagen.net\/index.php?rest_route=\/wp\/v2\/posts\/133612","targetHints":{"allow":["GET"]}}],"collection":[{"href":"https:\/\/www.diarioimagen.net\/index.php?rest_route=\/wp\/v2\/posts"}],"about":[{"href":"https:\/\/www.diarioimagen.net\/index.php?rest_route=\/wp\/v2\/types\/post"}],"author":[{"embeddable":true,"href":"https:\/\/www.diarioimagen.net\/index.php?rest_route=\/wp\/v2\/users\/3"}],"replies":[{"embeddable":true,"href":"https:\/\/www.diarioimagen.net\/index.php?rest_route=%2Fwp%2Fv2%2Fcomments&post=133612"}],"version-history":[{"count":0,"href":"https:\/\/www.diarioimagen.net\/index.php?rest_route=\/wp\/v2\/posts\/133612\/revisions"}],"wp:attachment":[{"href":"https:\/\/www.diarioimagen.net\/index.php?rest_route=%2Fwp%2Fv2%2Fmedia&parent=133612"}],"wp:term":[{"taxonomy":"category","embeddable":true,"href":"https:\/\/www.diarioimagen.net\/index.php?rest_route=%2Fwp%2Fv2%2Fcategories&post=133612"},{"taxonomy":"post_tag","embeddable":true,"href":"https:\/\/www.diarioimagen.net\/index.php?rest_route=%2Fwp%2Fv2%2Ftags&post=133612"}],"curies":[{"name":"wp","href":"https:\/\/api.w.org\/{rel}","templated":true}]}}