{"id":133616,"date":"2013-05-29T00:03:37","date_gmt":"2013-05-29T05:03:37","guid":{"rendered":"http:\/\/www.diarioimagen.net\/?p=133616"},"modified":"2013-05-30T02:43:22","modified_gmt":"2013-05-30T07:43:22","slug":"buscar-desaparecidos-compromiso-del-estado","status":"publish","type":"post","link":"https:\/\/www.diarioimagen.net\/?p=133616","title":{"rendered":"Buscar desaparecidos, compromiso del Estado"},"content":{"rendered":"<ul>\n<li><strong><em>El titular de la PGR afirma que el presidente Enrique Pe\u00f1a Nieto dio luz verde para hacer todo lo necesario<\/em><\/strong><\/li>\n<\/ul>\n<div id=\"attachment_133626\" style=\"width: 250px\" class=\"wp-caption alignleft\"><a href=\"http:\/\/www.diarioimagen.net\/wp-content\/uploads\/2013\/05\/MURILLO-2108.jpg\"><img loading=\"lazy\" decoding=\"async\" aria-describedby=\"caption-attachment-133626\" class=\"size-medium wp-image-133626\" alt=\"Jes\u00fas Murillo Karam, procurador general de la Rep\u00fablica, explic\u00f3 la forma c\u00f3mo desplegar\u00e1n investigaciones para buscar personas desaparecidas.\" src=\"http:\/\/www.diarioimagen.net\/wp-content\/uploads\/2013\/05\/MURILLO-2108-240x135.jpg\" width=\"240\" height=\"135\" srcset=\"https:\/\/www.diarioimagen.net\/wp-content\/uploads\/2013\/05\/MURILLO-2108-240x135.jpg 240w, https:\/\/www.diarioimagen.net\/wp-content\/uploads\/2013\/05\/MURILLO-2108-420x236.jpg 420w, https:\/\/www.diarioimagen.net\/wp-content\/uploads\/2013\/05\/MURILLO-2108-235x132.jpg 235w, https:\/\/www.diarioimagen.net\/wp-content\/uploads\/2013\/05\/MURILLO-2108-202x114.jpg 202w, https:\/\/www.diarioimagen.net\/wp-content\/uploads\/2013\/05\/MURILLO-2108-350x196.jpg 350w, https:\/\/www.diarioimagen.net\/wp-content\/uploads\/2013\/05\/MURILLO-2108-220x123.jpg 220w, https:\/\/www.diarioimagen.net\/wp-content\/uploads\/2013\/05\/MURILLO-2108-237x132.jpg 237w, https:\/\/www.diarioimagen.net\/wp-content\/uploads\/2013\/05\/MURILLO-2108.jpg 480w\" sizes=\"auto, (max-width: 240px) 100vw, 240px\" \/><\/a><p id=\"caption-attachment-133626\" class=\"wp-caption-text\">Jes\u00fas Murillo Karam, procurador general de la Rep\u00fablica, explic\u00f3 la forma c\u00f3mo desplegar\u00e1n investigaciones para buscar personas desaparecidas.<\/p><\/div>\n<p>El titular de la Procuradur\u00eda General de la Rep\u00fablica (PGR), Jes\u00fas Murillo Karam, afirm\u00f3 que es una obligaci\u00f3n del Estado buscar a las personas desaparecidas y en esa tarea no escatimar\u00e1n esfuerzos materiales.<\/p>\n<p>Asever\u00f3 que el presidente de la Rep\u00fablica, Enrique Pe\u00f1a Nieto, dio luz verde para que se haga todo lo necesario en ese tema, y prueba de ello es que la v\u00edspera se formaliz\u00f3 la instalaci\u00f3n de la Unidad de B\u00fasqueda de Personas Desa\u00adparecidas.<\/p>\n<p>El funcionario refiri\u00f3 que de inmediato se comenz\u00f3 a trabajar con 12 agentes del Ministerio P\u00fablico Federal que est\u00e1n adscritos a casos espec\u00edficos, porque es prioritario que los familiares de las v\u00edctimas mantengan una relaci\u00f3n estrecha con quien investiga cada caso.<\/p>\n<p>El abogado de la naci\u00f3n destac\u00f3 que esa unidad tiene objetivos precisos y lineamientos perfectamente trazados, y existe un plan que se har\u00e1 p\u00fablico en los pr\u00f3ximos d\u00edas para conocer a la perfecci\u00f3n c\u00f3mo funcionar\u00e1.<\/p>\n<p>\u201cEn este plan se suma, por ejemplo, el Protocolo de la Cruz Roja Internacional en la B\u00fasqueda de Desaparecidos, en el que se tendr\u00e1n que instaurar una serie de elementos que se tiene que ir conformando poco a poco\u201d, abund\u00f3.<\/p>\n<p>Murillo Karam se\u00f1al\u00f3 que la mencionada unidad contar\u00e1 con tecnolog\u00eda, laboratorios e investigadores que tiene que ser especializados para que entiendan a quienes buscan a una persona, ya que est\u00e1n afectados y desesperados.<\/p>\n<p>El titular de la PGR se\u00f1al\u00f3 que el organismo de b\u00fasqueda de personas desaparecidas representa un paso importante para encontrar una soluci\u00f3n real, ordenada y sistem\u00e1tica.<\/p>\n<p>No obstante, subray\u00f3 que el apoyo de la ciudadan\u00eda es insustituible, ya que es impresionante lo que las v\u00edctimas o sus familiares han hecho en temas de investigaci\u00f3n, pues en algunos casos han avanzado verdaderamente de manera sorprendente.<\/p>\n<p>Murillo Karam admiti\u00f3 que la Unidad de B\u00fasqueda de Personas desaparecidas ser\u00e1 muy compleja; sin embargo el Secretario de Gobernaci\u00f3n la propuso para atender las peticiones e inquietudes de los afectados.<\/p>\n<p>Resalt\u00f3 que las personas que forman parte de ese organismo cuentan con la vocaci\u00f3n y la preparaci\u00f3n necesarias para atender las tareas que se les encomienden.<\/p>\n<p>\u201cLa credibilidad de la Procuradur\u00eda General de la Rep\u00fablica se gana con confianza y as\u00ed se actuar\u00e1 en todos los casos, no hay nada en mi vida que no haya hecho comprometido ya que es un reto ocupar este cargo\u201d, concluy\u00f3.<b><\/b><\/p>\n<p>&nbsp;<\/p>\n","protected":false},"excerpt":{"rendered":"<p>El titular de la Procuradur\u00eda General de la Rep\u00fablica (PGR), Jes\u00fas Murillo Karam, afirm\u00f3 que es una obligaci\u00f3n del Estado buscar a las personas desaparecidas y en esa tarea no escatimar\u00e1n esfuerzos materiales.<\/p>\n","protected":false},"author":3,"featured_media":133626,"comment_status":"open","ping_status":"open","sticky":false,"template":"","format":"standard","meta":{"_monsterinsights_skip_tracking":false,"_monsterinsights_sitenote_active":false,"_monsterinsights_sitenote_note":"","_monsterinsights_sitenote_category":0,"footnotes":""},"categories":[17,3],"tags":[5428,232],"class_list":["post-133616","post","type-post","status-publish","format-standard","has-post-thumbnail","hentry","category-especiales","category-nacional","tag-jesus-murillo-karam","tag-pgr"],"_links":{"self":[{"href":"https:\/\/www.diarioimagen.net\/index.php?rest_route=\/wp\/v2\/posts\/133616","targetHints":{"allow":["GET"]}}],"collection":[{"href":"https:\/\/www.diarioimagen.net\/index.php?rest_route=\/wp\/v2\/posts"}],"about":[{"href":"https:\/\/www.diarioimagen.net\/index.php?rest_route=\/wp\/v2\/types\/post"}],"author":[{"embeddable":true,"href":"https:\/\/www.diarioimagen.net\/index.php?rest_route=\/wp\/v2\/users\/3"}],"replies":[{"embeddable":true,"href":"https:\/\/www.diarioimagen.net\/index.php?rest_route=%2Fwp%2Fv2%2Fcomments&post=133616"}],"version-history":[{"count":0,"href":"https:\/\/www.diarioimagen.net\/index.php?rest_route=\/wp\/v2\/posts\/133616\/revisions"}],"wp:featuredmedia":[{"embeddable":true,"href":"https:\/\/www.diarioimagen.net\/index.php?rest_route=\/wp\/v2\/media\/133626"}],"wp:attachment":[{"href":"https:\/\/www.diarioimagen.net\/index.php?rest_route=%2Fwp%2Fv2%2Fmedia&parent=133616"}],"wp:term":[{"taxonomy":"category","embeddable":true,"href":"https:\/\/www.diarioimagen.net\/index.php?rest_route=%2Fwp%2Fv2%2Fcategories&post=133616"},{"taxonomy":"post_tag","embeddable":true,"href":"https:\/\/www.diarioimagen.net\/index.php?rest_route=%2Fwp%2Fv2%2Ftags&post=133616"}],"curies":[{"name":"wp","href":"https:\/\/api.w.org\/{rel}","templated":true}]}}