{"id":133697,"date":"2013-05-29T00:01:43","date_gmt":"2013-05-29T05:01:43","guid":{"rendered":"http:\/\/www.diarioimagen.net\/?p=133697"},"modified":"2013-05-30T02:37:14","modified_gmt":"2013-05-30T07:37:14","slug":"la-mala-impresion","status":"publish","type":"post","link":"https:\/\/www.diarioimagen.net\/?p=133697","title":{"rendered":"La mala impresi\u00f3n"},"content":{"rendered":"<h2>Pol\u00edtica Spot<\/h2>\n<h5>Juan Manuel Maga\u00f1a<\/h5>\n<p><span><br \/>\nEsos del pacto dan mala impresi\u00f3n.<\/span><\/p>\n<p>Dan la impresi\u00f3n de que no tienen nada qu\u00e9 hacer o de que s\u00f3lo est\u00e1n matando el tiempo, ley\u00e9ndose las manos como entre gitanos.<\/p>\n<p>Ser\u00e1 porque este es un tiempo de dejar malas impresiones. Y hasta se compite por a ver qui\u00e9n deja la peor. Ah\u00ed est\u00e1n el ministro G\u00f3ngora y el descamisado magnate Azc\u00e1rraga.<\/p>\n<p>Pero los del pacto no cantan mal las rancheras con sus debates mediocres y sus discursos nada inteligentes. Se acusan de lo obvio, de lo que unos y otros se han criticado y hasta odiado para terminar todos convertidos en lo mismo.<\/p>\n<p>Es el caso de la instalaci\u00f3n de la mesa para negociar la reforma pol\u00edtica electoral en el Pacto por M\u00e9xico. El ambiente era de reproches de PAN y PRD hacia el PRI y de bravos revires de \u00e9ste para aquellos.<\/p>\n<p>El l\u00edder del blanquiazul, Gustavo Madero, recrimin\u00f3 la prevalencia de un ciclo perverso del autoritarismo en los estados. Y el dirigente pri\u00edsta, C\u00e9sar Camacho, le respondi\u00f3 que algo no tan bueno han hecho quienes habiendo logrado la alternancia no volvieron a beneficiarse con el voto.<\/p>\n<p>\u00bfLe ven ustedes alguna altura a esta calidad de intercambio?\u00a0 Madero reproch\u00f3 que el autoritarismo, la opacidad y la impunidad se han acuartelado en los gobiernos estatales, y record\u00f3 que el PRI ha bloqueado hist\u00f3ricamente las reformas necesarias para el pa\u00eds.<\/p>\n<p>\u00bfAcaso no se mordi\u00f3 la lengua? \u00bfQu\u00e9 no se enter\u00f3 de las gracias que hicieron Fox y Calder\u00f3n?<\/p>\n<p>Y luego el \u201cchucho\u201d Zambrano, administrador del PRD, se quej\u00f3 de que vivimos en una disfuncionalidad institucional, y consider\u00f3 necesario evitar el regreso al viejo r\u00e9gimen de partido de Estado o de partido cuasi \u00fanico, del poder concentrado sin equilibrio verdadero de poderes, fuertemente centralizado, sin federalismo ni municipalismo real.<\/p>\n<p>\u00bfPues no son los \u201cchuchos\u201d los que se la han pasado dinamitando la \u00fanica opci\u00f3n de oposici\u00f3n competitiva que queda en este pa\u00eds que es el \u201cPeje\u201d L\u00f3pez Obrador?<\/p>\n<p>Y es que es ahora cuando faltan 40 d\u00edas para las elecciones en varios estados del pa\u00eds, que los que aparentan estar unidos comienzan a comportarse como el comal y la olla. Las puras conveniencias.<\/p>\n<p>En algo tuvo raz\u00f3n Madero. En que se supone que este pa\u00eds tiene 84 a\u00f1os de vida democr\u00e1tica. Pero con 13 estados en los que el PRI ha gobernado durante 78 a\u00f1os, y nueve estados donde ha gobernado durante esos 84 a\u00f1os. Y los que est\u00e1n en el pacto parecen s\u00f3lo esperar un mejor reparto.<\/p>\n<p><em><a href=\"mailto: maganapalace@yahoo.com.mx\" target=\"_blank\">maganapalace@yahoo.com.mx<\/a><\/em><\/p>\n","protected":false},"excerpt":{"rendered":"<p><span style=\"color: #005497;\"><strong>Juan Manuel Maga\u00f1a<\/strong><\/span><\/p>\n","protected":false},"author":1,"featured_media":0,"comment_status":"open","ping_status":"open","sticky":false,"template":"","format":"standard","meta":{"_monsterinsights_skip_tracking":false,"_monsterinsights_sitenote_active":false,"_monsterinsights_sitenote_note":"","_monsterinsights_sitenote_category":0,"footnotes":""},"categories":[22905],"tags":[43709,43674],"class_list":["post-133697","post","type-post","status-publish","format-standard","hentry","category-juan-manuel-magana","tag-juan-manuel-magana","tag-opinion"],"_links":{"self":[{"href":"https:\/\/www.diarioimagen.net\/index.php?rest_route=\/wp\/v2\/posts\/133697","targetHints":{"allow":["GET"]}}],"collection":[{"href":"https:\/\/www.diarioimagen.net\/index.php?rest_route=\/wp\/v2\/posts"}],"about":[{"href":"https:\/\/www.diarioimagen.net\/index.php?rest_route=\/wp\/v2\/types\/post"}],"author":[{"embeddable":true,"href":"https:\/\/www.diarioimagen.net\/index.php?rest_route=\/wp\/v2\/users\/1"}],"replies":[{"embeddable":true,"href":"https:\/\/www.diarioimagen.net\/index.php?rest_route=%2Fwp%2Fv2%2Fcomments&post=133697"}],"version-history":[{"count":0,"href":"https:\/\/www.diarioimagen.net\/index.php?rest_route=\/wp\/v2\/posts\/133697\/revisions"}],"wp:attachment":[{"href":"https:\/\/www.diarioimagen.net\/index.php?rest_route=%2Fwp%2Fv2%2Fmedia&parent=133697"}],"wp:term":[{"taxonomy":"category","embeddable":true,"href":"https:\/\/www.diarioimagen.net\/index.php?rest_route=%2Fwp%2Fv2%2Fcategories&post=133697"},{"taxonomy":"post_tag","embeddable":true,"href":"https:\/\/www.diarioimagen.net\/index.php?rest_route=%2Fwp%2Fv2%2Ftags&post=133697"}],"curies":[{"name":"wp","href":"https:\/\/api.w.org\/{rel}","templated":true}]}}