{"id":133719,"date":"2013-05-30T00:05:18","date_gmt":"2013-05-30T05:05:18","guid":{"rendered":"http:\/\/www.diarioimagen.net\/?p=133719"},"modified":"2013-05-31T04:06:59","modified_gmt":"2013-05-31T09:06:59","slug":"productividad-se-democratiza-con-telecomunicaciones-pena-nieto","status":"publish","type":"post","link":"https:\/\/www.diarioimagen.net\/?p=133719","title":{"rendered":"Productividad se democratiza con telecomunicaciones: Pe\u00f1a Nieto"},"content":{"rendered":"<ul>\n<li><strong><em>Al inaugurar la \u201cExpo Canitec 2013: Innovaci\u00f3n y Liderazgo\u201d, dice que lograr acceso a las tecnolog\u00edas es responsabilidad compartida<\/em><\/strong><\/li>\n<\/ul>\n<h6>Robeerto Vizca\u00edno<\/h6>\n<div id=\"attachment_133800\" style=\"width: 250px\" class=\"wp-caption alignleft\"><a href=\"http:\/\/www.diarioimagen.net\/wp-content\/uploads\/2013\/05\/epn-2109.jpg\"><img loading=\"lazy\" decoding=\"async\" aria-describedby=\"caption-attachment-133800\" class=\"size-medium wp-image-133800\" alt=\"El presidente Enrique Pe\u00f1a Nieto se reuni\u00f3 ayer con los concesionarios de la industria de televisi\u00f3n por cable e inaugur\u00f3 la \u201cExpo-Canitec\u201d.\" src=\"http:\/\/www.diarioimagen.net\/wp-content\/uploads\/2013\/05\/epn-2109-240x135.jpg\" width=\"240\" height=\"135\" srcset=\"https:\/\/www.diarioimagen.net\/wp-content\/uploads\/2013\/05\/epn-2109-240x135.jpg 240w, https:\/\/www.diarioimagen.net\/wp-content\/uploads\/2013\/05\/epn-2109-420x236.jpg 420w, https:\/\/www.diarioimagen.net\/wp-content\/uploads\/2013\/05\/epn-2109-235x132.jpg 235w, https:\/\/www.diarioimagen.net\/wp-content\/uploads\/2013\/05\/epn-2109-202x114.jpg 202w, https:\/\/www.diarioimagen.net\/wp-content\/uploads\/2013\/05\/epn-2109-350x196.jpg 350w, https:\/\/www.diarioimagen.net\/wp-content\/uploads\/2013\/05\/epn-2109-220x123.jpg 220w, https:\/\/www.diarioimagen.net\/wp-content\/uploads\/2013\/05\/epn-2109-237x132.jpg 237w, https:\/\/www.diarioimagen.net\/wp-content\/uploads\/2013\/05\/epn-2109.jpg 480w\" sizes=\"auto, (max-width: 240px) 100vw, 240px\" \/><\/a><p id=\"caption-attachment-133800\" class=\"wp-caption-text\">El presidente Enrique Pe\u00f1a Nieto se reuni\u00f3 ayer con los concesionarios de la industria de televisi\u00f3n por cable e inaugur\u00f3 la \u201cExpo-Canitec\u201d.<\/p><\/div>\n<p>Al reunirse ayer con los principales empresarios de la televisi\u00f3n por cable congregados en la C\u00e1mara Nacional de la Industria de Telecomunicaciones por Cable, la Canitec, el presidente Enrique Pe\u00f1a Nieto indic\u00f3 que \u201clograr que todos los mexicanos tengan acceso a las tecnolog\u00edas de la informaci\u00f3n debe ser una responsabilidad compartida entre los sectores p\u00fablico y privado\u201d.<\/p>\n<p>Entre otros objetivos dentro de este mismo esfuerzo, agreg\u00f3, se encuentra el garantizar la cobertura universal de la banda ancha lo cual debe unir a todos los involucrados en este sector, se\u00f1al\u00f3\u00a0 al inaugurar la \u201cExpo Canitec 2013: Innovaci\u00f3n y Liderazgo\u201d.<\/p>\n<p>Consider\u00f3 que son m\u00faltiples las acciones que se deber\u00e1n emprender para asegurar que m\u00e1s mexicanos tengan acceso a internet de banda ancha, y una de ellas es el denominado apag\u00f3n anal\u00f3gico, cuya primera etapa, por decisi\u00f3n de la Comisi\u00f3n Federal de Telecomunicaciones, la Cofetel, comenz\u00f3 ayer en la ciudad de Tijuana, Baja California.<\/p>\n<p>Con esta medida, que signific\u00f3 \u201capagar ocho canales anal\u00f3gicos para transitar luego a la transmisi\u00f3n de una televisi\u00f3n digital, los hogares de Tijuana -que ya cuentan con un decodificador- disfrutan ahora de una mejor alternativa en su servicio de televisi\u00f3n, con im\u00e1genes y sonido de mayor resoluci\u00f3n y fidelidad\u201d, explic\u00f3.<\/p>\n<p>\u00c9ste, dijo, es el caso del 93 por ciento de los hogares de esa ciudad, y para acelerar la atenci\u00f3n y resolver las necesidades del 7 por ciento restante, instruy\u00f3 al titular de Comunicaciones y Transportes, Gerardo Ruiz Esparza, a trasladarse personalmente a Tijuana y, en coordinaci\u00f3n con la Cofetel, instalar una ventanilla de atenci\u00f3n en el Centro SCT de Baja California.<\/p>\n<p>El presidente Pe\u00f1a Nieto reconoci\u00f3 que esta medida ha provocado inconvenientes a algunos usuarios, \u201cpero estoy convencido de que es una necesaria e importante evoluci\u00f3n que debemos tener en todo el pa\u00eds. La digitalizaci\u00f3n de la televisi\u00f3n permitir\u00e1 aprovechar de mejor manera el espectro, de forma que se puedan transmitir m\u00e1s canales de televisi\u00f3n, y adem\u00e1s liberar espacio para aplicaciones de banda ancha\u201d.<\/p>\n<p>Afirm\u00f3 luego que \u201cen el gobierno de la Rep\u00fablica seguiremos trabajando para hacer del sector telecomunicaciones una verdadera palanca del desarrollo\u201d, pues en la actualidad \u201clas telecomunicaciones se han convertido en un factor esencial para el crecimiento econ\u00f3mico, el desarrollo de la ciencia, la tecnolog\u00eda y la innovaci\u00f3n, lo mismo que para difundir el conocimiento, la cultura o el entretenimiento\u201d.<\/p>\n<p>\u201cUstedes est\u00e1n llamados a contribuir decididamente en la construcci\u00f3n de ese pa\u00eds de prosperidad y de inclusi\u00f3n social que todos queremos, por eso les invito a seguir trabajando por un M\u00e9xico m\u00e1s productivo y m\u00e1s equitativo y a seguir aportando para lograr no s\u00f3lo un M\u00e9xico pr\u00f3spero, sino tambi\u00e9n un M\u00e9xico incluyente, un M\u00e9xico de menor pobreza, de menor desigualdad y de mayores oportunidades para todos los mexicanos\u201d, subray\u00f3.<\/p>\n<p>Y agreg\u00f3:<\/p>\n<p>\u201cEstamos convencidos de que el desarrollo de las telecomunicaciones es un requisito fundamental para elevar y democratizar la productividad en nuestro pa\u00eds\u201d.<\/p>\n<p>Confi\u00f3 en que los integrantes de la Canitec estar\u00e1n dispuestos a hacer su parte, a contribuir a la construcci\u00f3n de un pa\u00eds m\u00e1s equitativo, de mayores oportunidades, de beneficios ampliados a toda la poblaci\u00f3n del pa\u00eds, al tiempo que refiri\u00f3 que de 2004 a 2012 la industria del cable en M\u00e9xico logr\u00f3 duplicar su n\u00famero de suscriptores, y hoy brinda servicio al 46 por ciento de los 13 millones de mexicanos que tienen acceso a la televisi\u00f3n restringida, adem\u00e1s que ha logrado atender, a trav\u00e9s de la convergencia de servicios, al 7.3 por ciento de las l\u00edneas telef\u00f3nicas fijas y cerca del 14 por ciento de los suscriptores de banda ancha fija.<\/p>\n<p align=\"center\"><b>OBJETIVO, PROMOVER LA COMPETENCIA<\/b><\/p>\n<p>Luego de inaugurar la \u201cExpo Canitec 2013: Innovaci\u00f3n y Liderazgo\u201d, les record\u00f3 que una de las primeras acciones que se emprendieron en su administraci\u00f3n fue presentar, en el marco del Pacto por M\u00e9xico, una iniciativa de reforma para promover la competencia econ\u00f3mica y el desarrollo del sector telecomunicaciones.<\/p>\n<p>\u201cEl objetivo de esta reforma transformadora, que ya ha sido aprobada por el Constituyente Permanente, es que cada vez m\u00e1s mexicanos y m\u00e1s micro, peque\u00f1as y medianas empresas tengan acceso a los insumos fundamentales en lo que se han convertido los servicios de telecomunicaciones\u201d, precis\u00f3.<\/p>\n<p>Les explic\u00f3 que se trata de una reforma que, por un lado, ampl\u00eda los derechos de los ciudadanos, y por el otro, crea condiciones para estimular la inversi\u00f3n, el crecimiento y la competitividad de las empresas del sector.<\/p>\n<p>Algunos de los beneficios directos que tendr\u00e1 la industria del cable como resultado de la reforma, les dijo es que: contar\u00e1n con un marco institucional fortalecido, que brinde a los actores del sector mayor certeza jur\u00eddica; se crear\u00e1 un modelo de concesi\u00f3n \u00fanica\u00a0 a fin de facilitar su transici\u00f3n hacia las redes convergentes y la prestaci\u00f3n de los servicios de televisi\u00f3n restringida, voz, datos e internet de banda ancha.<\/p>\n<p>De igual forma, se promover\u00e1 una mayor competencia en el sector a trav\u00e9s de un marco legal que incluye figuras como la regulaci\u00f3n asim\u00e9trica y la regulaci\u00f3n de recursos esenciales; igualmente, se abrir\u00e1n espacios para facilitar e incrementar las inversiones de las empresas de este sector.<\/p>\n<p>Tambi\u00e9n podr\u00e1n integrar y ofrecer paquetes de canales m\u00e1s atractivos para sus usuarios, que incluyan las se\u00f1ales de televisi\u00f3n abierta, las que podr\u00e1n ser llevadas a trav\u00e9s de la regulaci\u00f3n que se haga del Must Carry y del Must Offer; adem\u00e1s de que a trav\u00e9s de la red abierta que mandata la reforma, podr\u00e1n prestar sus servicios en condiciones mayoristas y de acceso abierto para cualquier operador, lo que tambi\u00e9n ayudar\u00e1 en la convergencia de servicios.<\/p>\n<p align=\"center\"><b>LA TECNOLOG\u00cdA AL SERVICIO DE LA DEMOCRACIA<\/b><\/p>\n<p>En su oportunidad, el jefe de gobierno del Distrito Federal, Miguel \u00c1ngel Mancera Espinosa, sostuvo que el siglo XXI ha hecho que el derecho a la tecnolog\u00eda se convierta en uno de los elementos igualadores y m\u00e1s democr\u00e1ticos de la equidad social y econ\u00f3mica.<\/p>\n<p>\u201cPara lograr lo anterior, m\u00e1s all\u00e1 de alcanzar la conectividad o cerrar la brecha digital, el objetivo debe ser darle contenido al uso de las tecnolog\u00edas de la informaci\u00f3n para que \u00e9stas se conviertan en aut\u00e9nticos instrumentos del desarrollo social de las ciudades\u201d.<\/p>\n<p>Afirm\u00f3 que en su administraci\u00f3n participar\u00e1 de manera franca en la democratizaci\u00f3n de la productividad que el gobierno federal ha planteado con precisi\u00f3n.<\/p>\n<p>\u201cConjuntando esfuerzos, sociedad y gobierno, estoy seguro, vamos a detonar el extraordinario potencial que tienen las telecomunicaciones en nuestro pa\u00eds\u2026<\/p>\n<p>\u201cSeguiremos con el respaldo a las iniciativas para poner las telecomunicaciones al servicio de la educaci\u00f3n, el desarrollo social y\u00a0 el crecimiento de nuestra capital, y por supuesto, de M\u00e9xico\u201d, manifest\u00f3.<\/p>\n<p align=\"center\"><b>ASPIRAMOS AL \u00c9XITO<\/b><\/p>\n<p>Alejandro Puente C\u00f3rdoba, presidente del Consejo Directivo Nacional de la Canitec, dijo que su sector coincide con las cinco metas nacionales expresadas en el Plan Nacional de Desarrollo, y consider\u00f3 que la aprobaci\u00f3n de la reforma en telecomunicaciones fue un logro \u201csin precedentes\u201d.<\/p>\n<p>\u201cDe instrumentarse correctamente, este nuevo marco constitucional crear\u00e1 condiciones equitativas de competencia que se traducir\u00e1n en el desarrollo y beneficio del pa\u00eds\u2026<\/p>\n<p>\u201cQueremos que a M\u00e9xico le vaya bien y sabemos que el \u00e9xito de su administraci\u00f3n ser\u00e1 el \u00e9xito de todos\u201d.<b><\/b><\/p>\n<p>&nbsp;<\/p>\n","protected":false},"excerpt":{"rendered":"<p><span style=\"color: #005497;\"><strong>Roberto Vizca\u00edno<\/strong><\/span><br \/>\n<br \/>\nAl reunirse ayer con los principales empresarios de la televisi\u00f3n por cable congregados en la C\u00e1mara Nacional de la Industria de Telecomunicaciones por Cable, la Canitec, el presidente Enrique Pe\u00f1a Nieto indic\u00f3 que \u201clograr que todos los mexicanos tengan acceso a las tecnolog\u00edas de la informaci\u00f3n debe ser una responsabilidad compartida entre los sectores p\u00fablico y privado\u201d.<\/p>\n","protected":false},"author":3,"featured_media":133800,"comment_status":"open","ping_status":"open","sticky":false,"template":"","format":"standard","meta":{"_monsterinsights_skip_tracking":false,"_monsterinsights_sitenote_active":false,"_monsterinsights_sitenote_note":"","_monsterinsights_sitenote_category":0,"footnotes":""},"categories":[17,3],"tags":[18,43673,12960],"class_list":["post-133719","post","type-post","status-publish","format-standard","has-post-thumbnail","hentry","category-especiales","category-nacional","tag-enrique-pena-nieto","tag-nacional","tag-telecomunicaciones"],"_links":{"self":[{"href":"https:\/\/www.diarioimagen.net\/index.php?rest_route=\/wp\/v2\/posts\/133719","targetHints":{"allow":["GET"]}}],"collection":[{"href":"https:\/\/www.diarioimagen.net\/index.php?rest_route=\/wp\/v2\/posts"}],"about":[{"href":"https:\/\/www.diarioimagen.net\/index.php?rest_route=\/wp\/v2\/types\/post"}],"author":[{"embeddable":true,"href":"https:\/\/www.diarioimagen.net\/index.php?rest_route=\/wp\/v2\/users\/3"}],"replies":[{"embeddable":true,"href":"https:\/\/www.diarioimagen.net\/index.php?rest_route=%2Fwp%2Fv2%2Fcomments&post=133719"}],"version-history":[{"count":0,"href":"https:\/\/www.diarioimagen.net\/index.php?rest_route=\/wp\/v2\/posts\/133719\/revisions"}],"wp:featuredmedia":[{"embeddable":true,"href":"https:\/\/www.diarioimagen.net\/index.php?rest_route=\/wp\/v2\/media\/133800"}],"wp:attachment":[{"href":"https:\/\/www.diarioimagen.net\/index.php?rest_route=%2Fwp%2Fv2%2Fmedia&parent=133719"}],"wp:term":[{"taxonomy":"category","embeddable":true,"href":"https:\/\/www.diarioimagen.net\/index.php?rest_route=%2Fwp%2Fv2%2Fcategories&post=133719"},{"taxonomy":"post_tag","embeddable":true,"href":"https:\/\/www.diarioimagen.net\/index.php?rest_route=%2Fwp%2Fv2%2Ftags&post=133719"}],"curies":[{"name":"wp","href":"https:\/\/api.w.org\/{rel}","templated":true}]}}