{"id":133742,"date":"2013-05-30T00:07:09","date_gmt":"2013-05-30T05:07:09","guid":{"rendered":"http:\/\/www.diarioimagen.net\/?p=133742"},"modified":"2013-05-30T02:45:09","modified_gmt":"2013-05-30T07:45:09","slug":"apagon-analogico-en-tijuana-bc-no-fue-de-sorpresa-mony-de-swan","status":"publish","type":"post","link":"https:\/\/www.diarioimagen.net\/?p=133742","title":{"rendered":"Apag\u00f3n anal\u00f3gico en Tijuana, BC, no fue de sorpresa: Mony de Swan"},"content":{"rendered":"<ul>\n<li><strong><em>Ante el c\u00famulo de protestas, senadores del PRI propondr\u00e1n que el gobierno deje de continuar con esa medida<\/em><\/strong><\/li>\n<\/ul>\n<div id=\"attachment_133825\" style=\"width: 250px\" class=\"wp-caption alignleft\"><a href=\"http:\/\/www.diarioimagen.net\/wp-content\/uploads\/2013\/05\/Mony-2109.jpg\"><img loading=\"lazy\" decoding=\"async\" aria-describedby=\"caption-attachment-133825\" class=\"size-medium wp-image-133825\" alt=\"El presidente de la Comisi\u00f3n Federal de Telecomunicaciones.\" src=\"http:\/\/www.diarioimagen.net\/wp-content\/uploads\/2013\/05\/Mony-2109-240x135.jpg\" width=\"240\" height=\"135\" srcset=\"https:\/\/www.diarioimagen.net\/wp-content\/uploads\/2013\/05\/Mony-2109-240x135.jpg 240w, https:\/\/www.diarioimagen.net\/wp-content\/uploads\/2013\/05\/Mony-2109-420x236.jpg 420w, https:\/\/www.diarioimagen.net\/wp-content\/uploads\/2013\/05\/Mony-2109-235x132.jpg 235w, https:\/\/www.diarioimagen.net\/wp-content\/uploads\/2013\/05\/Mony-2109-202x114.jpg 202w, https:\/\/www.diarioimagen.net\/wp-content\/uploads\/2013\/05\/Mony-2109-350x196.jpg 350w, https:\/\/www.diarioimagen.net\/wp-content\/uploads\/2013\/05\/Mony-2109-220x123.jpg 220w, https:\/\/www.diarioimagen.net\/wp-content\/uploads\/2013\/05\/Mony-2109-237x132.jpg 237w, https:\/\/www.diarioimagen.net\/wp-content\/uploads\/2013\/05\/Mony-2109.jpg 480w\" sizes=\"auto, (max-width: 240px) 100vw, 240px\" \/><\/a><p id=\"caption-attachment-133825\" class=\"wp-caption-text\">El presidente de la Comisi\u00f3n Federal de Telecomunicaciones.<\/p><\/div>\n<p>El \u201capag\u00f3n anal\u00f3gico\u201d no tom\u00f3 por sorpresa a nadie en Tijuana, Baja California, asegur\u00f3 el presidente de la Comisi\u00f3n Federal de Telecomunicaciones (Cofetel), Mony de Swaan.<\/p>\n<p>En el marco de la conclusi\u00f3n de las transmisiones de la se\u00f1al anal\u00f3gica de la televisi\u00f3n abierta en Tijuana, el funcionario dijo que en M\u00e9xico se estableci\u00f3 que m\u00e1s de 90 por ciento se requiere para apagar transmisiones, lo que ocurri\u00f3 en Tijuana.<\/p>\n<p>Para De Swaan, mas que hablar de la gente que esta inconforme, hay que hablar del enorme esfuerzo que hicieron los tijuanenses para abrir su puerta a este proceso y alcanzar as\u00ed el 93 por ciento.<\/p>\n<p>\u201cNosotros tenemos una cantidad de c\u00e9dulas de ciudadanos, son mas que la gente que se manifest\u00f3 inconforme, hay 192 mil personas que recibieron el decodificador\u201d, destac\u00f3. En tanto, la fracci\u00f3n del PRI en el Senado propondr\u00e1 un punto de acuerdo para exhortar al gobierno federal, a no continuar con el apag\u00f3n anal\u00f3gico que inici\u00f3 este martes en Tijuana, Baja California.<\/p>\n<p>El l\u00edder de la bancada priista, Emilio Gamboa Patr\u00f3n, puntualiz\u00f3 que \u201clas cosas\u201d para implementar la se\u00f1al digital de televisi\u00f3n en todo el territorio nacional, se \u201chicieron mal\u201d y la consecuencia es la quejas de la poblaci\u00f3n porque ahora no puede ver televisi\u00f3n.<\/p>\n<p>\u201cLo hicieron con mucho tiempo, no lo acabaron y no tuvieron la voluntad pol\u00edtica de aplazarlo un poco m\u00e1s; no pasaba nada, y hay un n\u00famero importante de bajacalifornianos que est\u00e1n muy inconformes con esta decisi\u00f3n\u201d, expuso el legislador.<\/p>\n<p>Al preguntarle quien podr\u00eda echar para atr\u00e1s esta medida, inform\u00f3 que s\u00f3lo el Ejecutivo federal puede hacerlo, en coordinaci\u00f3n con la Comisi\u00f3n Federal de Telecomunicaciones (Cofetel), mientras que en el Congreso de la Uni\u00f3n se har\u00e1 el exhorto.<\/p>\n<p>\u201cVamos a tener un punto de acuerdo sobre este tema el pr\u00f3ximo mi\u00e9rcoles\u201d, expuso Gamboa Patr\u00f3n, quien record\u00f3 que con la experiencia que tiene como ex secretario de Comunicaciones y Transportes, ya hab\u00eda advertido que era un error aplicar en este momento la citada medida.<b><\/b><\/p>\n<p>&nbsp;<\/p>\n","protected":false},"excerpt":{"rendered":"<p>El \u201capag\u00f3n anal\u00f3gico\u201d no tom\u00f3 por sorpresa a nadie en Tijuana, Baja California, asegur\u00f3 el presidente de la Comisi\u00f3n Federal de Telecomunicaciones (Cofetel), Mony de Swaan.<\/p>\n","protected":false},"author":3,"featured_media":133825,"comment_status":"open","ping_status":"open","sticky":false,"template":"","format":"standard","meta":{"_monsterinsights_skip_tracking":false,"_monsterinsights_sitenote_active":false,"_monsterinsights_sitenote_note":"","_monsterinsights_sitenote_category":0,"footnotes":""},"categories":[3],"tags":[20835,36,4982,3282],"class_list":["post-133742","post","type-post","status-publish","format-standard","has-post-thumbnail","hentry","category-nacional","tag-apagon-analogico","tag-baja-california","tag-comision-federal-de-telecomunicaciones","tag-tijuana"],"_links":{"self":[{"href":"https:\/\/www.diarioimagen.net\/index.php?rest_route=\/wp\/v2\/posts\/133742","targetHints":{"allow":["GET"]}}],"collection":[{"href":"https:\/\/www.diarioimagen.net\/index.php?rest_route=\/wp\/v2\/posts"}],"about":[{"href":"https:\/\/www.diarioimagen.net\/index.php?rest_route=\/wp\/v2\/types\/post"}],"author":[{"embeddable":true,"href":"https:\/\/www.diarioimagen.net\/index.php?rest_route=\/wp\/v2\/users\/3"}],"replies":[{"embeddable":true,"href":"https:\/\/www.diarioimagen.net\/index.php?rest_route=%2Fwp%2Fv2%2Fcomments&post=133742"}],"version-history":[{"count":0,"href":"https:\/\/www.diarioimagen.net\/index.php?rest_route=\/wp\/v2\/posts\/133742\/revisions"}],"wp:featuredmedia":[{"embeddable":true,"href":"https:\/\/www.diarioimagen.net\/index.php?rest_route=\/wp\/v2\/media\/133825"}],"wp:attachment":[{"href":"https:\/\/www.diarioimagen.net\/index.php?rest_route=%2Fwp%2Fv2%2Fmedia&parent=133742"}],"wp:term":[{"taxonomy":"category","embeddable":true,"href":"https:\/\/www.diarioimagen.net\/index.php?rest_route=%2Fwp%2Fv2%2Fcategories&post=133742"},{"taxonomy":"post_tag","embeddable":true,"href":"https:\/\/www.diarioimagen.net\/index.php?rest_route=%2Fwp%2Fv2%2Ftags&post=133742"}],"curies":[{"name":"wp","href":"https:\/\/api.w.org\/{rel}","templated":true}]}}