{"id":133772,"date":"2013-05-30T00:07:29","date_gmt":"2013-05-30T05:07:29","guid":{"rendered":"http:\/\/www.diarioimagen.net\/?p=133772"},"modified":"2013-05-31T02:26:51","modified_gmt":"2013-05-31T07:26:51","slug":"acuerdan-empresarios-y-pacto-por-mexico-un-decalogo","status":"publish","type":"post","link":"https:\/\/www.diarioimagen.net\/?p=133772","title":{"rendered":"Acuerdan empresarios y Pacto por M\u00e9xico un dec\u00e1logo"},"content":{"rendered":"<h2>Tras la puerta del poder<\/h2>\n<h5>Roberto Vizca\u00edno<\/h5>\n<p>&nbsp;<\/p>\n<ul>\n<li><strong><i>En una negociaci\u00f3n de dos horas, las c\u00fapulas empresariales avanzan sus demandas<\/i><\/strong><\/li>\n<li><strong><i>PRD afirma que la \u00fanica manera de detener las irregularidades electorales, es llevar el tema al pacto<\/i><\/strong><\/li>\n<li><strong><i>El PRI pide al PRD y PAN que dejen de chantajear con la amenaza de su salida del acuerdo<\/i><\/strong><\/li>\n<\/ul>\n<div id=\"attachment_133864\" style=\"width: 250px\" class=\"wp-caption alignleft\"><a href=\"http:\/\/www.diarioimagen.net\/wp-content\/uploads\/2013\/05\/ENREDO-trizas-2109.jpg\"><img loading=\"lazy\" decoding=\"async\" aria-describedby=\"caption-attachment-133864\" class=\"size-medium wp-image-133864\" alt=\"Enredo... | Trizas\" src=\"http:\/\/www.diarioimagen.net\/wp-content\/uploads\/2013\/05\/ENREDO-trizas-2109-240x178.jpg\" width=\"240\" height=\"178\" srcset=\"https:\/\/www.diarioimagen.net\/wp-content\/uploads\/2013\/05\/ENREDO-trizas-2109-240x178.jpg 240w, https:\/\/www.diarioimagen.net\/wp-content\/uploads\/2013\/05\/ENREDO-trizas-2109-420x312.jpg 420w, https:\/\/www.diarioimagen.net\/wp-content\/uploads\/2013\/05\/ENREDO-trizas-2109.jpg 700w\" sizes=\"auto, (max-width: 240px) 100vw, 240px\" \/><\/a><p id=\"caption-attachment-133864\" class=\"wp-caption-text\">Enredo&#8230; | Trizas<\/p><\/div>\n<p>En un encuentro con las dirigencias de las c\u00fapulas empresariales e industriales del pa\u00eds, los integrantes del Pacto por M\u00e9xico acordaron anoche avanzar sobre 10 puntos concretos para relanzar al pa\u00eds al desarrollo.<\/p>\n<p>El dec\u00e1logo negociado con los dirigentes del PRI, PRD y PAN \u2014C\u00e9sar Camacho, Jes\u00fas Zambrano y Gustavo Madero-, as\u00ed como con los secretarios de Gobernaci\u00f3n, Miguel \u00c1ngel Osorio Chong y el de Hacienda, Luis Videgaray y los miembros del Consejo Rector, establecen:<\/p>\n<p>1) Presupuestos multianuales: proyectos de infraestructura prioritaria, incluidos en el Programa Nacional de Infraestructura.<\/p>\n<p>2) Cruzada Nacional por la formalizaci\u00f3n econ\u00f3mica.<\/p>\n<p>3) Dise\u00f1ar e impulsar una pol\u00edtica industrial que relance la competitividad y el potencial del sector productivo.<\/p>\n<p>4) Banca de desarrollo: expediente \u00fanico y calificaci\u00f3n inmediata.<\/p>\n<p>5) Programa de fianzas para apoyar a las pymes proveedoras y contratistas del gobierno.<\/p>\n<p>6) Programa de bursatilizaci\u00f3n de empresas p\u00fablicas.<\/p>\n<p>7) Homologaci\u00f3n e integraci\u00f3n de todos los registros p\u00fablicos de la propiedad y comercio en plataforma electr\u00f3nica.<\/p>\n<p>8) Fijar t\u00e9rminos de prescripci\u00f3n en juicios agrarios.<\/p>\n<p>9) Plan integral de desarrollo e inversi\u00f3n para la regi\u00f3n sur-sureste: corredor multimodal trans\u00edsmico.<\/p>\n<p>10) Relanzamiento del Programa Nacional de Vivienda.<\/p>\n<p>Hoy jueves este mismo grupo del Pacto Por M\u00e9xico, se sentar\u00e1 frente a frente con los gobernadores de los 14 estados donde habr\u00e1 elecciones el 7 de julio, para as\u00ed intentar acabar con las irregularidades que se vienen presentando en esas entidades y que han derivado en amenazas de las dirigencias del PRD y PAN de abandonar el Pacto.<\/p>\n<p>En su mayor\u00eda los reclamos son por el desv\u00edo de recursos de los programas sociales en favor de los candidatos del PRI a diputaciones locales y alcald\u00edas en juego.<\/p>\n<p align=\"center\"><b>GOBERNADORES, PEQUE\u00d1OS VIRREYES<\/b><\/p>\n<p>Jes\u00fas Ortega, uno de los creadores del Pacto por M\u00e9xico, acept\u00f3 ayer que llevar asuntos electorales a la mesa del Pacto por M\u00e9xico distorsiona los objetivos de este mecanismo pero justific\u00f3 las denuncias que hacen los dirigentes del PRD y PAN sobre estas irregularidades porque, afirm\u00f3, hay gobernadores que se comportan como peque\u00f1os virreyes a quienes las reformas estructurales y el desarrollo del pa\u00eds les importa un comino.<\/p>\n<p>Este tema es el que se plantear\u00e1 hoy en la reuni\u00f3n entre los miembros del Pacto por M\u00e9xico y los gobernadores de los 14 estados donde hoy corren los procesos electorales del 7 de julio pr\u00f3ximo.<\/p>\n<p>Ortega, ex presidente del PRD y l\u00edder de Nueva Izquierda, la corriente mayoritaria dentro del partido del sol azteca, acept\u00f3 de igual forma que al llevar las irregularidades electorales a la mesa del Pacto, se anulan las instituciones electorales como el IFE, el Trife y la Fepade.<\/p>\n<p>Pero en este caso tambi\u00e9n hay una raz\u00f3n de peso y es la de obligar al presidente Enrique Pe\u00f1a Nieto a que ponga orden a los gobernadores de su partido.<\/p>\n<p align=\"center\">\u00a0<b>ZAMBRANO SE JUSTIFICA<\/b><\/p>\n<p>Dentro de este contexto Jes\u00fas Zambrano, presidente del PRD -y miembro tambi\u00e9n de Nueva Izquierda-, indic\u00f3 que si no act\u00faan bajo presi\u00f3n, los miembros del PRI y del gobierno, no se podr\u00eda obligar a los gobernadores a sentarse a discutir con los miembros del Pacto por M\u00e9xico estos problemas.<\/p>\n<p>S\u00f3lo as\u00ed tendr\u00e1n hoy enfrente a los gobernadores de los 14 estados con elecciones, dijo.<\/p>\n<p>A su vez el coordinador de los senadores del PRD, el poblano Miguel Barbosa, indic\u00f3 que la amenaza de Zambrano de congelar la participaci\u00f3n de este partido en el Pacto por M\u00e9xico es m\u00e1s una estrategia de ret\u00f3rica del dirigente perredista que una amenaza real.\u201dY<\/p>\n<p>\u201cYo creo que Zambrano es un estratega que tambi\u00e9n conduce su agenda diaria a trav\u00e9s de declaraciones\u2026 yo no veo al PRD con la decisi\u00f3n de congelar el Pacto, yo no lo veo. Yo creo que Zambrano es un buen estratega\u2026<\/p>\n<p>\u201cYo digo que es una buena estrategia tambi\u00e9n advertir que el Pacto es una mesa de di\u00e1logo que hay que preservar, hay que preservar primero por los involucrados que son los partidos pol\u00edticos y el gobierno federal\u201d, adelant\u00f3 el senador.<\/p>\n<p align=\"center\">\u00a0<b>TAMBI\u00c9N HAY DENUNCIAS<\/b><\/p>\n<p>Sobre este mismo tema, los coordinadores del PAN en el Senado y en la C\u00e1mara de Diputados, Jorge Luis Preciado y Luis Alberto Villarreal, respectivamente, \u00a0dijeron que su partido no s\u00f3lo hace se\u00f1alamientos medi\u00e1ticos sobre las irregularidades que se est\u00e1n presentando en los 14 estados con proceso electoral, sino que tambi\u00e9n se est\u00e1n interponiendo denuncias ante las instituciones correspondientes.<\/p>\n<p>\u201cAyer hicimos un llamado respecto de Veracruz y Tamaulipas\u2026 un tema muy delicado, \u201clevantaron\u201d a uno de nuestros candidatos\u2026 hicimos la denuncia p\u00fablica\u2026\u00a0 y exigimos que los gobernadores saquen las manos de los procesos, que dejen que los ciudadanos decidan y que gane la democracia\u2026\u201d, se\u00f1alaron.<\/p>\n<p>Recordaron que ayer mismo presentaron un punto que termin\u00f3 en la aprobaci\u00f3n de un exhorto de la Comisi\u00f3n Permanente del Congreso para que se investigue el descubrimiento de 10 mil despensas en Quintana Roo, que podr\u00edan estar consideradas para ser repartidas por el PRI en beneficio de sus candidatos en aquel estado.<\/p>\n<p>El coordinador de los blanquiazules en San L\u00e1zaro indic\u00f3 que \u201cnosotros hemos sido muy claros\u2026 vamos a seguir se\u00f1alando permanentemente cualquier tipo de conducta ilegal por parte de los gobiernos de los estados que pretendan sabotear el 7 de julio y, sobre todo, en defensa de los ciudadanos de cada una de las entidades.<\/p>\n<p>\u201cY para completar tambi\u00e9n, nosotros hemos dicho que el Pacto por M\u00e9xico no cancela ni el debate ni la discusi\u00f3n, ni\u00a0 cancela el Congreso y tampoco cancela la competencia.<\/p>\n<p>\u201cNosotros le exigimos al gobierno de la Rep\u00fablica que encabeza Enrique Pe\u00f1a Nieto y al secretario de Gobernaci\u00f3n que le pare a los gobernadores para que los ciudadanos de manera libre puedan ir a elegir y para que no se inhiba la participaci\u00f3n. Nosotros le apostamos a la democracia y, adem\u00e1s tambi\u00e9n, hemos sido el \u00fanico partido serio que ha presentado denuncias ante las instancias correspondientes con pruebas contundentes como las que hicimos en Veracruz\u201d, subray\u00f3.<\/p>\n<p align=\"center\">\u00a0<b>QUE DEJEN DE CHANTAJEAR<\/b><\/p>\n<p>En contrapartida, el sonorense Manlio Fabio Beltrones, coordinador de los diputados federales del PRI, dijo que la advertencia del dirigente del PRD,\u00a0 Jes\u00fas \u00a0Zambrano, de que podr\u00eda congelar la participaci\u00f3n de su partido en el Pacto por M\u00e9xico si el presidente Pe\u00f1a Nieto no corrige las irregularidades electorales, es para \u00e9l \u201cun\u00a0 exceso\u201d.<\/p>\n<p>Y explic\u00f3:<\/p>\n<p>\u201cEs un exceso el estar sujetando lo que le conviene al pa\u00eds a lo que supuestamente les conviene a los partidos. No pueden ganar mediante chantajes o presiones lo que no obtengan en las urnas; los partidos deben dedicarse a hacer campa\u00f1as y el gobierno, los partidos, diputados y senadores a hacer plataformas de lo que el pa\u00eds necesita, el pa\u00eds no puede esperar m\u00e1s\u201d, indic\u00f3 Beltrones\u201d.<\/p>\n<p>A su vez Emilio Gamboa, coordinador de los senadores del tricolor, demand\u00f3 que, en vez de estarse quejando, la oposici\u00f3n (PRD y PAN) demuestren con hechos en qu\u00e9 est\u00e1 fallando el gobierno para que \u00e9ste act\u00fae.<\/p>\n<p>\u201cLo que no podemos es estar chantajeando, cuando dentro de un mes y 10 d\u00edas, van a ser las elecciones, hay que dejar que transiten, que sean limpias y transparentes, que es lo que deseamos todos, y no caigamos en el chantaje de que si \u201cme voy\u201d o \u201cme salgo\u201d. Es m\u00e1s importante pensar en M\u00e9xico, que en cualquier otra cosa en estos momentos\u201d.<\/p>\n<p><em><a href=\"mailto:rvizcaino@gmail.com\" target=\"_blank\">rvizcaino@gmail.com<\/a><\/em><\/p>\n","protected":false},"excerpt":{"rendered":"<p><span style=\"color: #005497;\"><strong>Roberto Vizca\u00edno<\/strong><\/span><\/p>\n","protected":false},"author":3,"featured_media":133864,"comment_status":"open","ping_status":"open","sticky":false,"template":"","format":"standard","meta":{"_monsterinsights_skip_tracking":false,"_monsterinsights_sitenote_active":false,"_monsterinsights_sitenote_note":"","_monsterinsights_sitenote_category":0,"footnotes":""},"categories":[136],"tags":[43674,91,211,362,93,94],"class_list":["post-133772","post","type-post","status-publish","format-standard","has-post-thumbnail","hentry","category-roberto-vizcaino-opinion","tag-opinion","tag-pan","tag-prd","tag-pri","tag-roberto-vizcaino","tag-tras-la-puerta-del-poder"],"_links":{"self":[{"href":"https:\/\/www.diarioimagen.net\/index.php?rest_route=\/wp\/v2\/posts\/133772","targetHints":{"allow":["GET"]}}],"collection":[{"href":"https:\/\/www.diarioimagen.net\/index.php?rest_route=\/wp\/v2\/posts"}],"about":[{"href":"https:\/\/www.diarioimagen.net\/index.php?rest_route=\/wp\/v2\/types\/post"}],"author":[{"embeddable":true,"href":"https:\/\/www.diarioimagen.net\/index.php?rest_route=\/wp\/v2\/users\/3"}],"replies":[{"embeddable":true,"href":"https:\/\/www.diarioimagen.net\/index.php?rest_route=%2Fwp%2Fv2%2Fcomments&post=133772"}],"version-history":[{"count":0,"href":"https:\/\/www.diarioimagen.net\/index.php?rest_route=\/wp\/v2\/posts\/133772\/revisions"}],"wp:featuredmedia":[{"embeddable":true,"href":"https:\/\/www.diarioimagen.net\/index.php?rest_route=\/wp\/v2\/media\/133864"}],"wp:attachment":[{"href":"https:\/\/www.diarioimagen.net\/index.php?rest_route=%2Fwp%2Fv2%2Fmedia&parent=133772"}],"wp:term":[{"taxonomy":"category","embeddable":true,"href":"https:\/\/www.diarioimagen.net\/index.php?rest_route=%2Fwp%2Fv2%2Fcategories&post=133772"},{"taxonomy":"post_tag","embeddable":true,"href":"https:\/\/www.diarioimagen.net\/index.php?rest_route=%2Fwp%2Fv2%2Ftags&post=133772"}],"curies":[{"name":"wp","href":"https:\/\/api.w.org\/{rel}","templated":true}]}}