{"id":133900,"date":"2013-05-31T00:04:42","date_gmt":"2013-05-31T05:04:42","guid":{"rendered":"http:\/\/www.diarioimagen.net\/?p=133900"},"modified":"2013-06-03T02:57:17","modified_gmt":"2013-06-03T07:57:17","slug":"angelica-rivera-y-eruviel-avila-entregan-220-casas-en-cuautitlan","status":"publish","type":"post","link":"https:\/\/www.diarioimagen.net\/?p=133900","title":{"rendered":"Ang\u00e9lica Rivera y Eruviel \u00c1vila entregan 220 casas en Cuautitl\u00e1n"},"content":{"rendered":"<ul>\n<li><strong><em>Los tres niveles de gobierno se coordinaron para tambi\u00e9n darlas a hijos de polic\u00edas que perdieron la vida en cumplimiento de su deber<\/em><\/strong><\/li>\n<\/ul>\n<div id=\"attachment_133993\" style=\"width: 250px\" class=\"wp-caption alignleft\"><a href=\"http:\/\/www.diarioimagen.net\/wp-content\/uploads\/2013\/05\/angelica-2110.jpg\"><img loading=\"lazy\" decoding=\"async\" aria-describedby=\"caption-attachment-133993\" class=\"size-medium wp-image-133993\" alt=\"La presidenta del Consejo Ciudadano Consultivo del DIF nacional, Ang\u00e9lica Rivera de Pe\u00f1a, y el gobernador Eruviel \u00c1vila Villegas, entregaron 220 viviendas a familias en condiciones de pobreza extrema, con ni\u00f1os que presentan alguna discapacidad, y de polic\u00edas ca\u00eddos en el cumplimiento de su deber, con las cuales se les brinda a estos mexiquenses un espacio digno donde formar sus hogares.\" src=\"http:\/\/www.diarioimagen.net\/wp-content\/uploads\/2013\/05\/angelica-2110-240x135.jpg\" width=\"240\" height=\"135\" srcset=\"https:\/\/www.diarioimagen.net\/wp-content\/uploads\/2013\/05\/angelica-2110-240x135.jpg 240w, https:\/\/www.diarioimagen.net\/wp-content\/uploads\/2013\/05\/angelica-2110-420x236.jpg 420w, https:\/\/www.diarioimagen.net\/wp-content\/uploads\/2013\/05\/angelica-2110-235x132.jpg 235w, https:\/\/www.diarioimagen.net\/wp-content\/uploads\/2013\/05\/angelica-2110-202x114.jpg 202w, https:\/\/www.diarioimagen.net\/wp-content\/uploads\/2013\/05\/angelica-2110-350x196.jpg 350w, https:\/\/www.diarioimagen.net\/wp-content\/uploads\/2013\/05\/angelica-2110-220x123.jpg 220w, https:\/\/www.diarioimagen.net\/wp-content\/uploads\/2013\/05\/angelica-2110-237x132.jpg 237w, https:\/\/www.diarioimagen.net\/wp-content\/uploads\/2013\/05\/angelica-2110.jpg 480w\" sizes=\"auto, (max-width: 240px) 100vw, 240px\" \/><\/a><p id=\"caption-attachment-133993\" class=\"wp-caption-text\">La presidenta del Consejo Ciudadano Consultivo del DIF nacional, Ang\u00e9lica Rivera de Pe\u00f1a, y el gobernador Eruviel \u00c1vila Villegas, entregaron 220 viviendas a familias en condiciones de pobreza extrema, con ni\u00f1os que presentan alguna discapacidad, y de polic\u00edas ca\u00eddos en el cumplimiento de su deber, con las cuales se les brinda a estos mexiquenses un espacio digno donde formar sus hogares.<\/p><\/div>\n<p><strong>Cuautitl\u00e1n, Estado de M\u00e9xico<\/strong>.- La presidenta del Consejo Ciudadano Consultivo del DIF nacional, Ang\u00e9lica Rivera de Pe\u00f1a, y el gobernador Eruviel \u00c1vila Villegas, entregaron 220 viviendas a familias en condiciones de pobreza extrema, con ni\u00f1os que presentan alguna discapacidad, y de polic\u00edas ca\u00eddos en el cumplimiento de su deber, con las cuales se les brinda a estos mexiquenses un espacio digno donde formar sus hogares.<\/p>\n<p>\u201cLa se\u00f1ora Ang\u00e9lica Rivera nos entrega estas viviendas, y yo quiero decirles que este logro es de todos los mexicanos, de todos los mexiquenses. Es un ejemplo de que si nos unimos, si cerramos filas, si todos hacen la parte y aportan lo que les corresponda, se pueden construir y escribir historias de \u00e9xito como las 220 historias de \u00e9xito que hoy se est\u00e1n consolidando\u201d, expres\u00f3 el gobernador.<\/p>\n<p>Eruviel \u00c1vila destac\u00f3 el impulso que la presidenta del Consejo Ciudadano Consultivo del DIF nacional dio a este proyecto, llevado a cabo en un predio recuperado en conjunto por el gobierno estatal y municipal, y para cuyo desarrollo se cont\u00f3 con la solidaridad de diversas fundaciones y personalidades.<\/p>\n<p>Las casas, ubicadas en el fraccionamiento Santa Elena, fueron construidas a trav\u00e9s del Fideicomiso Fondo Nacional de Habitaciones Populares (Fonhapo), con una inversi\u00f3n de 13 millones de pesos y 13 millones m\u00e1s por parte del gobierno del Estado de M\u00e9xico, adem\u00e1s de la contribuci\u00f3n del ayuntamiento con la nivelaci\u00f3n y limpieza del terreno y la participaci\u00f3n de las fundaciones Televisa, Nacional Monte de Piedad, Comex, Telet\u00f3n y Provivah, y diferentes personas, mientras que hubo una aportaci\u00f3n simb\u00f3lica de 10 mil pesos por cada una de las familias beneficiarias.<\/p>\n<p>Adicionalmente, el gobierno mexiquense destin\u00f3 m\u00e1s de 21 millones de pesos para la urbanizaci\u00f3n y el apoyo con los gastos de escrituraci\u00f3n.<\/p>\n<p>Ang\u00e9lica Rivera de Pe\u00f1a expres\u00f3 que comparte el sue\u00f1o de quienes trabajan por tener una casa que darle a sus hijos, que da la tranquilidad de contar con un patrimonio y sin la preocupaci\u00f3n de pagar una renta.<\/p>\n<p>\u201cS\u00e9 que ustedes mam\u00e1s, como mi mam\u00e1, como todas las que estamos aqu\u00ed, nos partimos en dos para formar un hogar, cuidar de sus hijos y salir a trabajar para sacarlos adelante. Por eso les digo que en el DIF vamos a estar muy cerca para apoyarlas; sabemos que tienen una tarea dif\u00edcil y quiero que sepan que las entiendo y que no est\u00e1n solas en la labor de trabajar y de educar a sus hijos\u201d, manifest\u00f3.<\/p>\n<p>El equipo del presidente Enrique Pe\u00f1a Nieto, agreg\u00f3, trabaja para que todos los mexicanos tengan una vivienda digna, pero sobre todo para logar un M\u00e9xico m\u00e1s pr\u00f3spero, de mayor desarrollo y que mejore la calidad de vida de las familias.<b><\/b><\/p>\n<p>&nbsp;<\/p>\n","protected":false},"excerpt":{"rendered":"<p>La presidenta del Consejo Ciudadano Consultivo del DIF nacional, Ang\u00e9lica Rivera de Pe\u00f1a, y el gobernador Eruviel \u00c1vila Villegas, entregaron 220 viviendas a familias en condiciones de pobreza extrema, con ni\u00f1os que presentan alguna discapacidad, y de polic\u00edas ca\u00eddos en el cumplimiento de su deber, con las cuales se les brinda a estos mexiquenses un espacio digno donde formar sus hogares.<\/p>\n","protected":false},"author":3,"featured_media":133993,"comment_status":"open","ping_status":"open","sticky":false,"template":"","format":"standard","meta":{"_monsterinsights_skip_tracking":false,"_monsterinsights_sitenote_active":false,"_monsterinsights_sitenote_note":"","_monsterinsights_sitenote_category":0,"footnotes":""},"categories":[17,5],"tags":[681,5828,43675],"class_list":["post-133900","post","type-post","status-publish","format-standard","has-post-thumbnail","hentry","category-especiales","category-estado-de-mexico","tag-cuautitlan","tag-eruviel-avila-villegas","tag-estado-de-mexico"],"_links":{"self":[{"href":"https:\/\/www.diarioimagen.net\/index.php?rest_route=\/wp\/v2\/posts\/133900","targetHints":{"allow":["GET"]}}],"collection":[{"href":"https:\/\/www.diarioimagen.net\/index.php?rest_route=\/wp\/v2\/posts"}],"about":[{"href":"https:\/\/www.diarioimagen.net\/index.php?rest_route=\/wp\/v2\/types\/post"}],"author":[{"embeddable":true,"href":"https:\/\/www.diarioimagen.net\/index.php?rest_route=\/wp\/v2\/users\/3"}],"replies":[{"embeddable":true,"href":"https:\/\/www.diarioimagen.net\/index.php?rest_route=%2Fwp%2Fv2%2Fcomments&post=133900"}],"version-history":[{"count":0,"href":"https:\/\/www.diarioimagen.net\/index.php?rest_route=\/wp\/v2\/posts\/133900\/revisions"}],"wp:featuredmedia":[{"embeddable":true,"href":"https:\/\/www.diarioimagen.net\/index.php?rest_route=\/wp\/v2\/media\/133993"}],"wp:attachment":[{"href":"https:\/\/www.diarioimagen.net\/index.php?rest_route=%2Fwp%2Fv2%2Fmedia&parent=133900"}],"wp:term":[{"taxonomy":"category","embeddable":true,"href":"https:\/\/www.diarioimagen.net\/index.php?rest_route=%2Fwp%2Fv2%2Fcategories&post=133900"},{"taxonomy":"post_tag","embeddable":true,"href":"https:\/\/www.diarioimagen.net\/index.php?rest_route=%2Fwp%2Fv2%2Ftags&post=133900"}],"curies":[{"name":"wp","href":"https:\/\/api.w.org\/{rel}","templated":true}]}}