{"id":133972,"date":"2013-05-31T00:07:26","date_gmt":"2013-05-31T05:07:26","guid":{"rendered":"http:\/\/www.diarioimagen.net\/?p=133972"},"modified":"2013-05-31T04:05:11","modified_gmt":"2013-05-31T09:05:11","slug":"ruiz-esparza-pide-a-cofetel-suspender-apagon-analogico","status":"publish","type":"post","link":"https:\/\/www.diarioimagen.net\/?p=133972","title":{"rendered":"Ruiz Esparza pide a Cofetel suspender apag\u00f3n anal\u00f3gico"},"content":{"rendered":"<ul>\n<li><strong><em>Mony de Swan, presidente del organismo, dice que el pleno de la Comisi\u00f3n Federal de Telecomunicaciones lo analizar\u00e1 y decidir\u00e1<\/em><\/strong><\/li>\n<\/ul>\n<div id=\"attachment_134017\" style=\"width: 250px\" class=\"wp-caption alignleft\"><a href=\"http:\/\/www.diarioimagen.net\/wp-content\/uploads\/2013\/05\/RUIZ-2110.jpg\"><img loading=\"lazy\" decoding=\"async\" aria-describedby=\"caption-attachment-134017\" class=\"size-medium wp-image-134017\" alt=\"El secretario de Comunicaciones y Transportes demand\u00f3 de la Cofetel la suspensi\u00f3n inmediata del proceso de cambio anal\u00f3gico por digital en Tijuana.\" src=\"http:\/\/www.diarioimagen.net\/wp-content\/uploads\/2013\/05\/RUIZ-2110-240x135.jpg\" width=\"240\" height=\"135\" srcset=\"https:\/\/www.diarioimagen.net\/wp-content\/uploads\/2013\/05\/RUIZ-2110-240x135.jpg 240w, https:\/\/www.diarioimagen.net\/wp-content\/uploads\/2013\/05\/RUIZ-2110-420x236.jpg 420w, https:\/\/www.diarioimagen.net\/wp-content\/uploads\/2013\/05\/RUIZ-2110-235x132.jpg 235w, https:\/\/www.diarioimagen.net\/wp-content\/uploads\/2013\/05\/RUIZ-2110-202x114.jpg 202w, https:\/\/www.diarioimagen.net\/wp-content\/uploads\/2013\/05\/RUIZ-2110-350x196.jpg 350w, https:\/\/www.diarioimagen.net\/wp-content\/uploads\/2013\/05\/RUIZ-2110-220x123.jpg 220w, https:\/\/www.diarioimagen.net\/wp-content\/uploads\/2013\/05\/RUIZ-2110-237x132.jpg 237w, https:\/\/www.diarioimagen.net\/wp-content\/uploads\/2013\/05\/RUIZ-2110.jpg 480w\" sizes=\"auto, (max-width: 240px) 100vw, 240px\" \/><\/a><p id=\"caption-attachment-134017\" class=\"wp-caption-text\">El secretario de Comunicaciones y Transportes demand\u00f3 de la Cofetel la suspensi\u00f3n inmediata del proceso de cambio anal\u00f3gico por digital en Tijuana.<\/p><\/div>\n<p><strong>Tijuana, Baja California<\/strong>.- El titular de la Secretar\u00eda de Comunicaciones y Transportes (SCT), Gerardo Ruiz Esparza, dio a conocer ayer\u00a0 que solicit\u00f3 a la Cofetel suspender el apag\u00f3n anal\u00f3gico hasta fecha posterior a la jornada electoral el 7 de julio.<\/p>\n<p>El funcionario federal estuvo en esta frontera por instrucciones del Ejecutivo federal para abrir una ventanilla, con el fin de atender a todas aquellas personas que no pudieron acceder a un decodificador para que les llegue la se\u00f1al digital.<\/p>\n<p>Ruiz Esparza indic\u00f3 que los tijuanenses que carecen de un decodificador, podr\u00e1n acudir a las instalaciones de la SCT en esta frontera, donde les ser\u00e1 proporcionado este aparato.<\/p>\n<p>Al respecto, el presidente de la Comisi\u00f3n Federal de Telecomunicaciones (Cofetel), Mony de Swaan, inform\u00f3 que se recibi\u00f3 el oficio de la SCT sobre la solicitud de suspender de manera temporal el apag\u00f3n anal\u00f3gico en Tijuana, y que ahora toca al pleno analizar y decidir.<\/p>\n<p>En su cuenta de Twitter, el funcionario refiere que los lineamiento del organismo regulador obligan a convocar 24 horas antes para sesionar, lo cual podr\u00eda ocurrir este viernes.<\/p>\n<p>Por otra parte, en entrevista radiof\u00f3nica, De Swan afirm\u00f3 que s\u00f3lo 6.0 por ciento de la poblaci\u00f3n en Tijuana se qued\u00f3 sin decodificador y llam\u00f3 a quienes consideran que el apag\u00f3n anal\u00f3gico fue un fracaso, a poner las pruebas \u201csobre la mesa\u201d.<\/p>\n<p>Asegur\u00f3 que el organismo a su cargo realiz\u00f3 su trabajo, con la presentaci\u00f3n de c\u00e9dulas, consultas y estudios necesarios para la aplicaci\u00f3n de esta medida.<\/p>\n<p>Sostuvo que el apag\u00f3n anal\u00f3gico s\u00f3lo deber\u00eda ser suspendido si existe evidencia suficiente de un fracaso o de afectaciones mayores. En ese sentido, precis\u00f3 que de 14 mil 324 hogares de Tijuana, Baja California, aproximadamente 6.0 por ciento se qued\u00f3 sin un decodificador para transitar a la televisi\u00f3n digital.<\/p>\n<p>El 28 de mayo, la fronteriza ciudad de Tijuana fue la primera en M\u00e9xico y en Am\u00e9rica Latina en realizar el \u201capag\u00f3n anal\u00f3gico\u201d de la televisi\u00f3n abierta, para dar paso a la tecnolog\u00eda digital, que ofrece m\u00faltiples beneficios no s\u00f3lo para el televidente, sino tambi\u00e9n para el gobierno y el mercado.<\/p>\n<p>En M\u00e9xico, la televisi\u00f3n abierta tiene una penetraci\u00f3n de casi ciento por ciento y es uno de los principales referentes informativos y de entretenimiento en los hogares, en donde se dedican alrededor de 4.45 horas en promedio al d\u00eda.<\/p>\n<p>&nbsp;<\/p>\n","protected":false},"excerpt":{"rendered":"<p>El titular de la Secretar\u00eda de Comunicaciones y Transportes (SCT), Gerardo Ruiz Esparza, dio a conocer ayer  que solicit\u00f3 a la Cofetel suspender el apag\u00f3n anal\u00f3gico hasta fecha posterior a la jornada electoral el 7 de julio.<\/p>\n","protected":false},"author":3,"featured_media":134017,"comment_status":"open","ping_status":"open","sticky":false,"template":"","format":"standard","meta":{"_monsterinsights_skip_tracking":false,"_monsterinsights_sitenote_active":false,"_monsterinsights_sitenote_note":"","_monsterinsights_sitenote_category":0,"footnotes":""},"categories":[3],"tags":[20835,36,345,1669,3282],"class_list":["post-133972","post","type-post","status-publish","format-standard","has-post-thumbnail","hentry","category-nacional","tag-apagon-analogico","tag-baja-california","tag-cofetel","tag-secretaria-de-comunicaciones-y-transportes","tag-tijuana"],"_links":{"self":[{"href":"https:\/\/www.diarioimagen.net\/index.php?rest_route=\/wp\/v2\/posts\/133972","targetHints":{"allow":["GET"]}}],"collection":[{"href":"https:\/\/www.diarioimagen.net\/index.php?rest_route=\/wp\/v2\/posts"}],"about":[{"href":"https:\/\/www.diarioimagen.net\/index.php?rest_route=\/wp\/v2\/types\/post"}],"author":[{"embeddable":true,"href":"https:\/\/www.diarioimagen.net\/index.php?rest_route=\/wp\/v2\/users\/3"}],"replies":[{"embeddable":true,"href":"https:\/\/www.diarioimagen.net\/index.php?rest_route=%2Fwp%2Fv2%2Fcomments&post=133972"}],"version-history":[{"count":0,"href":"https:\/\/www.diarioimagen.net\/index.php?rest_route=\/wp\/v2\/posts\/133972\/revisions"}],"wp:featuredmedia":[{"embeddable":true,"href":"https:\/\/www.diarioimagen.net\/index.php?rest_route=\/wp\/v2\/media\/134017"}],"wp:attachment":[{"href":"https:\/\/www.diarioimagen.net\/index.php?rest_route=%2Fwp%2Fv2%2Fmedia&parent=133972"}],"wp:term":[{"taxonomy":"category","embeddable":true,"href":"https:\/\/www.diarioimagen.net\/index.php?rest_route=%2Fwp%2Fv2%2Fcategories&post=133972"},{"taxonomy":"post_tag","embeddable":true,"href":"https:\/\/www.diarioimagen.net\/index.php?rest_route=%2Fwp%2Fv2%2Ftags&post=133972"}],"curies":[{"name":"wp","href":"https:\/\/api.w.org\/{rel}","templated":true}]}}