{"id":133974,"date":"2013-05-31T00:06:57","date_gmt":"2013-05-31T05:06:57","guid":{"rendered":"http:\/\/www.diarioimagen.net\/?p=133974"},"modified":"2013-05-31T04:03:33","modified_gmt":"2013-05-31T09:03:33","slug":"prd-debera-pagar-las-deudas-por-el-planton-en-reforma","status":"publish","type":"post","link":"https:\/\/www.diarioimagen.net\/?p=133974","title":{"rendered":"PRD deber\u00e1 pagar las deudas por el plant\u00f3n en Reforma"},"content":{"rendered":"<ul>\n<li><strong><em>La Corte orden\u00f3 al IFE no entregarle 25 millones 234 mil 634 pesos para garantizar el pago de facturas<\/em><\/strong><\/li>\n<\/ul>\n<div id=\"attachment_134013\" style=\"width: 250px\" class=\"wp-caption alignleft\"><a href=\"http:\/\/www.diarioimagen.net\/wp-content\/uploads\/2013\/05\/Planton-2110.jpg\"><img loading=\"lazy\" decoding=\"async\" aria-describedby=\"caption-attachment-134013\" class=\"size-medium wp-image-134013\" alt=\"La Suprema Corte de Justicia de la Naci\u00f3n orden\u00f3 al IFE cobrar la factura al PRD por el bloqueo a Reforma por parte de Andr\u00e9s Manuel L\u00f3pez Obrador.\" src=\"http:\/\/www.diarioimagen.net\/wp-content\/uploads\/2013\/05\/Planton-2110-240x135.jpg\" width=\"240\" height=\"135\" srcset=\"https:\/\/www.diarioimagen.net\/wp-content\/uploads\/2013\/05\/Planton-2110-240x135.jpg 240w, https:\/\/www.diarioimagen.net\/wp-content\/uploads\/2013\/05\/Planton-2110-420x236.jpg 420w, https:\/\/www.diarioimagen.net\/wp-content\/uploads\/2013\/05\/Planton-2110-235x132.jpg 235w, https:\/\/www.diarioimagen.net\/wp-content\/uploads\/2013\/05\/Planton-2110-202x114.jpg 202w, https:\/\/www.diarioimagen.net\/wp-content\/uploads\/2013\/05\/Planton-2110-350x196.jpg 350w, https:\/\/www.diarioimagen.net\/wp-content\/uploads\/2013\/05\/Planton-2110-220x123.jpg 220w, https:\/\/www.diarioimagen.net\/wp-content\/uploads\/2013\/05\/Planton-2110-237x132.jpg 237w, https:\/\/www.diarioimagen.net\/wp-content\/uploads\/2013\/05\/Planton-2110.jpg 480w\" sizes=\"auto, (max-width: 240px) 100vw, 240px\" \/><\/a><p id=\"caption-attachment-134013\" class=\"wp-caption-text\">La Suprema Corte de Justicia de la Naci\u00f3n orden\u00f3 al IFE cobrar la factura al PRD por el bloqueo a Reforma por parte de Andr\u00e9s Manuel L\u00f3pez Obrador.<\/p><\/div>\n<p>La decisi\u00f3n de la Suprema Corte de Justicia de la Naci\u00f3n (SCJN) de ordenar al Instituto Federal Electoral (IFE) retener\u00a0 25 millones 134 mil 634 pesos para cubrir el pago de diversas facturas y servicios generados durante el plant\u00f3n sobre Paseo de la Reforma despu\u00e9s del proceso electoral de 2006, fue calificada ayer por dirigente del Partido de la Revoluci\u00f3n Democr\u00e1tica (PRD) como \u201cinjusta y fuera de la realidad\u201d.<\/p>\n<p>Alejandro S\u00e1nchez Camacho, secretario general del PRD, consider\u00f3 sospechoso que la resoluci\u00f3n se d\u00e9 a poco m\u00e1s de un mes de las elecciones en 14 estados del pa\u00eds.<\/p>\n<p>Dijo que afecta econ\u00f3micamente al partido y dista mucho de estar apegada a derecho.<\/p>\n<p>Advirti\u00f3 que al PRD \u201cno nos van a doblar pol\u00edtica y electoralmente\u201d y que se buscar\u00e1 ante el IFE que la retenci\u00f3n del dinero no se realice de manera inmediata sino hasta pasadas las elecciones en 14 estados del pa\u00eds.<\/p>\n<p>Luego de que la Corte determin\u00f3 que el financiamiento p\u00fablico que reciben los partidos pol\u00edticos es embargable, el dirigente perredista dijo que es sospechoso que a poco m\u00e1s de un mes de las elecciones en 14 estados del pa\u00eds, \u201csalga con esta resoluci\u00f3n que afecta econ\u00f3micamente al partido y que dista mucho de estar apegada a derecho\u201d.<\/p>\n<p>Por su parte, Jes\u00fas Zambrano, presidente nacional del PRD, admiti\u00f3 que Andr\u00e9s Manuel L\u00f3pez Obrador no tiene personalidad jur\u00eddica para ser imputado por el caso de la deuda de m\u00e1s de 25 millones de pesos con una empresa que otorg\u00f3 servicios en el plant\u00f3n sobre Paseo de la Reforma en 2006, por lo que \u201cno va a ser tocado ni con el p\u00e9talo de una flor de los pantanos del sureste\u201d.<\/p>\n<p>En el conflicto poselectoral, L\u00f3pez Obrador convoc\u00f3 a un plant\u00f3n sobre Paseo de la Reforma en protesta por el resultado de la elecci\u00f3n presidencial, y desde ese entonces el partido consider\u00f3 excesivo el cobro de 25 millones de pesos en la contrataci\u00f3n de sonido y carpas, entre otros servicios.<\/p>\n<p>Zambrano explic\u00f3 que a\u00fan conf\u00edan en que no sean embargados los recursos del partido.<\/p>\n<p>\u201cTodav\u00eda falta un proceso de engrose de que el Tribunal Superior de Justicia del DF emita una nueva resoluci\u00f3n, por una parte, y que de ah\u00ed la env\u00ede al IFE para ver la manera en que se tuviere que pagar esa cantidad m\u00e1s los intereses legales\u201d, explic\u00f3 Zambrano. <b><\/b><\/p>\n<p>&nbsp;<\/p>\n","protected":false},"excerpt":{"rendered":"<p>La decisi\u00f3n de la Suprema Corte de Justicia de la Naci\u00f3n (SCJN) de ordenar al Instituto Federal Electoral (IFE) retener  25 millones 134 mil 634 pesos para cubrir el pago de diversas facturas y servicios generados durante el plant\u00f3n sobre Paseo de la Reforma despu\u00e9s del proceso electoral de 2006, fue calificada ayer por dirigente del Partido de la Revoluci\u00f3n Democr\u00e1tica (PRD) como \u201cinjusta y fuera de la realidad\u201d.<\/p>\n","protected":false},"author":3,"featured_media":134013,"comment_status":"open","ping_status":"open","sticky":false,"template":"","format":"standard","meta":{"_monsterinsights_skip_tracking":false,"_monsterinsights_sitenote_active":false,"_monsterinsights_sitenote_note":"","_monsterinsights_sitenote_category":0,"footnotes":""},"categories":[3],"tags":[1843,211,1246,1584],"class_list":["post-133974","post","type-post","status-publish","format-standard","has-post-thumbnail","hentry","category-nacional","tag-ife","tag-prd","tag-reforma","tag-suprema-corte-de-justicia-de-la-nacion"],"_links":{"self":[{"href":"https:\/\/www.diarioimagen.net\/index.php?rest_route=\/wp\/v2\/posts\/133974","targetHints":{"allow":["GET"]}}],"collection":[{"href":"https:\/\/www.diarioimagen.net\/index.php?rest_route=\/wp\/v2\/posts"}],"about":[{"href":"https:\/\/www.diarioimagen.net\/index.php?rest_route=\/wp\/v2\/types\/post"}],"author":[{"embeddable":true,"href":"https:\/\/www.diarioimagen.net\/index.php?rest_route=\/wp\/v2\/users\/3"}],"replies":[{"embeddable":true,"href":"https:\/\/www.diarioimagen.net\/index.php?rest_route=%2Fwp%2Fv2%2Fcomments&post=133974"}],"version-history":[{"count":0,"href":"https:\/\/www.diarioimagen.net\/index.php?rest_route=\/wp\/v2\/posts\/133974\/revisions"}],"wp:featuredmedia":[{"embeddable":true,"href":"https:\/\/www.diarioimagen.net\/index.php?rest_route=\/wp\/v2\/media\/134013"}],"wp:attachment":[{"href":"https:\/\/www.diarioimagen.net\/index.php?rest_route=%2Fwp%2Fv2%2Fmedia&parent=133974"}],"wp:term":[{"taxonomy":"category","embeddable":true,"href":"https:\/\/www.diarioimagen.net\/index.php?rest_route=%2Fwp%2Fv2%2Fcategories&post=133974"},{"taxonomy":"post_tag","embeddable":true,"href":"https:\/\/www.diarioimagen.net\/index.php?rest_route=%2Fwp%2Fv2%2Ftags&post=133974"}],"curies":[{"name":"wp","href":"https:\/\/api.w.org\/{rel}","templated":true}]}}