{"id":134063,"date":"2013-06-01T00:05:54","date_gmt":"2013-06-01T05:05:54","guid":{"rendered":"http:\/\/www.diarioimagen.net\/?p=134063"},"modified":"2013-06-03T02:57:41","modified_gmt":"2013-06-03T07:57:41","slug":"se-ha-fortalecido-y-estrechado-la-relacion-entre-mexico-y-guatemala","status":"publish","type":"post","link":"https:\/\/www.diarioimagen.net\/?p=134063","title":{"rendered":"Se ha fortalecido y estrechado la relaci\u00f3n entre M\u00e9xico y Guatemala"},"content":{"rendered":"<div id=\"attachment_134064\" style=\"width: 250px\" class=\"wp-caption alignleft\"><a href=\"http:\/\/www.diarioimagen.net\/wp-content\/uploads\/2013\/06\/epn-01062013.jpg\"><img loading=\"lazy\" decoding=\"async\" aria-describedby=\"caption-attachment-134064\" class=\"size-medium wp-image-134064\" alt=\"El presidente de M\u00e9xico, Enrique Pe\u00f1a Nieto, con su hom\u00f3logo guatemalteco, Otto P\u00e9rez Molina.\" src=\"http:\/\/www.diarioimagen.net\/wp-content\/uploads\/2013\/06\/epn-01062013-240x135.jpg\" width=\"240\" height=\"135\" srcset=\"https:\/\/www.diarioimagen.net\/wp-content\/uploads\/2013\/06\/epn-01062013-240x135.jpg 240w, https:\/\/www.diarioimagen.net\/wp-content\/uploads\/2013\/06\/epn-01062013-420x236.jpg 420w, https:\/\/www.diarioimagen.net\/wp-content\/uploads\/2013\/06\/epn-01062013-235x132.jpg 235w, https:\/\/www.diarioimagen.net\/wp-content\/uploads\/2013\/06\/epn-01062013-202x114.jpg 202w, https:\/\/www.diarioimagen.net\/wp-content\/uploads\/2013\/06\/epn-01062013-350x196.jpg 350w, https:\/\/www.diarioimagen.net\/wp-content\/uploads\/2013\/06\/epn-01062013-220x123.jpg 220w, https:\/\/www.diarioimagen.net\/wp-content\/uploads\/2013\/06\/epn-01062013-237x132.jpg 237w, https:\/\/www.diarioimagen.net\/wp-content\/uploads\/2013\/06\/epn-01062013.jpg 480w\" sizes=\"auto, (max-width: 240px) 100vw, 240px\" \/><\/a><p id=\"caption-attachment-134064\" class=\"wp-caption-text\">El presidente de M\u00e9xico, Enrique Pe\u00f1a Nieto, con su hom\u00f3logo guatemalteco, Otto P\u00e9rez Molina.<\/p><\/div>\n<p>Luego de un encuentro bilateral con su hom\u00f3logo de Guatemala, Otto P\u00e9rez Molina, el presidente Enrique Pe\u00f1a Nieto afirm\u00f3 que la relaci\u00f3n entre ambas naciones se ha fortalecido y estrechado en lo que va de su administraci\u00f3n.<\/p>\n<p>Ese, dijo, fue el principal prop\u00f3sito del encuentro que sostuvo con el mandatario centroamericano; es decir, ensanchar y estrechar a\u00fan m\u00e1s la relaci\u00f3n entre M\u00e9xico y Guatemala.<\/p>\n<p>En un mensaje a los medios de comunicaci\u00f3n, ofrecido conjuntamente con el mandatario guatemalteco, el presidente Pe\u00f1a Nieto inform\u00f3 lo siguiente:<\/p>\n<p>\u201cLo que hemos acordado con el presidente Otto P\u00e9rez Molina es lograr que la cooperaci\u00f3n entre ambos gobiernos, realmente redunde en acciones concretas y espec\u00edficas\u201d, expres\u00f3.<\/p>\n<p>Explic\u00f3 que aun cuando la agenda bilateral es diversa en temas, se trata de que \u201cvayamos atendiendo de manera muy eficaz cada uno de ellos con el prop\u00f3sito de que demos los resultados deseados, que esta cooperaci\u00f3n tenga frutos, tenga resultados, tenga beneficios en favor de nuestros pueblos\u201d.<\/p>\n<p>El Primer Mandatario mexicano indic\u00f3 que los principales temas de trabajo abordados en la mesa de trabajo durante la reuni\u00f3n con el presidente de Guatemala, Otto P\u00e9rez Molina, fueron los siguientes:<\/p>\n<p>Respecto a la infraestructura aduanal y facilitaci\u00f3n de los cruces fronterizos, se acord\u00f3 que a trav\u00e9s de una mesa de trabajo, se van a dedicar recursos para la modernizaci\u00f3n de los cruces fronterizos en El Ceibo, el cruce entre Ciudad Hidalgo y Ciudad de Tec\u00fan Um\u00e1n, en lo que es conocido como El Suchiate II, y que se va a trabajar tambi\u00e9n en el dise\u00f1o para, eventualmente, construir un nuevo puente paralelo al que actualmente existe, y que ya da muestras evidentes de saturaci\u00f3n.<\/p>\n<p>En materia de migraci\u00f3n se\u00f1al\u00f3 que se acord\u00f3 intensificar la cooperaci\u00f3n para fortalecer el respeto a los derechos humanos, \u201cy de manera muy se\u00f1alada el de mujeres y ni\u00f1os que en varias ocasiones quedan en el desamparo y cruzan nuestras fronteras y a veces son v\u00edctimas del maltrato. Por ello, hemos acordado establecer dentro de esta cooperaci\u00f3n y colaboraci\u00f3n mayores esfuerzos para evitar, precisamente, que se den estas condiciones y se d\u00e9 un mayor respeto, un respeto irrestricto a los derechos humanos de los migrantes\u201d.<\/p>\n<p>Destac\u00f3 que en materia energ\u00e9tica se acord\u00f3 negociar un tratado para los yacimientos transfronterizos, teniendo como referencia el que M\u00e9xico ha suscrito con los Estados Unidos.<\/p>\n<p>En el tema de desarrollo social, el presidente Pe\u00f1a Nieto refiri\u00f3 que a partir de la coincidencia que ambos Gobiernos tienen para combatir el hambre en nuestros pa\u00edses, \u201chemos acordado tener visitas rec\u00edprocas para que se conozca ampliamente las acciones que los dos Gobiernos estamos emprendiendo en alcance de este objetivo\u201d.<\/p>\n<p>Con este mismo prop\u00f3sito mencion\u00f3 que se acord\u00f3 la creaci\u00f3n de un Grupo de Trabajo Binacional, cuya tarea y misi\u00f3n consistir\u00e1 en encontrar mecanismos complementarios y de cooperaci\u00f3n que, de manera conjunta, permitan atender este mismo objetivo, este mismo prop\u00f3sito, acabar con el hambre, especialmente, en las zonas o en los municipios de la regi\u00f3n de nuestras fronteras, indic\u00f3.<\/p>\n<p>Finalmente, el presidente Pe\u00f1a Nieto, inform\u00f3 que en el tema de seguridad se pact\u00f3 tener una reuni\u00f3n del Grupo de Alto Nivel que ya viene trabajando. El encuentro tendr\u00e1 lugar el 10 y 11 de junio en la ciudad de Guatemala.<\/p>\n<p>En el tema ambiental, anunci\u00f3 que se fortalecer\u00e1 la cooperaci\u00f3n para proteger la biodiversidad y los r\u00edos de nuestra frontera\u201d, finaliz\u00f3.<\/p>\n","protected":false},"excerpt":{"rendered":"<p>Luego de un encuentro bilateral con su hom\u00f3logo de Guatemala, Otto P\u00e9rez Molina, el presidente Enrique Pe\u00f1a Nieto afirm\u00f3 que la relaci\u00f3n entre ambas naciones se ha fortalecido y estrechado en lo que va de su administraci\u00f3n.<\/p>\n","protected":false},"author":1,"featured_media":134064,"comment_status":"open","ping_status":"open","sticky":false,"template":"","format":"standard","meta":{"_monsterinsights_skip_tracking":false,"_monsterinsights_sitenote_active":false,"_monsterinsights_sitenote_note":"","_monsterinsights_sitenote_category":0,"footnotes":""},"categories":[17],"tags":[18,5075,44,24764],"class_list":["post-134063","post","type-post","status-publish","format-standard","has-post-thumbnail","hentry","category-especiales","tag-enrique-pena-nieto","tag-guatemala","tag-mexico","tag-otto-perez-molina"],"_links":{"self":[{"href":"https:\/\/www.diarioimagen.net\/index.php?rest_route=\/wp\/v2\/posts\/134063","targetHints":{"allow":["GET"]}}],"collection":[{"href":"https:\/\/www.diarioimagen.net\/index.php?rest_route=\/wp\/v2\/posts"}],"about":[{"href":"https:\/\/www.diarioimagen.net\/index.php?rest_route=\/wp\/v2\/types\/post"}],"author":[{"embeddable":true,"href":"https:\/\/www.diarioimagen.net\/index.php?rest_route=\/wp\/v2\/users\/1"}],"replies":[{"embeddable":true,"href":"https:\/\/www.diarioimagen.net\/index.php?rest_route=%2Fwp%2Fv2%2Fcomments&post=134063"}],"version-history":[{"count":0,"href":"https:\/\/www.diarioimagen.net\/index.php?rest_route=\/wp\/v2\/posts\/134063\/revisions"}],"wp:featuredmedia":[{"embeddable":true,"href":"https:\/\/www.diarioimagen.net\/index.php?rest_route=\/wp\/v2\/media\/134064"}],"wp:attachment":[{"href":"https:\/\/www.diarioimagen.net\/index.php?rest_route=%2Fwp%2Fv2%2Fmedia&parent=134063"}],"wp:term":[{"taxonomy":"category","embeddable":true,"href":"https:\/\/www.diarioimagen.net\/index.php?rest_route=%2Fwp%2Fv2%2Fcategories&post=134063"},{"taxonomy":"post_tag","embeddable":true,"href":"https:\/\/www.diarioimagen.net\/index.php?rest_route=%2Fwp%2Fv2%2Ftags&post=134063"}],"curies":[{"name":"wp","href":"https:\/\/api.w.org\/{rel}","templated":true}]}}