{"id":134066,"date":"2013-06-01T00:04:46","date_gmt":"2013-06-01T05:04:46","guid":{"rendered":"http:\/\/www.diarioimagen.net\/?p=134066"},"modified":"2013-06-03T02:57:36","modified_gmt":"2013-06-03T07:57:36","slug":"dia-de-la-marina-nacional","status":"publish","type":"post","link":"https:\/\/www.diarioimagen.net\/?p=134066","title":{"rendered":"D\u00eda de la Marina Nacional"},"content":{"rendered":"<p><a href=\"http:\/\/www.diarioimagen.net\/wp-content\/uploads\/2013\/06\/marina-01062013.jpg\"><img loading=\"lazy\" decoding=\"async\" class=\"alignleft size-medium wp-image-134069\" style=\"margin-right: 9px; margin-bottom: 9px;\" alt=\"marina-01062013\" src=\"http:\/\/www.diarioimagen.net\/wp-content\/uploads\/2013\/06\/marina-01062013-240x135.jpg\" width=\"240\" height=\"135\" srcset=\"https:\/\/www.diarioimagen.net\/wp-content\/uploads\/2013\/06\/marina-01062013-240x135.jpg 240w, https:\/\/www.diarioimagen.net\/wp-content\/uploads\/2013\/06\/marina-01062013-420x236.jpg 420w, https:\/\/www.diarioimagen.net\/wp-content\/uploads\/2013\/06\/marina-01062013-235x132.jpg 235w, https:\/\/www.diarioimagen.net\/wp-content\/uploads\/2013\/06\/marina-01062013-202x114.jpg 202w, https:\/\/www.diarioimagen.net\/wp-content\/uploads\/2013\/06\/marina-01062013-350x196.jpg 350w, https:\/\/www.diarioimagen.net\/wp-content\/uploads\/2013\/06\/marina-01062013-220x123.jpg 220w, https:\/\/www.diarioimagen.net\/wp-content\/uploads\/2013\/06\/marina-01062013-237x132.jpg 237w, https:\/\/www.diarioimagen.net\/wp-content\/uploads\/2013\/06\/marina-01062013.jpg 480w\" sizes=\"auto, (max-width: 240px) 100vw, 240px\" \/><\/a>El 1 de junio se celebra el <b>D\u00eda de la Marina<\/b>. La <b>Armada de M\u00e9xico<\/b> es salvaguarda de nuestros mares patrimoniales.<\/p>\n<p>Al triunfo de la Revoluci\u00f3n Mexicana se elev\u00f3 a rango constitucional, en el Art\u00edculo 32 de la Carta Magna que: \u201c\u2026 <b>para pertenecer a la<\/b> <b>Marina Nacional de Guerra<\/b> y para desempe\u00f1ar cualquier otro cargo o comisi\u00f3n en ella, <b>se requiere ser mexicano por nacimiento<\/b>. Esa misma calidad ser\u00e1 indispensable para ser Capit\u00e1n, Piloto, Patr\u00f3n y primer maquinista de los buques mercantes mexicanos, debiendo tenerla adem\u00e1s, los que compongan las dos terceras partes de su tripulaci\u00f3n\u201d.<\/p>\n<p>Las <b>Capitan\u00edas de Puerto<\/b> ten\u00edan \u00f3rdenes de evitar el embarque de los nav\u00edos que no cumplieran con esa ley, a partir de entonces las tripulaciones se constituyeron \u00fanicamente por mexicanos de nacimiento.<\/p>\n<p>Como reconocimiento a su hist\u00f3rica labor el 11 de abril de 1942 el <b>presidente de la Rep\u00fablica, General Manuel Avila Camacho <\/b>decret\u00f3 que se festejara el 1\u00ba de junio de cada a\u00f1o como D\u00eda de la Marina Nacional, debi\u00e9ndose izar a toda asta el <b>L\u00e1baro Patrio<\/b> como parte de dicha celebraci\u00f3n.<\/p>\n","protected":false},"excerpt":{"rendered":"<p>El 1 de junio se celebra el D\u00eda de la Marina. La Armada de M\u00e9xico es salvaguarda de nuestros mares patrimoniales.<\/p>\n","protected":false},"author":1,"featured_media":134069,"comment_status":"open","ping_status":"open","sticky":false,"template":"","format":"standard","meta":{"_monsterinsights_skip_tracking":false,"_monsterinsights_sitenote_active":false,"_monsterinsights_sitenote_note":"","_monsterinsights_sitenote_category":0,"footnotes":""},"categories":[17],"tags":[6532,44],"class_list":["post-134066","post","type-post","status-publish","format-standard","has-post-thumbnail","hentry","category-especiales","tag-armada-de-mexico","tag-mexico"],"_links":{"self":[{"href":"https:\/\/www.diarioimagen.net\/index.php?rest_route=\/wp\/v2\/posts\/134066","targetHints":{"allow":["GET"]}}],"collection":[{"href":"https:\/\/www.diarioimagen.net\/index.php?rest_route=\/wp\/v2\/posts"}],"about":[{"href":"https:\/\/www.diarioimagen.net\/index.php?rest_route=\/wp\/v2\/types\/post"}],"author":[{"embeddable":true,"href":"https:\/\/www.diarioimagen.net\/index.php?rest_route=\/wp\/v2\/users\/1"}],"replies":[{"embeddable":true,"href":"https:\/\/www.diarioimagen.net\/index.php?rest_route=%2Fwp%2Fv2%2Fcomments&post=134066"}],"version-history":[{"count":0,"href":"https:\/\/www.diarioimagen.net\/index.php?rest_route=\/wp\/v2\/posts\/134066\/revisions"}],"wp:featuredmedia":[{"embeddable":true,"href":"https:\/\/www.diarioimagen.net\/index.php?rest_route=\/wp\/v2\/media\/134069"}],"wp:attachment":[{"href":"https:\/\/www.diarioimagen.net\/index.php?rest_route=%2Fwp%2Fv2%2Fmedia&parent=134066"}],"wp:term":[{"taxonomy":"category","embeddable":true,"href":"https:\/\/www.diarioimagen.net\/index.php?rest_route=%2Fwp%2Fv2%2Fcategories&post=134066"},{"taxonomy":"post_tag","embeddable":true,"href":"https:\/\/www.diarioimagen.net\/index.php?rest_route=%2Fwp%2Fv2%2Ftags&post=134066"}],"curies":[{"name":"wp","href":"https:\/\/api.w.org\/{rel}","templated":true}]}}