{"id":134072,"date":"2013-06-01T00:03:13","date_gmt":"2013-06-01T05:03:13","guid":{"rendered":"http:\/\/www.diarioimagen.net\/?p=134072"},"modified":"2013-06-03T02:57:29","modified_gmt":"2013-06-03T07:57:29","slug":"crear-oportunidades-para-que-profesionistas-agricolas-tengan-empleo-digno-y-bien-remunerado-eruviel-avila","status":"publish","type":"post","link":"https:\/\/www.diarioimagen.net\/?p=134072","title":{"rendered":"Crear oportunidades para que profesionistas agr\u00edcolas tengan empleo digno y bien remunerado: Eruviel \u00c1vila"},"content":{"rendered":"<div id=\"attachment_134075\" style=\"width: 250px\" class=\"wp-caption alignleft\"><a href=\"http:\/\/www.diarioimagen.net\/wp-content\/uploads\/2013\/06\/eruviel-01062013.jpg\"><img loading=\"lazy\" decoding=\"async\" aria-describedby=\"caption-attachment-134075\" class=\"size-medium wp-image-134075 \" alt=\"M\u00e1s de mil estudiantes egresados de 23 carreras de la Universidad Aut\u00f3noma Chapingo generaci\u00f3n 2006\/2008-2013 fueron apadrinados por el gobernador Eruviel \u00c1vila Villegas.\" src=\"http:\/\/www.diarioimagen.net\/wp-content\/uploads\/2013\/06\/eruviel-01062013-240x159.jpg\" width=\"240\" height=\"159\" srcset=\"https:\/\/www.diarioimagen.net\/wp-content\/uploads\/2013\/06\/eruviel-01062013-240x159.jpg 240w, https:\/\/www.diarioimagen.net\/wp-content\/uploads\/2013\/06\/eruviel-01062013-420x278.jpg 420w, https:\/\/www.diarioimagen.net\/wp-content\/uploads\/2013\/06\/eruviel-01062013.jpg 500w\" sizes=\"auto, (max-width: 240px) 100vw, 240px\" \/><\/a><p id=\"caption-attachment-134075\" class=\"wp-caption-text\">M\u00e1s de mil estudiantes egresados de 23 carreras de la Universidad Aut\u00f3noma Chapingo generaci\u00f3n 2006\/2008-2013 fueron apadrinados por el gobernador Eruviel \u00c1vila Villegas.<\/p><\/div>\n<p><b>Texcoco, Estado de M\u00e9xico.-<\/b> Al apadrinar a m\u00e1s de mil egresados de 23 carreras de la Universidad Aut\u00f3noma Chapingo (UACh) generaci\u00f3n 2006\/2008-2013, el gobernador Eruviel \u00c1vila Villegas destac\u00f3 la importancia de que los gobiernos atraigan mayor inversi\u00f3n para detonar el campo mexiquense, a fin de generar oportunidades para las nuevas generaciones de profesionistas agr\u00edcolas, que buscan empleo digno y bien remunerado.<\/p>\n<p>\u201cUstedes se han preparado, ustedes se han formado; ahora nos toca a todos, al sector productivo, a los gobiernos federal, estatal y municipal, redoblar esfuerzos. Es necesario, como bien lo est\u00e1 impulsando a nivel nacional el se\u00f1or presidente de la Rep\u00fablica, Enrique Pe\u00f1a Nieto, democratizar la productividad, es necesario, que las oportunidades lleguen a todas las regiones y a todos los rincones del pa\u00eds. De ah\u00ed la importancia de que los gobiernos debemos promover m\u00e1s inversi\u00f3n para atraer m\u00e1s industria, y se pueda desarrollar el campo, el agro mexicano\u00bb, afirm\u00f3.<\/p>\n<p>Acompa\u00f1ado por el rector de la UACh, Carlos Alberto Villase\u00f1or Perea, el gobernador mexiquense reconoci\u00f3 a los estudiantes, quienes son originarios de las 32 entidades del pa\u00eds, su lucha por salir adelante y llegar a ser hombres y mujeres de excelencia, y destac\u00f3 que la educaci\u00f3n es la palanca de desarrollo para todo gobierno, por lo cual su administraci\u00f3n le apuesta a este rubro para tener mexiquenses mejor preparados y que contribuyan a mejorar su estado.<\/p>\n<p>Eruviel \u00c1vila indic\u00f3 que en su gobierno se apoya a todos los estudiantes, sin importar que no pertenezcan al sistema educativo estatal, y como muestra de ello el a\u00f1o pasado estudiantes de la Universidad obtuvieron una beca para cursar un diplomado en la Universidad Complutense de Madrid, Espa\u00f1a.<\/p>\n<p>Agreg\u00f3 que el Gobierno del Estado de M\u00e9xico se suma a las festividades de los egresados, con la participaci\u00f3n del Ballet Folkl\u00f3rico del Estado de M\u00e9xico, que ofrecer\u00e1 una presentaci\u00f3n este domingo en el baile de graduaci\u00f3n.<\/p>\n<p>El rector Carlos Alberto Villase\u00f1or Perea, destac\u00f3 que durante los 159 a\u00f1os de existencia de esta casa de estudios se han formado profesionales comprometidos con el campo mexicano, que cuentan con el conocimiento para impulsar la producci\u00f3n alimentaria, mediante el extensionismo rural y la transferencia de tecnolog\u00eda.<\/p>\n<p>&nbsp;<\/p>\n<p>&nbsp;<\/p>\n","protected":false},"excerpt":{"rendered":"<p>Al apadrinar a m\u00e1s de mil egresados de 23 carreras de la Universidad Aut\u00f3noma Chapingo (UACh) generaci\u00f3n 2006\/2008-2013, el gobernador Eruviel \u00c1vila Villegas destac\u00f3 la importancia de que los gobiernos atraigan mayor inversi\u00f3n para detonar el campo mexiquense, a fin de generar oportunidades para las nuevas generaciones de profesionistas agr\u00edcolas, que buscan empleo digno y bien remunerado.<\/p>\n","protected":false},"author":1,"featured_media":134075,"comment_status":"open","ping_status":"open","sticky":false,"template":"","format":"standard","meta":{"_monsterinsights_skip_tracking":false,"_monsterinsights_sitenote_active":false,"_monsterinsights_sitenote_note":"","_monsterinsights_sitenote_category":0,"footnotes":""},"categories":[17],"tags":[5828,43675],"class_list":["post-134072","post","type-post","status-publish","format-standard","has-post-thumbnail","hentry","category-especiales","tag-eruviel-avila-villegas","tag-estado-de-mexico"],"_links":{"self":[{"href":"https:\/\/www.diarioimagen.net\/index.php?rest_route=\/wp\/v2\/posts\/134072","targetHints":{"allow":["GET"]}}],"collection":[{"href":"https:\/\/www.diarioimagen.net\/index.php?rest_route=\/wp\/v2\/posts"}],"about":[{"href":"https:\/\/www.diarioimagen.net\/index.php?rest_route=\/wp\/v2\/types\/post"}],"author":[{"embeddable":true,"href":"https:\/\/www.diarioimagen.net\/index.php?rest_route=\/wp\/v2\/users\/1"}],"replies":[{"embeddable":true,"href":"https:\/\/www.diarioimagen.net\/index.php?rest_route=%2Fwp%2Fv2%2Fcomments&post=134072"}],"version-history":[{"count":0,"href":"https:\/\/www.diarioimagen.net\/index.php?rest_route=\/wp\/v2\/posts\/134072\/revisions"}],"wp:featuredmedia":[{"embeddable":true,"href":"https:\/\/www.diarioimagen.net\/index.php?rest_route=\/wp\/v2\/media\/134075"}],"wp:attachment":[{"href":"https:\/\/www.diarioimagen.net\/index.php?rest_route=%2Fwp%2Fv2%2Fmedia&parent=134072"}],"wp:term":[{"taxonomy":"category","embeddable":true,"href":"https:\/\/www.diarioimagen.net\/index.php?rest_route=%2Fwp%2Fv2%2Fcategories&post=134072"},{"taxonomy":"post_tag","embeddable":true,"href":"https:\/\/www.diarioimagen.net\/index.php?rest_route=%2Fwp%2Fv2%2Ftags&post=134072"}],"curies":[{"name":"wp","href":"https:\/\/api.w.org\/{rel}","templated":true}]}}