{"id":134144,"date":"2013-06-03T00:04:01","date_gmt":"2013-06-03T05:04:01","guid":{"rendered":"http:\/\/www.diarioimagen.net\/?p=134144"},"modified":"2013-06-04T03:07:03","modified_gmt":"2013-06-04T08:07:03","slug":"victima-desarma-a-plagiarios-y-los-mata","status":"publish","type":"post","link":"https:\/\/www.diarioimagen.net\/?p=134144","title":{"rendered":"V\u00edctima desarma a plagiarios y los mata"},"content":{"rendered":"<ul>\n<li><strong><em>Secuestrada al salir del aeropuerto<\/em><\/strong><\/li>\n<\/ul>\n<div id=\"attachment_134200\" style=\"width: 250px\" class=\"wp-caption alignleft\"><a href=\"http:\/\/www.diarioimagen.net\/wp-content\/uploads\/2013\/06\/secuestrado-2111.jpg\"><img loading=\"lazy\" decoding=\"async\" aria-describedby=\"caption-attachment-134200\" class=\"size-medium wp-image-134200\" alt=\"Esta casa del fraccionamiento San Francisco, en la delegaci\u00f3n Coyoac\u00e1n, fue el escenario en donde fue llevado un empresario y de la que sali\u00f3 despu\u00e9s de un acto de hero\u00edsmo por la supervivencia.\" src=\"http:\/\/www.diarioimagen.net\/wp-content\/uploads\/2013\/06\/secuestrado-2111-240x135.jpg\" width=\"240\" height=\"135\" srcset=\"https:\/\/www.diarioimagen.net\/wp-content\/uploads\/2013\/06\/secuestrado-2111-240x135.jpg 240w, https:\/\/www.diarioimagen.net\/wp-content\/uploads\/2013\/06\/secuestrado-2111-420x236.jpg 420w, https:\/\/www.diarioimagen.net\/wp-content\/uploads\/2013\/06\/secuestrado-2111-235x132.jpg 235w, https:\/\/www.diarioimagen.net\/wp-content\/uploads\/2013\/06\/secuestrado-2111-202x114.jpg 202w, https:\/\/www.diarioimagen.net\/wp-content\/uploads\/2013\/06\/secuestrado-2111-350x196.jpg 350w, https:\/\/www.diarioimagen.net\/wp-content\/uploads\/2013\/06\/secuestrado-2111-220x123.jpg 220w, https:\/\/www.diarioimagen.net\/wp-content\/uploads\/2013\/06\/secuestrado-2111-237x132.jpg 237w, https:\/\/www.diarioimagen.net\/wp-content\/uploads\/2013\/06\/secuestrado-2111.jpg 480w\" sizes=\"auto, (max-width: 240px) 100vw, 240px\" \/><\/a><p id=\"caption-attachment-134200\" class=\"wp-caption-text\">Esta casa del fraccionamiento San Francisco, en la delegaci\u00f3n Coyoac\u00e1n, fue el escenario en donde fue llevado un empresario y de la que sali\u00f3 despu\u00e9s de un acto de hero\u00edsmo por la supervivencia.<\/p><\/div>\n<p>Un empresario v\u00edctima de secuestro logr\u00f3 desarmar a sus plagiarios y dispar\u00f3 contra ellos, por lo que uno de los delincuentes pereci\u00f3 en la casa de seguridad a la que hab\u00eda sido llevado y el otro muri\u00f3 horas despu\u00e9s en el hospital\u00a0 de Xoco.<\/p>\n<p>Los hechos ocurrieron en el n\u00famero 61 de la calle Cerro de los Hornos del fraccionamiento San Francisco Coyoac\u00e1n.<\/p>\n<p>Las investigaciones de la Procuradur\u00eda General de Justicia del Distrito Federal (PGJDF) determinan que el empresario fue secuestrado la noche del viernes, cuando sal\u00eda de la Terminal 2 del Aeropuerto Internacional de la Ciudad de M\u00e9xico.<\/p>\n<p>El empresario conduc\u00eda una camioneta cuando tres sujetos a bordo de un veh\u00edculo Chevrolet Suburban le cerraron el paso haci\u00e9ndose pasar por agentes de la Subprocuradur\u00eda Especializada en Investigaci\u00f3n en Delincuencia Organizada (SEIDO).<\/p>\n<p>La v\u00edctima fue llevada en su veh\u00edculo a una casa ubicada en el n\u00famero 61 de Cerro de los Hornos, fraccionamiento San Francisco Coyoac\u00e1n.<\/p>\n<p>Ah\u00ed, seg\u00fan sus declaraciones, fue golpeado e interrogado; sus captores se comunicaron con familiares y exig\u00eda como rescate un monto en millones de d\u00f3lares.<\/p>\n<p>Sin embargo, cuando los plagiarios se quedaron dormidos, la v\u00edctima -quien hab\u00eda sido esposada y confinada a un cuarto- logr\u00f3 tomar un arma calibre 9 mil\u00edmetros de sus captores y les dispar\u00f3 a quemarropa.<\/p>\n<p>&nbsp;<\/p>\n","protected":false},"excerpt":{"rendered":"<p>Un empresario v\u00edctima de secuestro logr\u00f3 desarmar a sus plagiarios y dispar\u00f3 contra ellos, por lo que uno de los delincuentes pereci\u00f3 en la casa de seguridad a la que hab\u00eda sido llevado y el otro muri\u00f3 horas despu\u00e9s en el hospital  de Xoco. Los hechos ocurrieron en el n\u00famero 61 de la calle Cerro de los Hornos del fraccionamiento San Francisco Coyoac\u00e1n.<\/p>\n","protected":false},"author":3,"featured_media":134200,"comment_status":"open","ping_status":"open","sticky":false,"template":"","format":"standard","meta":{"_monsterinsights_skip_tracking":false,"_monsterinsights_sitenote_active":false,"_monsterinsights_sitenote_note":"","_monsterinsights_sitenote_category":0,"footnotes":""},"categories":[17,7],"tags":[5736,4501,43677],"class_list":["post-134144","post","type-post","status-publish","format-standard","has-post-thumbnail","hentry","category-especiales","category-seguridad","tag-aeropuerto-internacional-de-la-ciudad-de-mexico","tag-plagiarios","tag-seguridad"],"_links":{"self":[{"href":"https:\/\/www.diarioimagen.net\/index.php?rest_route=\/wp\/v2\/posts\/134144","targetHints":{"allow":["GET"]}}],"collection":[{"href":"https:\/\/www.diarioimagen.net\/index.php?rest_route=\/wp\/v2\/posts"}],"about":[{"href":"https:\/\/www.diarioimagen.net\/index.php?rest_route=\/wp\/v2\/types\/post"}],"author":[{"embeddable":true,"href":"https:\/\/www.diarioimagen.net\/index.php?rest_route=\/wp\/v2\/users\/3"}],"replies":[{"embeddable":true,"href":"https:\/\/www.diarioimagen.net\/index.php?rest_route=%2Fwp%2Fv2%2Fcomments&post=134144"}],"version-history":[{"count":0,"href":"https:\/\/www.diarioimagen.net\/index.php?rest_route=\/wp\/v2\/posts\/134144\/revisions"}],"wp:featuredmedia":[{"embeddable":true,"href":"https:\/\/www.diarioimagen.net\/index.php?rest_route=\/wp\/v2\/media\/134200"}],"wp:attachment":[{"href":"https:\/\/www.diarioimagen.net\/index.php?rest_route=%2Fwp%2Fv2%2Fmedia&parent=134144"}],"wp:term":[{"taxonomy":"category","embeddable":true,"href":"https:\/\/www.diarioimagen.net\/index.php?rest_route=%2Fwp%2Fv2%2Fcategories&post=134144"},{"taxonomy":"post_tag","embeddable":true,"href":"https:\/\/www.diarioimagen.net\/index.php?rest_route=%2Fwp%2Fv2%2Ftags&post=134144"}],"curies":[{"name":"wp","href":"https:\/\/api.w.org\/{rel}","templated":true}]}}