{"id":134972,"date":"2013-06-04T00:09:45","date_gmt":"2013-06-04T05:09:45","guid":{"rendered":"http:\/\/www.diarioimagen.net\/?p=134972"},"modified":"2013-06-04T03:01:40","modified_gmt":"2013-06-04T08:01:40","slug":"eruviel-avila-inaugura-segundo-banco-de-leche-materna","status":"publish","type":"post","link":"https:\/\/www.diarioimagen.net\/?p=134972","title":{"rendered":"Eruviel \u00c1vila inaugura segundo Banco de Leche Materna"},"content":{"rendered":"<ul>\n<li><strong><em>Puede atender a nueve mil mam\u00e1s y a sus beb\u00e9s, afirma el gobernador y anuncia que este a\u00f1o se invierte en salud 1,300 millones de pesos<\/em><\/strong><\/li>\n<\/ul>\n<div id=\"attachment_135043\" style=\"width: 250px\" class=\"wp-caption alignleft\"><a href=\"http:\/\/www.diarioimagen.net\/wp-content\/uploads\/2013\/06\/eruviel-2112.jpg\"><img loading=\"lazy\" decoding=\"async\" aria-describedby=\"caption-attachment-135043\" class=\"size-medium wp-image-135043\" alt=\"El gobernador Eruviel \u00c1vila Villegas puso en operaci\u00f3n el segundo Banco de Leche de la entidad, en el Hospital Infantil \u201cJosefa Ortiz de Dom\u00ednguez\u201d, que se suma al puesto en operaci\u00f3n hace seis meses en Toluca.\" src=\"http:\/\/www.diarioimagen.net\/wp-content\/uploads\/2013\/06\/eruviel-2112-240x135.jpg\" width=\"240\" height=\"135\" srcset=\"https:\/\/www.diarioimagen.net\/wp-content\/uploads\/2013\/06\/eruviel-2112-240x135.jpg 240w, https:\/\/www.diarioimagen.net\/wp-content\/uploads\/2013\/06\/eruviel-2112-420x236.jpg 420w, https:\/\/www.diarioimagen.net\/wp-content\/uploads\/2013\/06\/eruviel-2112-235x132.jpg 235w, https:\/\/www.diarioimagen.net\/wp-content\/uploads\/2013\/06\/eruviel-2112-202x114.jpg 202w, https:\/\/www.diarioimagen.net\/wp-content\/uploads\/2013\/06\/eruviel-2112-350x196.jpg 350w, https:\/\/www.diarioimagen.net\/wp-content\/uploads\/2013\/06\/eruviel-2112-220x123.jpg 220w, https:\/\/www.diarioimagen.net\/wp-content\/uploads\/2013\/06\/eruviel-2112-237x132.jpg 237w, https:\/\/www.diarioimagen.net\/wp-content\/uploads\/2013\/06\/eruviel-2112.jpg 480w\" sizes=\"auto, (max-width: 240px) 100vw, 240px\" \/><\/a><p id=\"caption-attachment-135043\" class=\"wp-caption-text\">El gobernador Eruviel \u00c1vila Villegas puso en operaci\u00f3n el segundo Banco de Leche de la entidad, en el Hospital Infantil \u201cJosefa Ortiz de Dom\u00ednguez\u201d, que se suma al puesto en operaci\u00f3n hace seis meses en Toluca.<\/p><\/div>\n<p><strong>Chalco, Estado de M\u00e9xico<\/strong>.- El gobernador Eruviel \u00c1vila Villegas inaugur\u00f3 el segundo Banco de Leche Materna del Estado de M\u00e9xico, instalado en el Hospital Infantil \u201cJosefa Ortiz de Dom\u00ednguez\u201d, con capacidad para beneficiar a m\u00e1s de 9 mil madres de familia y sus beb\u00e9s, de nueve municipios del oriente de la entidad, con lo cual se garantiza que en sus primeros d\u00edas de vida los reci\u00e9n nacidos fortalezcan sus defensas naturales y tengan un mejor desarrollo.<\/p>\n<p>\u201cQuiero hacerle un homenaje, un reconocimiento a todas aquellas mujeres generosas, amables que est\u00e1n haciendo la donaci\u00f3n de su leche para darle vida, fuerza, salud a otros peque\u00f1itos por razones cl\u00ednicas, por diferentes razones; mam\u00e1s generosas que se convierten en multimam\u00e1s, porque tambi\u00e9n est\u00e1n d\u00e1ndole lechita a otros beb\u00e9s\u201d, expres\u00f3.<\/p>\n<p>El gobernador expuso que en estas instalaciones se invirtieron casi 5 millones de pesos, en conjunto entre el gobierno federal y estatal, y permitir\u00e1 atender a alrededor de 50 beb\u00e9s cada d\u00eda, y se suma al puesto en operaci\u00f3n hace seis meses en Toluca, donde a la fecha se alimenta a un promedio diario de m\u00e1s de 40 reci\u00e9n nacidos.<\/p>\n<p>\u201cEn el gobierno no podemos decir que gastamos; estamos invirtiendo, porque apostarle a la salud de las mujeres, especialmente de estos peque\u00f1itos que vienen a este mundo, y que es nuestra obligaci\u00f3n, nuestro deber apoyarlos, respaldarlos, protegerlos, para eso est\u00e1 el gobierno del estado trabajando en coordinaci\u00f3n con el gobierno federal, con el gobierno municipal, para apoyar a la gente precisamente\u201d, dijo al entregar tambi\u00e9n paquetes con art\u00edculos para beb\u00e9s.<\/p>\n<p>Este nuevo Banco de Leche beneficia a los habitantes de los municipios de Chalco, Valle de Chalco, Cocotitl\u00e1n, Temamatla, Tenango del Aire, Juchitepec, Amecameca, Ozumba y Atlautla, y con \u00e9l se busca contrarrestar el que uno de cada diez ni\u00f1os prematuros que nacen en M\u00e9xico, que tienen bajo o muy bajo peso muere por no tener posibilidades de nutrirse, seg\u00fan datos del INEGI y del sector salud.<\/p>\n<p>\u201cLa Organizaci\u00f3n Mundial de la Salud afirma que la promoci\u00f3n de leche materna es una de las estrategias m\u00e1s efectivas que han contribuido en el logro y los objetivos del desarrollo del milenio. As\u00ed es que esto ayuda, esto permite reducir la mortalidad infantil y neonatal por la reducci\u00f3n de infecciones, desnutrici\u00f3n, entre otros factores\u201d, indic\u00f3.<\/p>\n<p>Este Banco de Leche consta de una pasteurizadora, congelador y refrigerador, seis tiraleche el\u00e9ctricos, incubadora, cuatro equipos de ba\u00f1o Mar\u00eda, microcentr\u00edfuga,\u00a0 campana de flujo laminar y\u00a0 lavadora de biberones.<\/p>\n<p>En este marco, Eruviel \u00c1vila destac\u00f3 que durante este segundo a\u00f1o de gesti\u00f3n,\u00a0 el gobierno del Estado de M\u00e9xico invierte m\u00e1s de mil 300 millones de pesos en materia de salud, en el fortalecimiento de la infraestructura, como la construcci\u00f3n de nuevos hospitales, bancos de leche, laboratorios de hemodi\u00e1lisis, entre otros, con el prop\u00f3sito de tener mexiquenses m\u00e1s saludables.<\/p>\n<p>\u201cLa salud de las personas para m\u00ed es una de las m\u00e1s importantes y relevantes prioridades que tenemos en este gobierno\u201d.<\/p>\n<p>Al evento acudieron los secretarios de Salud y de Transporte, C\u00e9sar G\u00f3mez Monge, e Ismael Ordo\u00f1ez Mancilla, quien es el representante de gobierno estatal en esta zona; el alcalde, Francisco Osorno Sober\u00f3n, legisladores federales y locales.<b><\/b><\/p>\n<p>&nbsp;<\/p>\n","protected":false},"excerpt":{"rendered":"<p>El gobernador Eruviel \u00c1vila Villegas inaugur\u00f3 el segundo Banco de Leche Materna del Estado de M\u00e9xico, instalado en el Hospital Infantil \u201cJosefa Ortiz de Dom\u00ednguez\u201d, con capacidad para beneficiar a m\u00e1s de 9 mil madres de familia y sus beb\u00e9s, de nueve municipios del oriente de la entidad, con lo cual se garantiza que en sus primeros d\u00edas de vida los reci\u00e9n nacidos fortalezcan sus defensas naturales y tengan un mejor desarrollo.<\/p>\n","protected":false},"author":3,"featured_media":135043,"comment_status":"open","ping_status":"open","sticky":false,"template":"","format":"standard","meta":{"_monsterinsights_skip_tracking":false,"_monsterinsights_sitenote_active":false,"_monsterinsights_sitenote_note":"","_monsterinsights_sitenote_category":0,"footnotes":""},"categories":[5],"tags":[26560,541,5828,43675],"class_list":["post-134972","post","type-post","status-publish","format-standard","has-post-thumbnail","hentry","category-estado-de-mexico","tag-banco-de-leche-materna","tag-chalco","tag-eruviel-avila-villegas","tag-estado-de-mexico"],"_links":{"self":[{"href":"https:\/\/www.diarioimagen.net\/index.php?rest_route=\/wp\/v2\/posts\/134972","targetHints":{"allow":["GET"]}}],"collection":[{"href":"https:\/\/www.diarioimagen.net\/index.php?rest_route=\/wp\/v2\/posts"}],"about":[{"href":"https:\/\/www.diarioimagen.net\/index.php?rest_route=\/wp\/v2\/types\/post"}],"author":[{"embeddable":true,"href":"https:\/\/www.diarioimagen.net\/index.php?rest_route=\/wp\/v2\/users\/3"}],"replies":[{"embeddable":true,"href":"https:\/\/www.diarioimagen.net\/index.php?rest_route=%2Fwp%2Fv2%2Fcomments&post=134972"}],"version-history":[{"count":0,"href":"https:\/\/www.diarioimagen.net\/index.php?rest_route=\/wp\/v2\/posts\/134972\/revisions"}],"wp:featuredmedia":[{"embeddable":true,"href":"https:\/\/www.diarioimagen.net\/index.php?rest_route=\/wp\/v2\/media\/135043"}],"wp:attachment":[{"href":"https:\/\/www.diarioimagen.net\/index.php?rest_route=%2Fwp%2Fv2%2Fmedia&parent=134972"}],"wp:term":[{"taxonomy":"category","embeddable":true,"href":"https:\/\/www.diarioimagen.net\/index.php?rest_route=%2Fwp%2Fv2%2Fcategories&post=134972"},{"taxonomy":"post_tag","embeddable":true,"href":"https:\/\/www.diarioimagen.net\/index.php?rest_route=%2Fwp%2Fv2%2Ftags&post=134972"}],"curies":[{"name":"wp","href":"https:\/\/api.w.org\/{rel}","templated":true}]}}