{"id":135030,"date":"2013-06-04T00:02:38","date_gmt":"2013-06-04T05:02:38","guid":{"rendered":"http:\/\/www.diarioimagen.net\/?p=135030"},"modified":"2013-06-05T03:48:15","modified_gmt":"2013-06-05T08:48:15","slug":"matan-a-3-integrantes-del-frente-de-unidad-popular","status":"publish","type":"post","link":"https:\/\/www.diarioimagen.net\/?p=135030","title":{"rendered":"Matan a 3 integrantes del Frente de Unidad Popular"},"content":{"rendered":"<ul>\n<li><strong><em>Desaparecieron desde el jueves pasado<\/em><\/strong><\/li>\n<\/ul>\n<div id=\"attachment_135053\" style=\"width: 250px\" class=\"wp-caption alignleft\"><a href=\"http:\/\/www.diarioimagen.net\/wp-content\/uploads\/2013\/06\/ARTURO-2112.jpg\"><img loading=\"lazy\" decoding=\"async\" aria-describedby=\"caption-attachment-135053\" class=\"size-medium wp-image-135053\" alt=\"Arturo Hern\u00e1ndez Cardona, ex integrante de la dirigencia estatal del PRD, se encuentra entre los occisos.\" src=\"http:\/\/www.diarioimagen.net\/wp-content\/uploads\/2013\/06\/ARTURO-2112-240x135.jpg\" width=\"240\" height=\"135\" srcset=\"https:\/\/www.diarioimagen.net\/wp-content\/uploads\/2013\/06\/ARTURO-2112-240x135.jpg 240w, https:\/\/www.diarioimagen.net\/wp-content\/uploads\/2013\/06\/ARTURO-2112-420x236.jpg 420w, https:\/\/www.diarioimagen.net\/wp-content\/uploads\/2013\/06\/ARTURO-2112-235x132.jpg 235w, https:\/\/www.diarioimagen.net\/wp-content\/uploads\/2013\/06\/ARTURO-2112-202x114.jpg 202w, https:\/\/www.diarioimagen.net\/wp-content\/uploads\/2013\/06\/ARTURO-2112-350x196.jpg 350w, https:\/\/www.diarioimagen.net\/wp-content\/uploads\/2013\/06\/ARTURO-2112-220x123.jpg 220w, https:\/\/www.diarioimagen.net\/wp-content\/uploads\/2013\/06\/ARTURO-2112-237x132.jpg 237w, https:\/\/www.diarioimagen.net\/wp-content\/uploads\/2013\/06\/ARTURO-2112.jpg 480w\" sizes=\"auto, (max-width: 240px) 100vw, 240px\" \/><\/a><p id=\"caption-attachment-135053\" class=\"wp-caption-text\">Arturo Hern\u00e1ndez Cardona, ex integrante de la dirigencia estatal del PRD, se encuentra entre los occisos.<\/p><\/div>\n<p><strong>Chilpancingo, Guerrero<\/strong>.- Elementos de la Polic\u00eda localizaron en la poblaci\u00f3n de Mazcala, municipio de Iguala, los cuerpos de tres de los ocho miembros del Frente de Unidad Popular, desaparecidos desde la noche del jueves, entre ellos el del ex integrante de la dirigencia estatal del PRD, Arturo Hern\u00e1ndez Cardona.<\/p>\n<p>De acuerdo con los primeros datos de la Procuradur\u00eda General de Justicia del Estado (PGJE) la ma\u00f1ana de ayer fueron ubicados los cuerpos sin vida de Arturo Hern\u00e1ndez Cardona, Rafael Banderas Rom\u00e1n y otro m\u00e1s, de quien no sea ha proporcionado el nombre.<\/p>\n<p>El pasado viernes fueron reportados como desaparecidos los dirigentes Gregorio Dante Cervantes, \u00c1ngel Rom\u00e1n, Efra\u00edn Amates Luna, Nicol\u00e1s Mendoza, Rafael Banderas, Jimmy Castrej\u00f3n, Arturo Hern\u00e1ndez Cardona y H\u00e9ctor Arroyo, de quienes inform\u00f3 el gobierno del estado, se investigaba su paradero.<\/p>\n<p>Los restos fueron trasladados al Servicio M\u00e9dico Forense de Iguala, donde los familiares llevaron a cabo la identificaci\u00f3n.<\/p>\n<p>A la par, integrantes de organizaciones sociales y estudiantiles llevaron a cabo una manifestaci\u00f3n y arrojaron piedras a las instalaciones del ayuntamiento de esta ciudad.<\/p>\n<p>Los familiares urgieron la presentaci\u00f3n con vida del resto de las personas desaparecidas, as\u00ed como castigo a los responsables del homicidio de los tres l\u00edderes, entre ellos el del ex integrante del comit\u00e9 estatal del PRD.<\/p>\n<p>En tanto, la dirigencia nacional del PRD conden\u00f3 el asesinato de Arturo Hern\u00e1ndez y otros dos dirigentes del partido en Guerrero y demand\u00f3 a la PGR atraer las investigaciones para dar con los responsables materiales e intelectuales.<\/p>\n<p>Los perredistas Jes\u00fas Zambrawno y Alejandro S\u00e1nchez Camacho advirtieron que se trata de hechos que, adem\u00e1s de condenables, \u201cson lamentables y que deben ser urgentemente investigados y aclarados a fondo para que se identifique a los responsables materiales e intelectuales, y se act\u00fae contra ellos, tope donde tope y caiga quien caiga\u201d.<\/p>\n<p>&nbsp;<\/p>\n","protected":false},"excerpt":{"rendered":"<p> Elementos de la Polic\u00eda localizaron en la poblaci\u00f3n de Mazcala, municipio de Iguala, los cuerpos de tres de los ocho miembros del Frente de Unidad Popular, desaparecidos desde la noche del jueves, entre ellos el del ex integrante de la dirigencia estatal del PRD, Arturo Hern\u00e1ndez Cardona.<\/p>\n","protected":false},"author":3,"featured_media":135053,"comment_status":"open","ping_status":"open","sticky":false,"template":"","format":"standard","meta":{"_monsterinsights_skip_tracking":false,"_monsterinsights_sitenote_active":false,"_monsterinsights_sitenote_note":"","_monsterinsights_sitenote_category":0,"footnotes":""},"categories":[17,7],"tags":[8099,3244,211],"class_list":["post-135030","post","type-post","status-publish","format-standard","has-post-thumbnail","hentry","category-especiales","category-seguridad","tag-chilpancingo","tag-guerrero","tag-prd"],"_links":{"self":[{"href":"https:\/\/www.diarioimagen.net\/index.php?rest_route=\/wp\/v2\/posts\/135030","targetHints":{"allow":["GET"]}}],"collection":[{"href":"https:\/\/www.diarioimagen.net\/index.php?rest_route=\/wp\/v2\/posts"}],"about":[{"href":"https:\/\/www.diarioimagen.net\/index.php?rest_route=\/wp\/v2\/types\/post"}],"author":[{"embeddable":true,"href":"https:\/\/www.diarioimagen.net\/index.php?rest_route=\/wp\/v2\/users\/3"}],"replies":[{"embeddable":true,"href":"https:\/\/www.diarioimagen.net\/index.php?rest_route=%2Fwp%2Fv2%2Fcomments&post=135030"}],"version-history":[{"count":0,"href":"https:\/\/www.diarioimagen.net\/index.php?rest_route=\/wp\/v2\/posts\/135030\/revisions"}],"wp:featuredmedia":[{"embeddable":true,"href":"https:\/\/www.diarioimagen.net\/index.php?rest_route=\/wp\/v2\/media\/135053"}],"wp:attachment":[{"href":"https:\/\/www.diarioimagen.net\/index.php?rest_route=%2Fwp%2Fv2%2Fmedia&parent=135030"}],"wp:term":[{"taxonomy":"category","embeddable":true,"href":"https:\/\/www.diarioimagen.net\/index.php?rest_route=%2Fwp%2Fv2%2Fcategories&post=135030"},{"taxonomy":"post_tag","embeddable":true,"href":"https:\/\/www.diarioimagen.net\/index.php?rest_route=%2Fwp%2Fv2%2Ftags&post=135030"}],"curies":[{"name":"wp","href":"https:\/\/api.w.org\/{rel}","templated":true}]}}