{"id":135124,"date":"2013-06-05T00:08:18","date_gmt":"2013-06-05T05:08:18","guid":{"rendered":"http:\/\/www.diarioimagen.net\/?p=135124"},"modified":"2013-06-05T03:36:01","modified_gmt":"2013-06-05T08:36:01","slug":"afectados-por-la-explosion-en-ecatepec-recibieron-14-2-millones","status":"publish","type":"post","link":"https:\/\/www.diarioimagen.net\/?p=135124","title":{"rendered":"Afectados por la explosi\u00f3n en Ecatepec recibieron $14.2 millones"},"content":{"rendered":"<h2>Arco Norte<\/h2>\n<h5>Jos\u00e9 Luis Monta\u00f1ez Aguilar<\/h5>\n<p><span>\u00a0<\/span><\/p>\n<div id=\"attachment_131442\" style=\"width: 250px\" class=\"wp-caption alignleft\"><a href=\"http:\/\/www.diarioimagen.net\/wp-content\/uploads\/2013\/05\/EXPLOSION-2094.jpg\"><img loading=\"lazy\" decoding=\"async\" aria-describedby=\"caption-attachment-131442\" class=\"size-medium wp-image-131442\" alt=\"Se entregaron\" src=\"http:\/\/www.diarioimagen.net\/wp-content\/uploads\/2013\/05\/EXPLOSION-2094-240x135.jpg\" width=\"240\" height=\"135\" srcset=\"https:\/\/www.diarioimagen.net\/wp-content\/uploads\/2013\/05\/EXPLOSION-2094-240x135.jpg 240w, https:\/\/www.diarioimagen.net\/wp-content\/uploads\/2013\/05\/EXPLOSION-2094-420x236.jpg 420w, https:\/\/www.diarioimagen.net\/wp-content\/uploads\/2013\/05\/EXPLOSION-2094-235x132.jpg 235w, https:\/\/www.diarioimagen.net\/wp-content\/uploads\/2013\/05\/EXPLOSION-2094-202x114.jpg 202w, https:\/\/www.diarioimagen.net\/wp-content\/uploads\/2013\/05\/EXPLOSION-2094-350x196.jpg 350w, https:\/\/www.diarioimagen.net\/wp-content\/uploads\/2013\/05\/EXPLOSION-2094-220x123.jpg 220w, https:\/\/www.diarioimagen.net\/wp-content\/uploads\/2013\/05\/EXPLOSION-2094-237x132.jpg 237w, https:\/\/www.diarioimagen.net\/wp-content\/uploads\/2013\/05\/EXPLOSION-2094.jpg 480w\" sizes=\"auto, (max-width: 240px) 100vw, 240px\" \/><\/a><p id=\"caption-attachment-131442\" class=\"wp-caption-text\">Se entregaron 2.4 millones de pesos para la rehabilitaci\u00f3n de 35 viviendas.<\/p><\/div>\n<p><span>Los gobiernos federal y del Estado de M\u00e9xico entregaron un total de 14 millones 249 mil pesos a los vecinos de San Pedro Xalostoc, en el municipio de Ecatepec, afectados por la explosi\u00f3n de una pipa de gas en la carretera M\u00e9xico-Pachuca, con lo que pagaron gastos funerarios, rehabilitaron sus viviendas, adquirieron enseres dom\u00e9sticos, entre otros beneficios. Luego de los lamentables hechos ocurridos la madrugada del pasado 7 de mayo, el presidente Enrique Pe\u00f1a Nieto y el gobernador Eruviel \u00c1vila Villegas instruyeron a sus respectivos gabinetes a brindar todo el apoyo necesario a los damnificados, por lo que en una pronta respuesta con acciones conjuntas, se cre\u00f3 la figura de los \u201cpadrinos\u201d,\u00a0 funcionarios estatales que personalmente acompa\u00f1aron y dieron seguimiento a\u00a0 cada uno de los afectados por la tragedia. De los 14.2 millones de pesos entregados -que son independientes de las indemnizaciones que deber\u00e1 entregar la empresa responsable del accidente-, el gobierno mexiquense aport\u00f3\u00a07 millones 701 pesos, y el federal, 6 millones 547 mil pesos por los siguientes conceptos: apoyo econ\u00f3mico a 27 deudos por un monto de 2.7 millones; 520 mil pesos para gastos funerarios y 470 mil pesos para\u00a0 lesionados. Tambi\u00e9n se otorgaron 2.4 millones de pesos para la rehabilitaci\u00f3n de 35 viviendas y 1.1 millones para la reparaci\u00f3n de autom\u00f3viles da\u00f1ados. Con el objetivo de reactivar la econom\u00eda de las familias afectadas, el gobierno mexiquense entreg\u00f3 50 cabezas de ganado ovino, 35 lechones y 300 paquetes de aves por un monto de alrededor de 1.5 millones de pesos; 1.1 millones, distribuidos en 46 monederos electr\u00f3nicos y 136 mil pesos en despensas y cobertores. El gobierno federal otorg\u00f3 80 mil pesos para que un taller de cajas reiniciara actividades y ambas administraciones aportaron recursos para la rehabilitaci\u00f3n del Jard\u00edn de Ni\u00f1os Rosaura Zapata, por un total de 1.3 millones de pesos. El gobernador Eruviel \u00c1vila instruy\u00f3 el traslado de dos menores de edad a Texas, EU, donde son atendidas en un hospital para ni\u00f1os quemados.<\/span><\/p>\n<p><em><a href=\"mailto:montanezaguilar@gmail.com\" target=\"_blank\">montanezaguilar@gmail.com<\/a><\/em><\/p>\n","protected":false},"excerpt":{"rendered":"<p><span style=\"color: #005497;\"><strong>Jos\u00e9 Luis Monta\u00f1ez Aguilar<\/strong><\/span><br \/>\n<br \/>\nLos gobiernos federal y del Estado de M\u00e9xico entregaron un total de 14<\/p>\n","protected":false},"author":3,"featured_media":131442,"comment_status":"open","ping_status":"open","sticky":false,"template":"","format":"standard","meta":{"_monsterinsights_skip_tracking":false,"_monsterinsights_sitenote_active":false,"_monsterinsights_sitenote_note":"","_monsterinsights_sitenote_category":0,"footnotes":""},"categories":[5],"tags":[13284,18,5828,43704,43674,18482],"class_list":["post-135124","post","type-post","status-publish","format-standard","has-post-thumbnail","hentry","category-estado-de-mexico","tag-arco-norte","tag-enrique-pena-nieto","tag-eruviel-avila-villegas","tag-jose-luis-montanez-aguilar","tag-opinion","tag-san-pedro-xalostoc"],"_links":{"self":[{"href":"https:\/\/www.diarioimagen.net\/index.php?rest_route=\/wp\/v2\/posts\/135124","targetHints":{"allow":["GET"]}}],"collection":[{"href":"https:\/\/www.diarioimagen.net\/index.php?rest_route=\/wp\/v2\/posts"}],"about":[{"href":"https:\/\/www.diarioimagen.net\/index.php?rest_route=\/wp\/v2\/types\/post"}],"author":[{"embeddable":true,"href":"https:\/\/www.diarioimagen.net\/index.php?rest_route=\/wp\/v2\/users\/3"}],"replies":[{"embeddable":true,"href":"https:\/\/www.diarioimagen.net\/index.php?rest_route=%2Fwp%2Fv2%2Fcomments&post=135124"}],"version-history":[{"count":0,"href":"https:\/\/www.diarioimagen.net\/index.php?rest_route=\/wp\/v2\/posts\/135124\/revisions"}],"wp:featuredmedia":[{"embeddable":true,"href":"https:\/\/www.diarioimagen.net\/index.php?rest_route=\/wp\/v2\/media\/131442"}],"wp:attachment":[{"href":"https:\/\/www.diarioimagen.net\/index.php?rest_route=%2Fwp%2Fv2%2Fmedia&parent=135124"}],"wp:term":[{"taxonomy":"category","embeddable":true,"href":"https:\/\/www.diarioimagen.net\/index.php?rest_route=%2Fwp%2Fv2%2Fcategories&post=135124"},{"taxonomy":"post_tag","embeddable":true,"href":"https:\/\/www.diarioimagen.net\/index.php?rest_route=%2Fwp%2Fv2%2Ftags&post=135124"}],"curies":[{"name":"wp","href":"https:\/\/api.w.org\/{rel}","templated":true}]}}