{"id":135129,"date":"2013-06-05T00:09:05","date_gmt":"2013-06-05T05:09:05","guid":{"rendered":"http:\/\/www.diarioimagen.net\/?p=135129"},"modified":"2013-06-05T03:16:47","modified_gmt":"2013-06-05T08:16:47","slug":"garantizan-lugar-en-educacion-superior-a-jovenes-del-edomex","status":"publish","type":"post","link":"https:\/\/www.diarioimagen.net\/?p=135129","title":{"rendered":"Garantizan lugar en educaci\u00f3n superior a j\u00f3venes del Edomex"},"content":{"rendered":"<ul>\n<li><strong><em>El gobierno estatal y la UAEM abren 13 mil espacios adicionales en ese nivel a los ofrecidos por la m\u00e1xima casa de estudios de la entidad<\/em><\/strong><\/li>\n<\/ul>\n<div id=\"attachment_135203\" style=\"width: 250px\" class=\"wp-caption alignleft\"><a href=\"http:\/\/www.diarioimagen.net\/wp-content\/uploads\/2013\/06\/eruviel-2113.jpg\"><img loading=\"lazy\" decoding=\"async\" aria-describedby=\"caption-attachment-135203\" class=\"size-medium wp-image-135203\" alt=\"El gobernador Eruviel \u00c1vila Villegas y el rector de la UAEM, Jorge Olvera Garc\u00eda, firmaron, por segundo a\u00f1o consecutivo, un acuerdo para garantizar que 13 mil aspirantes a ingresar a esta instituci\u00f3n que no obtengan un lugar en el nivel medio superior y superior, puedan continuar sus estudios en otra escuela p\u00fablica del Estado de M\u00e9xico.\" src=\"http:\/\/www.diarioimagen.net\/wp-content\/uploads\/2013\/06\/eruviel-2113-240x159.jpg\" width=\"240\" height=\"159\" srcset=\"https:\/\/www.diarioimagen.net\/wp-content\/uploads\/2013\/06\/eruviel-2113-240x159.jpg 240w, https:\/\/www.diarioimagen.net\/wp-content\/uploads\/2013\/06\/eruviel-2113-420x279.jpg 420w, https:\/\/www.diarioimagen.net\/wp-content\/uploads\/2013\/06\/eruviel-2113.jpg 500w\" sizes=\"auto, (max-width: 240px) 100vw, 240px\" \/><\/a><p id=\"caption-attachment-135203\" class=\"wp-caption-text\">El gobernador Eruviel \u00c1vila Villegas y el rector de la UAEM, Jorge Olvera Garc\u00eda, firmaron, por segundo a\u00f1o consecutivo, un acuerdo para garantizar que 13 mil aspirantes a ingresar a esta instituci\u00f3n que no obtengan un lugar en el nivel medio superior y superior, puedan continuar sus estudios en otra escuela p\u00fablica del Estado de M\u00e9xico.<\/p><\/div>\n<p><strong>Santiago Tianguistenco, Estado de M\u00e9xico<\/strong>.-\u00a0El gobernador Eruviel \u00c1vila Villegas y el rector de la Universidad Aut\u00f3noma del Estado de M\u00e9xico (UAEM), Jorge Olvera Garc\u00eda, firmaron un acuerdo para garantizar que, por segundo a\u00f1o consecutivo, 13 mil aspirantes a ingresar a esta instituci\u00f3n que no obtengan un lugar en el nivel medio superior y superior puedan continuar sus estudios en alguna otra escuela p\u00fablica del Estado de M\u00e9xico.<\/p>\n<p>\u201cA trav\u00e9s de este acuerdo, el gobierno del Estado de M\u00e9xico, por medio de sus diferentes instituciones acad\u00e9micas, podr\u00e1 dar cabida a 9 mil alumnos de nivel superior y 4 mil de nivel medio superior. As\u00ed es que est\u00e1n a las \u00f3rdenes las unidades de estudios superiores de la Universidad Mexiquense del Bicentenario, las cinco universidades tecnol\u00f3gicas, las cuatro polit\u00e9cnicas, las universidades estatales, la Universidad Intercultural y, desde luego, la Universidad Digital del estado, para darle la oportunidad a estos j\u00f3venes\u201d, expres\u00f3.<\/p>\n<p>El Acuerdo Estrat\u00e9gico por la Educaci\u00f3n Media Superior y Superior del Estado de M\u00e9xico, ciclo escolar 2013-2014, fue signado en el marco de la inauguraci\u00f3n de tres nuevos edificios de la Unidad Acad\u00e9mica Profesional de la UAEM en Santiago Tianguistenco, donde el gobernador destac\u00f3 que este acuerdo fue dise\u00f1ado para garantizar que los j\u00f3venes no vean truncado su deseo de estudiar, al tiempo de destacar que su gobierno respalda y se solidariza con el trabajo de la m\u00e1xima casa de estudios de la entidad.<\/p>\n<p>\u201cOpciones las hay, oportunidades las estamos dando y con toda convicci\u00f3n, talento existe, ganas de salir adelante existen por parte de los j\u00f3venes, as\u00ed que es un convenio en donde todos ganen, sobretodo, los alumnos, la educaci\u00f3n\u201d.<\/p>\n<p>Asimismo, anunci\u00f3 la realizaci\u00f3n de un Estudio de Empleabilidad, que medir\u00e1 las oportunidades laborales de las carreras universitarias, para facilitar a los j\u00f3venes elegir de su profesi\u00f3n.<\/p>\n<p>\u201cLe agradezco al se\u00f1or rector, le propuse que hiciera un an\u00e1lisis de la empleabilidad de las carreras que se imparten en el sector educativo del Estado de M\u00e9xico, ya sea a trav\u00e9s de la Universidad Aut\u00f3noma, de las universidades p\u00fablicas y privadas, con el \u00e1nimo de que la opini\u00f3n p\u00fablica y, especialmente, los j\u00f3venes que van a ingresar en los pr\u00f3ximos a\u00f1os a la universidad, conozcan el plan de estudios, de qu\u00e9 se trata la carrera a la cual quieren ingresar, pero tambi\u00e9n sepan el porcentaje de empleabilidad que tiene determinada carrera\u201d, expuso.<\/p>\n<p>Por su parte, el rector Jorge Olvera afirm\u00f3 que la UAEM es una de las mejores universidades del pa\u00eds que, apoyada de herramientas, como el convenio signado con el Gobierno del Estado de M\u00e9xico, demuestra el \u00e1nimo de colaboraci\u00f3n entre ambas instituciones, sin que ello vulnere la autonom\u00eda institucional.<\/p>\n<p>&nbsp;<\/p>\n","protected":false},"excerpt":{"rendered":"<p>El gobernador Eruviel \u00c1vila Villegas y el rector de la Universidad Aut\u00f3noma del Estado de M\u00e9xico (UAEM), Jorge Olvera Garc\u00eda, firmaron un acuerdo para garantizar que, por segundo a\u00f1o consecutivo, 13 mil aspirantes a ingresar a esta instituci\u00f3n que no obtengan un lugar en el nivel medio superior y superior puedan continuar sus estudios en alguna otra escuela p\u00fablica del Estado de M\u00e9xico.<\/p>\n","protected":false},"author":3,"featured_media":135203,"comment_status":"open","ping_status":"open","sticky":false,"template":"","format":"standard","meta":{"_monsterinsights_skip_tracking":false,"_monsterinsights_sitenote_active":false,"_monsterinsights_sitenote_note":"","_monsterinsights_sitenote_category":0,"footnotes":""},"categories":[5],"tags":[5828,43675,6778,1490],"class_list":["post-135129","post","type-post","status-publish","format-standard","has-post-thumbnail","hentry","category-estado-de-mexico","tag-eruviel-avila-villegas","tag-estado-de-mexico","tag-santiago-tianguistenco","tag-universidad-autonoma-del-estado-de-mexico"],"_links":{"self":[{"href":"https:\/\/www.diarioimagen.net\/index.php?rest_route=\/wp\/v2\/posts\/135129","targetHints":{"allow":["GET"]}}],"collection":[{"href":"https:\/\/www.diarioimagen.net\/index.php?rest_route=\/wp\/v2\/posts"}],"about":[{"href":"https:\/\/www.diarioimagen.net\/index.php?rest_route=\/wp\/v2\/types\/post"}],"author":[{"embeddable":true,"href":"https:\/\/www.diarioimagen.net\/index.php?rest_route=\/wp\/v2\/users\/3"}],"replies":[{"embeddable":true,"href":"https:\/\/www.diarioimagen.net\/index.php?rest_route=%2Fwp%2Fv2%2Fcomments&post=135129"}],"version-history":[{"count":0,"href":"https:\/\/www.diarioimagen.net\/index.php?rest_route=\/wp\/v2\/posts\/135129\/revisions"}],"wp:featuredmedia":[{"embeddable":true,"href":"https:\/\/www.diarioimagen.net\/index.php?rest_route=\/wp\/v2\/media\/135203"}],"wp:attachment":[{"href":"https:\/\/www.diarioimagen.net\/index.php?rest_route=%2Fwp%2Fv2%2Fmedia&parent=135129"}],"wp:term":[{"taxonomy":"category","embeddable":true,"href":"https:\/\/www.diarioimagen.net\/index.php?rest_route=%2Fwp%2Fv2%2Fcategories&post=135129"},{"taxonomy":"post_tag","embeddable":true,"href":"https:\/\/www.diarioimagen.net\/index.php?rest_route=%2Fwp%2Fv2%2Ftags&post=135129"}],"curies":[{"name":"wp","href":"https:\/\/api.w.org\/{rel}","templated":true}]}}