{"id":135131,"date":"2013-06-05T00:07:04","date_gmt":"2013-06-05T05:07:04","guid":{"rendered":"http:\/\/www.diarioimagen.net\/?p=135131"},"modified":"2013-06-06T01:16:34","modified_gmt":"2013-06-06T06:16:34","slug":"oposicion-marrullera","status":"publish","type":"post","link":"https:\/\/www.diarioimagen.net\/?p=135131","title":{"rendered":"Oposici\u00f3n marrullera"},"content":{"rendered":"<h2>Tras la puerta del poder<\/h2>\n<h5>Roberto Vizca\u00edno<\/h5>\n<p>&nbsp;<\/p>\n<ul>\n<li><strong><i>Los dirigentes y coordinadores parlamentarios del PAN y PRD s\u00f3lo amenazan, pero no se salen<\/i><\/strong><\/li>\n<li><strong><i>Mientras tanto, Camacho Quiroz insiste en que el PRI ganar\u00e1 limpiamente y se llevar\u00e1 casi <\/i>carro completo<\/strong><\/li>\n<li><strong><i>Osorio Chong sesion\u00f3 ayer con todo el gabinete de Seguridad y cinco gobernadores en Tapachula<\/i><\/strong><\/li>\n<\/ul>\n<div id=\"attachment_135259\" style=\"width: 250px\" class=\"wp-caption alignleft\"><a href=\"http:\/\/www.diarioimagen.net\/wp-content\/uploads\/2013\/06\/fobias-trizas-2113.jpg\"><img loading=\"lazy\" decoding=\"async\" aria-describedby=\"caption-attachment-135259\" class=\"size-medium wp-image-135259\" alt=\"Fobias... | Trizas\" src=\"http:\/\/www.diarioimagen.net\/wp-content\/uploads\/2013\/06\/fobias-trizas-2113-240x196.jpg\" width=\"240\" height=\"196\" srcset=\"https:\/\/www.diarioimagen.net\/wp-content\/uploads\/2013\/06\/fobias-trizas-2113-240x196.jpg 240w, https:\/\/www.diarioimagen.net\/wp-content\/uploads\/2013\/06\/fobias-trizas-2113-420x343.jpg 420w, https:\/\/www.diarioimagen.net\/wp-content\/uploads\/2013\/06\/fobias-trizas-2113.jpg 700w\" sizes=\"auto, (max-width: 240px) 100vw, 240px\" \/><\/a><p id=\"caption-attachment-135259\" class=\"wp-caption-text\">Fobias&#8230; | Trizas<\/p><\/div>\n<p>Durante las \u00faltimas semanas, un d\u00eda y el otro tambi\u00e9n, ya sea desde alguna tribu del PRD o del PAN, surge la advertencia de que, o los gobernadores y el gobierno federal sacan las manos del proceso electoral que siguen 14 estados del pa\u00eds, o sus partidos abandonan el Pacto por M\u00e9xico.<\/p>\n<p>Al amago le sigue la aclaraci\u00f3n de otros jefes tribales de los mismos partidos, quienes advierten que no es para tanto, que la amenaza es s\u00f3lo un recurso ret\u00f3rico para obligar a Pe\u00f1a Nieto y los gobernadores a no intervenir en esos comicios pero sobre todo para que les d\u00e9 mayores prerrogativas y espacios dentro del Pacto.<\/p>\n<p>Como Usted sabe el domingo 7 de julio habr\u00e1 elecciones en los estados de Aguascalientes, Baja California, Chihuahua, Coahuila, Durango, Hidalgo, Oaxaca, Puebla, Quintana Roo, Sinaloa, Tamaulipas, Tlaxcala, Veracruz y Zacatecas.<\/p>\n<p>De todos estos s\u00f3lo en Baja California habr\u00e1 cambio de gobernador. En el resto los comicios son para elegir diputados locales y alcaldes.<\/p>\n<p>De esas entidades 3 son gobernadas militantes de Acci\u00f3n Nacional: el de Baja California, el de Puebla y el de Sinaloa. En Oaxaca el mandatario, Gabino Cue es un ex pri\u00edsta que ahora pertenece al PRD y se ha significado por su cercan\u00eda a Andr\u00e9s Manuel L\u00f3pez Obrador, a quien invit\u00f3 incluso a irse a vivir a ese estado.<\/p>\n<p>As\u00ed de los 14 estados con proceso electoral, 4 son de la oposici\u00f3n y 10 del PRI.<\/p>\n<p>En este contexto los gobernadores del tricolor se\u00f1alan que mientras los dirigentes del PRD y del PAN les exigen no intervenir en las elecciones, los mandatarios de Acci\u00f3n Nacional y del PRD se despachan con la cuchara grande en el uso de los programas sociales en favor de los aspirantes de esos partidos.<\/p>\n<p>Y como Gustavo Madero y Jes\u00fas Zambrano cada que reclaman hablan de las 14 elecciones y no explican a qui\u00e9nes se refieren, dejan la percepci\u00f3n en la ciudadan\u00eda de que todos los comicios son manipulados por gobernadores del PRI.<\/p>\n<p>Dentro de este gui\u00f3n tramposo act\u00faan otros como el nuevo coordinador de los senadores del PAN, el colimense Jorge Luis Preciado quien ayer indic\u00f3 que la permanencia de su partido en el Pacto \u201cdepende del gobierno\u2026 (porque) No se puede estar en la mesa y dar patadas por debajo de la mesa\u201d.<\/p>\n<p>Y acusa luego a Pe\u00f1a Nieto y los gobernadores del PRI de no cumplir con los acuerdos de mantener imparcialidad y objetividad en los comicios que se realizan en los 14 estados y por ello, afirma, \u201cen esa medida ser\u00e1 responsabilidad de ellos y no de nosotros\u201d que el Pacto siga o no en funciones.<\/p>\n<p>Pero al pregunt\u00e1rsele si la continuidad del Pacto depende de los resultados electorales, Preciado recula:<\/p>\n<p>\u201c\u00a1No, yo creo que no!&#8230; no podemos sujetar un acuerdo tan importante como es la transici\u00f3n pol\u00edtica del Estado, en los cuales hay siete temas involucrados que debemos de sacar en este siguiente periodo o en un extraordinario, en funci\u00f3n de un resultado electoral\u201d, aclara.<\/p>\n<p>Pero casi de inmediato vuelve a amagar:<\/p>\n<p>\u00bfY si el proceso electoral no es apegado a la ley y al Derecho como Ustedes dicen que es, qu\u00e9 va a pasar?<\/p>\n<p>\u201cPues el partido tendr\u00e1 que tomar una determinaci\u00f3n\u2026 Y ah\u00ed el presidente Madero tendr\u00e1 que decidir si continuamos en la mesa o no\u201d.<\/p>\n<p>\u00bfPor fin?<\/p>\n<p align=\"center\">\u00a0<b>LO MISMO EN EL PRD<\/b><\/p>\n<p>Esto mismo ocurre en la cancha del PRD donde Jes\u00fas Zambrano lanza la amenazas de retirarse de la mesa del Pacto, para que luego Miguel Barbosa, coordinador de los senadores de este partido diga que no hay que hacerle mucho caso, que todo parte de la necesidad de Zambrano de hacer un discurso aguerrido y nada m\u00e1s, porque nadie dentro del partido del sol azteca est\u00e1 considerando realmente salirse del Pacto.<\/p>\n<p align=\"center\"><b>CAMACHO A LO SUYO<\/b><\/p>\n<p>Mientras esto ocurre en el blanquiazul y en el PRD, el dirigente nacional del PRI, el mexiquense C\u00e9sar Camacho, afirma que su partido acudir\u00e1 a las urnas el 7 de julio con la ley en la mano no s\u00f3lo como un instrumento, sino como escudo.<\/p>\n<p>\u201cY con nuestra capacidad para convencer, a efecto de que los mexicanos se sumen a un proyecto de oportunidades ensanchadas y lo hagan suyo\u201d.<\/p>\n<p>El dirigente no tiene duda de que bajo su conducci\u00f3n el tricolor se levantar\u00e1 la mayor\u00eda de los triunfos en esos comicios porque \u201cno s\u00f3lo tenemos en Palacio Nacional un Presidente de la Rep\u00fablica, sino a alguien que\u00a0 en solamente medio a\u00f1o ha construido un liderazgo con base en las buenas maneras y los muchos resultados\u201d.<\/p>\n<p>Al tomarle protesta a Adri\u00e1n Gallardo Landeros como nuevo presidente de la Fundaci\u00f3n Colosio, el dirigente nacional del PRI reconoci\u00f3 que el pa\u00eds gobernado por Enrique Pe\u00f1a Nieto mantiene desaf\u00edos de grandes proporciones, \u201cpero la actitud es distinta\u2026 advertimos que podemos con ello\u201d.<\/p>\n<p align=\"center\">\u00a0<b>EL PEOR DE LOS ARRANQUES<\/b><\/p>\n<p>En apoyo a un grupo creciente de analistas e instituciones que advierten que M\u00e9xico ha entrado en una recesi\u00f3n inexplicable e inesperada, el PAN adelant\u00f3 una tabla en la que se\u00f1ala que mientras Vicente Fox arranc\u00f3 su sexenio con una aplicaci\u00f3n presupuestal entre enero y abril de 2001 de 4.8 por ciento y Calder\u00f3n lo hizo en ese primer trimestre de 2007 con un avance de 6.1 por ciento, el pri\u00edsta Enrique Pe\u00f1a Nieto lo ha hecho con una ca\u00edda de 7.1 por ciento para meter al pa\u00eds en un hoyo financiero.<\/p>\n<p>Con estas cifras el arranque del Presidente que regres\u00f3 al PRI a Los Pinos, se\u00f1alan los panistas, ha sido el peor inicio de un gobierno en M\u00e9xico durante los \u00faltimos a\u00f1os.<\/p>\n<p align=\"center\">\u00a0<b>ENTREG\u00d3 PROGRAMA<\/b><\/p>\n<p>El Jefe de Gobierno del DF, Miguel \u00c1ngel Mancera envi\u00f3 ayer a su segundo, a H\u00e9ctor Serrano Cort\u00e9s junto con el consejero Jur\u00eddico y de Servicios Legales, Jos\u00e9 Ram\u00f3n Amieva G\u00e1lvez a entregarle al presidente de la Asamblea Legislativa, Manuel Granados el Programa General de Desarrollo del Distrito Federal 2013-2018.<\/p>\n<p>Este programa, que contiene 8 enfoques transversales para atender los 5 ejes estrat\u00e9gicos sobre derechos humanos; igualdad de g\u00e9nero; participaci\u00f3n ciudadana; transparencia; innovaci\u00f3n, ciencia y tecnolog\u00eda; sustentabilidad; desarrollo metropolitano y agenda internacional busca alcanzar \u201cuna ciudad pr\u00f3spera, con armon\u00eda, que encuentre las mejores formas de convivencia y que\u00a0 responda\u00a0 a lo que es nuestra obligaci\u00f3n: atender la demanda social\u201d, afirma Mancera.<\/p>\n<p align=\"center\">\u00a0<b>EN LA FRONTERA SUR<\/b><\/p>\n<p>El\u00a0 hidalguense Miguel \u00c1ngel Osorio Chong, titular de Gobernaci\u00f3n, se fue ayer a Tapachula, Chiapas, para encabezar un encuentro sobre seguridad con los gobernadores del sur.<\/p>\n<p>Junto con los secretarios de la Defensa Nacional, general Salvador Cienfuegos; el de Marina, almirante Vidal Sober\u00f3n S\u00e1nz; el Procurador General de la Rep\u00fablica, Jes\u00fas Murillo Karam; el comisionado Nacional de Seguridad, Manuel Mondrag\u00f3n y Kalb y el director General del CISEN, Eugenio Imaz Gispert, Osorio Chong trabaj\u00f3 con los gobernadores de Campeche, Fernando Ortega Bern\u00e9s;\u00a0 Chiapas, Manuel Velasco Coello; Quintana Roo, Roberto Borge Angulo; Tabasco, Arturo N\u00fa\u00f1ez Jim\u00e9nez, y Veracruz, Javier Duarte de Ochoa.<\/p>\n<p>Ah\u00ed y a nombre del presidente Enrique Pe\u00f1a Nieto, el titular de Gobernaci\u00f3n indic\u00f3 que el gabinete de Seguridad iniciar\u00e1 el registro pormenorizado de los mexicanos y extranjeros que transiten por esa frontera para conocer con exactitud de d\u00f3nde proceden y cu\u00e1l es el destino de cada uno.<\/p>\n<p>Se trata de evitar que quienes crucen por esa frontera\u00a0 \u201csufran o que tengan alg\u00fan problema dentro de nuestro territorio\u2026 no se trata de construir un muro, sino de aplicar pol\u00edticas p\u00fablicas de atenci\u00f3n, de identificaci\u00f3n, de control, que nos permitan saber exactamente lo que sucede en la frontera sur\u201d, se\u00f1al\u00f3.<\/p>\n<p>Luego dio a conocer el plan integral de desarrollo de la zona sur-sureste del pa\u00eds en el cual, afirm\u00f3, \u201cconvergeremos todos en un proyecto integral de mediano y largo plazos para desarrollar esta regi\u00f3n\u201d, les dijo.<\/p>\n<p>Para concluir todos ellos realizaron un recorrido por la zona fronteriza donde se comprometieron a trabajar coordinadamente con los gobiernos centroamericanos, especialmente con los de Guatemala y Belice a fin de generar condiciones de bienestar que beneficien a todos los habitantes de esta zona.<\/p>\n<p><em><a href=\"mailto:rvizcaino@gmail.com\" target=\"_blank\">rvizcaino@gmail.com<\/a><\/em><\/p>\n","protected":false},"excerpt":{"rendered":"<p><span style=\"color: #005497;\"><strong>Roberto Vizca\u00edno<\/strong><\/span><\/p>\n","protected":false},"author":3,"featured_media":135259,"comment_status":"open","ping_status":"open","sticky":false,"template":"","format":"standard","meta":{"_monsterinsights_skip_tracking":false,"_monsterinsights_sitenote_active":false,"_monsterinsights_sitenote_note":"","_monsterinsights_sitenote_category":0,"footnotes":""},"categories":[136],"tags":[18,43674,91,211,362,93,94],"class_list":["post-135131","post","type-post","status-publish","format-standard","has-post-thumbnail","hentry","category-roberto-vizcaino-opinion","tag-enrique-pena-nieto","tag-opinion","tag-pan","tag-prd","tag-pri","tag-roberto-vizcaino","tag-tras-la-puerta-del-poder"],"_links":{"self":[{"href":"https:\/\/www.diarioimagen.net\/index.php?rest_route=\/wp\/v2\/posts\/135131","targetHints":{"allow":["GET"]}}],"collection":[{"href":"https:\/\/www.diarioimagen.net\/index.php?rest_route=\/wp\/v2\/posts"}],"about":[{"href":"https:\/\/www.diarioimagen.net\/index.php?rest_route=\/wp\/v2\/types\/post"}],"author":[{"embeddable":true,"href":"https:\/\/www.diarioimagen.net\/index.php?rest_route=\/wp\/v2\/users\/3"}],"replies":[{"embeddable":true,"href":"https:\/\/www.diarioimagen.net\/index.php?rest_route=%2Fwp%2Fv2%2Fcomments&post=135131"}],"version-history":[{"count":0,"href":"https:\/\/www.diarioimagen.net\/index.php?rest_route=\/wp\/v2\/posts\/135131\/revisions"}],"wp:featuredmedia":[{"embeddable":true,"href":"https:\/\/www.diarioimagen.net\/index.php?rest_route=\/wp\/v2\/media\/135259"}],"wp:attachment":[{"href":"https:\/\/www.diarioimagen.net\/index.php?rest_route=%2Fwp%2Fv2%2Fmedia&parent=135131"}],"wp:term":[{"taxonomy":"category","embeddable":true,"href":"https:\/\/www.diarioimagen.net\/index.php?rest_route=%2Fwp%2Fv2%2Fcategories&post=135131"},{"taxonomy":"post_tag","embeddable":true,"href":"https:\/\/www.diarioimagen.net\/index.php?rest_route=%2Fwp%2Fv2%2Ftags&post=135131"}],"curies":[{"name":"wp","href":"https:\/\/api.w.org\/{rel}","templated":true}]}}